{"id":26981,"date":"2026-03-11T22:10:41","date_gmt":"2026-03-11T22:10:41","guid":{"rendered":"https:\/\/acronoticias.com\/index.php\/2026\/03\/11\/nunca-imagine-que-seria-tan-traumatico-lograr-algo-tan-sencillo-como-cumplir-la-ley-el-nuevo-diario-republica-dominicana\/"},"modified":"2026-03-11T22:10:41","modified_gmt":"2026-03-11T22:10:41","slug":"nunca-imagine-que-seria-tan-traumatico-lograr-algo-tan-sencillo-como-cumplir-la-ley-el-nuevo-diario-republica-dominicana","status":"publish","type":"post","link":"https:\/\/acronoticias.com\/index.php\/2026\/03\/11\/nunca-imagine-que-seria-tan-traumatico-lograr-algo-tan-sencillo-como-cumplir-la-ley-el-nuevo-diario-republica-dominicana\/","title":{"rendered":"\u00abNunca imagin\u00e9 que ser\u00eda tan traum\u00e1tico lograr algo tan sencillo como cumplir la ley\u00bb \u2013 El Nuevo Diario (Rep\u00fablica Dominicana)"},"content":{"rendered":"<p><i class=\"bi bi-camera-fill\" style=\"font-size:18px; color:var(--rojo)\"\/> Omar expresa acudieron al TC al no quedarles \u201cotro camino\u201d para aplicar ley. Fuente externa <\/p>\n<div>\n<div id=\"gemini-summary-wrapper\" class=\"mb-3\">\n                <button id=\"btn-get-summary\" class=\"gemini-btn\" data-post-id=\"3045610\" data-post-title=\"Omar: \u00abNunca imagin\u00e9 que ser\u00eda tan traum\u00e1tico lograr algo tan sencillo como cumplir la ley\u00bb\"><br \/>\n                    Leer resumen <b class=\"d-none d-md-inline\">de la noticia<\/b> (IA) <span>CLICK AQU\u00cd<\/span><br \/>\n                <\/button><\/p>\n<div id=\"gemini-loading\" class=\"mb-3\">\n<p>                    <span>Analizando noticia&#8230; por favor espera.<\/span>\n                <\/div>\n<\/p><\/div>\n<p data-start=\"113\" data-end=\"456\">EL NUEVO DIARIO, SANTO DOMINGO.- Luego de acudir al <span class=\"hover:entity-accent entity-underline inline cursor-pointer align-baseline\"><span class=\"whitespace-normal\">Tribunal Constitucional de la Rep\u00fablica Dominicana<\/span><\/span> junto a otros legisladores, el diputado <span class=\"hover:entity-accent entity-underline inline cursor-pointer align-baseline\"><span class=\"whitespace-normal\">Omar Fern\u00e1ndez<\/span><\/span> expres\u00f3 que la decisi\u00f3n responde a que seg\u00fan afirm\u00f3 no les dejaron otra alternativa para procurar el cumplimiento de una disposici\u00f3n que beneficiar\u00eda a los trabajadores.<\/p>\n<p data-start=\"458\" data-end=\"688\">A trav\u00e9s de un mensaje publicado en sus redes sociales, el legislador manifest\u00f3 que no imagin\u00f3 que resultar\u00eda tan complicado lograr la aplicaci\u00f3n de una medida que a su juicio, es sencilla y que adem\u00e1s est\u00e1 contemplada en la ley.<\/p>\n<p data-start=\"690\" data-end=\"852\">\u201cNunca imagin\u00e9 que ser\u00eda tan traum\u00e1tico lograr algo tan sencillo como cumplir la ley, que por dem\u00e1s, es para beneficio del bolsillo de los trabajadores\u201d, indic\u00f3.<\/p>\n<p data-start=\"854\" data-end=\"1055\">Fern\u00e1ndez tambi\u00e9n critic\u00f3 la postura del Gobierno sobre el tema, se\u00f1alando que en su opini\u00f3n, las autoridades consideran que saben mejor que la ciudadan\u00eda c\u00f3mo utilizar recursos que no les pertenecen.<\/p>\n<p data-start=\"1057\" data-end=\"1255\">Asimismo, reconoci\u00f3 que actualmente no cuentan con la mayor\u00eda necesaria para hacer realidad la iniciativa, aunque asegur\u00f3 que la poblaci\u00f3n no es indiferente ante lo que calific\u00f3 como una injusticia.<\/p>\n<p data-start=\"1257\" data-end=\"1388\" data-is-last-node=\"\" data-is-only-node=\"\">\u201cLas mayor\u00edas van y vienen; lo que realmente transforma las cosas es la coherencia mantenida en el tiempo\u201d, expres\u00f3 el congresista.<\/p>\n<p><h3 class=\"jp-relatedposts-headline\"><em>Relacionado<\/em><\/h3>\n<\/p>\n<p>\t\t\t\t\t\t<!-- .entry-footer --><br \/>\n\t\t\t\t\t\t<!-- \n\n<div data-type=\"_mgwidget\" data-widget-id=\"1743501\"><\/div>\n\n  -->\n\t\t\t\t\t<\/div>\n","protected":false},"excerpt":{"rendered":"<p>Omar expresa acudieron al TC al no quedarles \u201cotro camino\u201d para aplicar ley. Fuente externa Leer resumen de la noticia (IA) CLICK AQU\u00cd Analizando noticia&#8230; por favor espera. EL NUEVO DIARIO, SANTO DOMINGO.- Luego de acudir al Tribunal Constitucional de la Rep\u00fablica Dominicana junto a otros legisladores, el diputado Omar Fern\u00e1ndez expres\u00f3 que la decisi\u00f3n<\/p>\n","protected":false},"author":1,"featured_media":26982,"comment_status":"open","ping_status":"open","sticky":false,"template":"","format":"standard","meta":{"footnotes":""},"categories":[1],"tags":[],"class_list":["post-26981","post","type-post","status-publish","format-standard","has-post-thumbnail","hentry","category-nacionales"],"_links":{"self":[{"href":"https:\/\/acronoticias.com\/index.php\/wp-json\/wp\/v2\/posts\/26981","targetHints":{"allow":["GET"]}}],"collection":[{"href":"https:\/\/acronoticias.com\/index.php\/wp-json\/wp\/v2\/posts"}],"about":[{"href":"https:\/\/acronoticias.com\/index.php\/wp-json\/wp\/v2\/types\/post"}],"author":[{"embeddable":true,"href":"https:\/\/acronoticias.com\/index.php\/wp-json\/wp\/v2\/users\/1"}],"replies":[{"embeddable":true,"href":"https:\/\/acronoticias.com\/index.php\/wp-json\/wp\/v2\/comments?post=26981"}],"version-history":[{"count":0,"href":"https:\/\/acronoticias.com\/index.php\/wp-json\/wp\/v2\/posts\/26981\/revisions"}],"wp:featuredmedia":[{"embeddable":true,"href":"https:\/\/acronoticias.com\/index.php\/wp-json\/wp\/v2\/media\/26982"}],"wp:attachment":[{"href":"https:\/\/acronoticias.com\/index.php\/wp-json\/wp\/v2\/media?parent=26981"}],"wp:term":[{"taxonomy":"category","embeddable":true,"href":"https:\/\/acronoticias.com\/index.php\/wp-json\/wp\/v2\/categories?post=26981"},{"taxonomy":"post_tag","embeddable":true,"href":"https:\/\/acronoticias.com\/index.php\/wp-json\/wp\/v2\/tags?post=26981"}],"curies":[{"name":"wp","href":"https:\/\/api.w.org\/{rel}","templated":true}]}}