{"id":26977,"date":"2026-03-11T21:54:42","date_gmt":"2026-03-11T21:54:42","guid":{"rendered":"https:\/\/acronoticias.com\/index.php\/2026\/03\/11\/presidente-abinader-participo-de-la-investidura-de-su-homologo-chileno-jose-antonio-kast-el-nuevo-diario-republica-dominicana\/"},"modified":"2026-03-11T21:54:42","modified_gmt":"2026-03-11T21:54:42","slug":"presidente-abinader-participo-de-la-investidura-de-su-homologo-chileno-jose-antonio-kast-el-nuevo-diario-republica-dominicana","status":"publish","type":"post","link":"https:\/\/acronoticias.com\/index.php\/2026\/03\/11\/presidente-abinader-participo-de-la-investidura-de-su-homologo-chileno-jose-antonio-kast-el-nuevo-diario-republica-dominicana\/","title":{"rendered":"Presidente Abinader particip\u00f3 de la investidura de su hom\u00f3logo chileno Jos\u00e9 Antonio Kast \u2013 El Nuevo Diario (Rep\u00fablica Dominicana)"},"content":{"rendered":"<p><i class=\"bi bi-camera-fill\" style=\"font-size:18px; color:var(--rojo)\"\/> Luis Abinader en la investidura del presidente de Chile. (Foto: Presidencia)<\/p>\n<div>\n<div id=\"gemini-summary-wrapper\" class=\"mb-3\">\n                <button id=\"btn-get-summary\" class=\"gemini-btn\" data-post-id=\"3045613\" data-post-title=\"Presidente Abinader particip\u00f3 de la investidura de su hom\u00f3logo chileno Jos\u00e9 Antonio Kast\"><br \/>\n                    Leer resumen <b class=\"d-none d-md-inline\">de la noticia<\/b> (IA) <span>CLICK AQU\u00cd<\/span><br \/>\n                <\/button><\/p>\n<div id=\"gemini-loading\" class=\"mb-3\">\n<p>                    <span>Analizando noticia&#8230; por favor espera.<\/span>\n                <\/div>\n<\/p><\/div>\n<p>EL NUEVO DIARIO, CHILE.- El presidente Luis Abinader particip\u00f3 de los actos oficiales de investidura de Jos\u00e9 Antonio Kast Rist como presidente de la Rep\u00fablica de Chile este mi\u00e9rcoles en el Sal\u00f3n de Honor del Congreso Nacional, en Valpara\u00edso.<\/p>\n<p>El jefe de Estado, junto a la primera dama, Raquel Arbaje; su hija Adriana Abinader Arbaje y el ministro de Relaciones Exteriores, Roberto \u00c1lvarez, llegaron al Congreso Nacional Chileno donde les recibi\u00f3 una comisi\u00f3n de senadores y diputados del pa\u00eds sudamericano.<\/p>\n<div class=\"tiled-gallery type-rectangular tiled-gallery-unresized\" data-original-width=\"640\" data-carousel-extra=\"null\" itemscope=\"\" itemtype=\"http:\/\/schema.org\/ImageGallery\">\n<div class=\"gallery-row\" style=\"width: 640px; height: 215px;\" data-original-width=\"640\" data-original-height=\"215\">\n<div class=\"gallery-group images-1\" style=\"width: 320px; height: 215px;\" data-original-width=\"320\" data-original-height=\"215\">\n<div class=\"tiled-gallery-item tiled-gallery-item-large\" itemprop=\"associatedMedia\" itemscope=\"\" itemtype=\"http:\/\/schema.org\/ImageObject\"> <a href=\"https:\/\/elnuevodiario.com.do\/presidente-abinader-participo-de-la-investidura-de-su-homologo-chileno-jose-antonio-kast\/presidente-abinader-participo-de-la-investidura-de-su-homologo-chileno-jose-antonio-kast-1\/\" border=\"0\" itemprop=\"url\"> <meta itemprop=\"width\" content=\"316\"\/> <meta itemprop=\"height\" content=\"211\"\/> <img decoding=\"async\" class=\"\" data-attachment-id=\"3045621\" src=\"https:\/\/nuevodiario-assets.s3.us-east-2.amazonaws.com\/wp-content\/uploads\/2026\/03\/Presidente-Abinader-participo-de-la-investidura-de-su-homologo-chileno-Jose-Antonio-Kast-1.jpeg\" data-orig-size=\"1600,1066\" data-comments-opened=\"\" data-image-meta=\"{&quot;aperture&quot;:&quot;0&quot;,&quot;credit&quot;:&quot;&quot;,&quot;camera&quot;:&quot;&quot;,&quot;caption&quot;:&quot;&quot;,&quot;created_timestamp&quot;:&quot;0&quot;,&quot;copyright&quot;:&quot;&quot;,&quot;focal_length&quot;:&quot;0&quot;,&quot;iso&quot;:&quot;0&quot;,&quot;shutter_speed&quot;:&quot;0&quot;,&quot;title&quot;:&quot;&quot;,&quot;orientation&quot;:&quot;0&quot;}\" data-image-title=\"Presidente Abinader particip\u00f3 de la investidura de su hom\u00f3logo chileno Jos\u00e9 Antonio Kast (1)\" data-image-description=\"\" data-medium-file=\"https:\/\/i0.wp.com\/nuevodiario-assets.s3.us-east-2.amazonaws.com\/wp-content\/uploads\/2026\/03\/Presidente-Abinader-participo-de-la-investidura-de-su-homologo-chileno-Jose-Antonio-Kast-1.jpeg?fit=400%2C267&amp;quality=100&amp;ssl=1\" data-large-file=\"https:\/\/i0.wp.com\/nuevodiario-assets.s3.us-east-2.amazonaws.com\/wp-content\/uploads\/2026\/03\/Presidente-Abinader-participo-de-la-investidura-de-su-homologo-chileno-Jose-Antonio-Kast-1.jpeg?fit=640%2C426&amp;quality=100&amp;ssl=1\" srcset=\"https:\/\/nuevodiario-assets.s3.us-east-2.amazonaws.com\/wp-content\/uploads\/2026\/03\/Presidente-Abinader-participo-de-la-investidura-de-su-homologo-chileno-Jose-Antonio-Kast-1.jpeg 1600w, https:\/\/nuevodiario-assets.s3.us-east-2.amazonaws.com\/wp-content\/uploads\/2026\/03\/Presidente-Abinader-participo-de-la-investidura-de-su-homologo-chileno-Jose-Antonio-Kast-1.jpeg 400w, https:\/\/nuevodiario-assets.s3.us-east-2.amazonaws.com\/wp-content\/uploads\/2026\/03\/Presidente-Abinader-participo-de-la-investidura-de-su-homologo-chileno-Jose-Antonio-Kast-1.jpeg 800w, https:\/\/nuevodiario-assets.s3.us-east-2.amazonaws.com\/wp-content\/uploads\/2026\/03\/Presidente-Abinader-participo-de-la-investidura-de-su-homologo-chileno-Jose-Antonio-Kast-1.jpeg 768w, https:\/\/nuevodiario-assets.s3.us-east-2.amazonaws.com\/wp-content\/uploads\/2026\/03\/Presidente-Abinader-participo-de-la-investidura-de-su-homologo-chileno-Jose-Antonio-Kast-1.jpeg 1536w, https:\/\/nuevodiario-assets.s3.us-east-2.amazonaws.com\/wp-content\/uploads\/2026\/03\/Presidente-Abinader-participo-de-la-investidura-de-su-homologo-chileno-Jose-Antonio-Kast-1.jpeg 410w, https:\/\/nuevodiario-assets.s3.us-east-2.amazonaws.com\/wp-content\/uploads\/2026\/03\/Presidente-Abinader-participo-de-la-investidura-de-su-homologo-chileno-Jose-Antonio-Kast-1.jpeg 600w, https:\/\/nuevodiario-assets.s3.us-east-2.amazonaws.com\/wp-content\/uploads\/2026\/03\/Presidente-Abinader-participo-de-la-investidura-de-su-homologo-chileno-Jose-Antonio-Kast-1.jpeg 1280w\" width=\"316\" height=\"211\" loading=\"lazy\" data-original-width=\"316\" data-original-height=\"211\" itemprop=\"http:\/\/schema.org\/image\" title=\"Presidente Abinader particip\u00f3 de la investidura de su hom\u00f3logo chileno Jos\u00e9 Antonio Kast (1)\" alt=\"Presidente Abinader particip\u00f3 de la investidura de su hom\u00f3logo chileno Jos\u00e9 Antonio Kast (1)\" style=\"width: 316px; height: 211px;\"\/> <\/a> <\/div>\n<\/p><\/div>\n<p> <!-- close group --> <\/p>\n<div class=\"gallery-group images-1\" style=\"width: 320px; height: 215px;\" data-original-width=\"320\" data-original-height=\"215\">\n<div class=\"tiled-gallery-item tiled-gallery-item-large\" itemprop=\"associatedMedia\" itemscope=\"\" itemtype=\"http:\/\/schema.org\/ImageObject\"> <a href=\"https:\/\/elnuevodiario.com.do\/presidente-abinader-participo-de-la-investidura-de-su-homologo-chileno-jose-antonio-kast\/presidente-abinader-participo-de-la-investidura-de-su-homologo-chileno-jose-antonio-kast-2\/\" border=\"0\" itemprop=\"url\"> <meta itemprop=\"width\" content=\"316\"\/> <meta itemprop=\"height\" content=\"211\"\/> <img decoding=\"async\" class=\"\" data-attachment-id=\"3045622\" src=\"https:\/\/nuevodiario-assets.s3.us-east-2.amazonaws.com\/wp-content\/uploads\/2026\/03\/Presidente-Abinader-participo-de-la-investidura-de-su-homologo-chileno-Jose-Antonio-Kast-2.jpeg\" data-orig-size=\"1600,1068\" data-comments-opened=\"\" data-image-meta=\"{&quot;aperture&quot;:&quot;0&quot;,&quot;credit&quot;:&quot;&quot;,&quot;camera&quot;:&quot;&quot;,&quot;caption&quot;:&quot;&quot;,&quot;created_timestamp&quot;:&quot;0&quot;,&quot;copyright&quot;:&quot;&quot;,&quot;focal_length&quot;:&quot;0&quot;,&quot;iso&quot;:&quot;0&quot;,&quot;shutter_speed&quot;:&quot;0&quot;,&quot;title&quot;:&quot;&quot;,&quot;orientation&quot;:&quot;0&quot;}\" data-image-title=\"Presidente Abinader particip\u00f3 de la investidura de su hom\u00f3logo chileno Jos\u00e9 Antonio Kast (2)\" data-image-description=\"\" data-medium-file=\"https:\/\/i0.wp.com\/nuevodiario-assets.s3.us-east-2.amazonaws.com\/wp-content\/uploads\/2026\/03\/Presidente-Abinader-participo-de-la-investidura-de-su-homologo-chileno-Jose-Antonio-Kast-2.jpeg?fit=400%2C267&amp;quality=100&amp;ssl=1\" data-large-file=\"https:\/\/i0.wp.com\/nuevodiario-assets.s3.us-east-2.amazonaws.com\/wp-content\/uploads\/2026\/03\/Presidente-Abinader-participo-de-la-investidura-de-su-homologo-chileno-Jose-Antonio-Kast-2.jpeg?fit=640%2C427&amp;quality=100&amp;ssl=1\" srcset=\"https:\/\/nuevodiario-assets.s3.us-east-2.amazonaws.com\/wp-content\/uploads\/2026\/03\/Presidente-Abinader-participo-de-la-investidura-de-su-homologo-chileno-Jose-Antonio-Kast-2.jpeg 1600w, https:\/\/nuevodiario-assets.s3.us-east-2.amazonaws.com\/wp-content\/uploads\/2026\/03\/Presidente-Abinader-participo-de-la-investidura-de-su-homologo-chileno-Jose-Antonio-Kast-2.jpeg 400w, https:\/\/nuevodiario-assets.s3.us-east-2.amazonaws.com\/wp-content\/uploads\/2026\/03\/Presidente-Abinader-participo-de-la-investidura-de-su-homologo-chileno-Jose-Antonio-Kast-2.jpeg 800w, https:\/\/nuevodiario-assets.s3.us-east-2.amazonaws.com\/wp-content\/uploads\/2026\/03\/Presidente-Abinader-participo-de-la-investidura-de-su-homologo-chileno-Jose-Antonio-Kast-2.jpeg 768w, https:\/\/nuevodiario-assets.s3.us-east-2.amazonaws.com\/wp-content\/uploads\/2026\/03\/Presidente-Abinader-participo-de-la-investidura-de-su-homologo-chileno-Jose-Antonio-Kast-2.jpeg 1536w, https:\/\/nuevodiario-assets.s3.us-east-2.amazonaws.com\/wp-content\/uploads\/2026\/03\/Presidente-Abinader-participo-de-la-investidura-de-su-homologo-chileno-Jose-Antonio-Kast-2.jpeg 410w, https:\/\/nuevodiario-assets.s3.us-east-2.amazonaws.com\/wp-content\/uploads\/2026\/03\/Presidente-Abinader-participo-de-la-investidura-de-su-homologo-chileno-Jose-Antonio-Kast-2.jpeg 600w, https:\/\/nuevodiario-assets.s3.us-east-2.amazonaws.com\/wp-content\/uploads\/2026\/03\/Presidente-Abinader-participo-de-la-investidura-de-su-homologo-chileno-Jose-Antonio-Kast-2.jpeg 1280w\" width=\"316\" height=\"211\" loading=\"lazy\" data-original-width=\"316\" data-original-height=\"211\" itemprop=\"http:\/\/schema.org\/image\" title=\"Presidente Abinader particip\u00f3 de la investidura de su hom\u00f3logo chileno Jos\u00e9 Antonio Kast (2)\" alt=\"Presidente Abinader particip\u00f3 de la investidura de su hom\u00f3logo chileno Jos\u00e9 Antonio Kast (2)\" style=\"width: 316px; height: 211px;\"\/> <\/a> <\/div>\n<\/p><\/div>\n<p> <!-- close group --> <\/div>\n<p> <!-- close row --> <\/div>\n<p>Tambi\u00e9n particip\u00f3 como invitado especial el ministro de Vivienda y Edificaciones, V\u00edctor-Ito- Bison\u00f3.<\/p>\n<p>Tras los honores de estilo, el gobernante dominicano y su comitiva ingresaron al Sal\u00f3n de Honor, donde se produjo la investidura de Kast.<\/p>\n<div class=\"tiled-gallery type-rectangular tiled-gallery-unresized\" data-original-width=\"640\" data-carousel-extra=\"null\" itemscope=\"\" itemtype=\"http:\/\/schema.org\/ImageGallery\">\n<div class=\"gallery-row\" style=\"width: 640px; height: 296px;\" data-original-width=\"640\" data-original-height=\"296\">\n<div class=\"gallery-group images-1\" style=\"width: 198px; height: 296px;\" data-original-width=\"198\" data-original-height=\"296\">\n<div class=\"tiled-gallery-item tiled-gallery-item-small\" itemprop=\"associatedMedia\" itemscope=\"\" itemtype=\"http:\/\/schema.org\/ImageObject\"> <a href=\"https:\/\/elnuevodiario.com.do\/presidente-abinader-participo-de-la-investidura-de-su-homologo-chileno-jose-antonio-kast\/presidente-abinader-participo-de-la-investidura-de-su-homologo-chileno-jose-antonio-kast-4\/\" border=\"0\" itemprop=\"url\"> <meta itemprop=\"width\" content=\"194\"\/> <meta itemprop=\"height\" content=\"292\"\/> <img decoding=\"async\" class=\"\" data-attachment-id=\"3045626\" src=\"https:\/\/nuevodiario-assets.s3.us-east-2.amazonaws.com\/wp-content\/uploads\/2026\/03\/Presidente-Abinader-participo-de-la-investidura-de-su-homologo-chileno-Jose-Antonio-Kast-4.jpeg\" data-orig-size=\"1066,1600\" data-comments-opened=\"\" data-image-meta=\"{&quot;aperture&quot;:&quot;0&quot;,&quot;credit&quot;:&quot;&quot;,&quot;camera&quot;:&quot;&quot;,&quot;caption&quot;:&quot;&quot;,&quot;created_timestamp&quot;:&quot;0&quot;,&quot;copyright&quot;:&quot;&quot;,&quot;focal_length&quot;:&quot;0&quot;,&quot;iso&quot;:&quot;0&quot;,&quot;shutter_speed&quot;:&quot;0&quot;,&quot;title&quot;:&quot;&quot;,&quot;orientation&quot;:&quot;0&quot;}\" data-image-title=\"Presidente Abinader particip\u00f3 de la investidura de su hom\u00f3logo chileno Jos\u00e9 Antonio Kast (4)\" data-image-description=\"\" data-medium-file=\"https:\/\/i0.wp.com\/nuevodiario-assets.s3.us-east-2.amazonaws.com\/wp-content\/uploads\/2026\/03\/Presidente-Abinader-participo-de-la-investidura-de-su-homologo-chileno-Jose-Antonio-Kast-4.jpeg?fit=267%2C400&amp;quality=100&amp;ssl=1\" data-large-file=\"https:\/\/i0.wp.com\/nuevodiario-assets.s3.us-east-2.amazonaws.com\/wp-content\/uploads\/2026\/03\/Presidente-Abinader-participo-de-la-investidura-de-su-homologo-chileno-Jose-Antonio-Kast-4.jpeg?fit=533%2C800&amp;quality=100&amp;ssl=1\" srcset=\"https:\/\/nuevodiario-assets.s3.us-east-2.amazonaws.com\/wp-content\/uploads\/2026\/03\/Presidente-Abinader-participo-de-la-investidura-de-su-homologo-chileno-Jose-Antonio-Kast-4.jpeg 1066w, https:\/\/nuevodiario-assets.s3.us-east-2.amazonaws.com\/wp-content\/uploads\/2026\/03\/Presidente-Abinader-participo-de-la-investidura-de-su-homologo-chileno-Jose-Antonio-Kast-4.jpeg 267w, https:\/\/nuevodiario-assets.s3.us-east-2.amazonaws.com\/wp-content\/uploads\/2026\/03\/Presidente-Abinader-participo-de-la-investidura-de-su-homologo-chileno-Jose-Antonio-Kast-4.jpeg 533w, https:\/\/nuevodiario-assets.s3.us-east-2.amazonaws.com\/wp-content\/uploads\/2026\/03\/Presidente-Abinader-participo-de-la-investidura-de-su-homologo-chileno-Jose-Antonio-Kast-4.jpeg 768w, https:\/\/nuevodiario-assets.s3.us-east-2.amazonaws.com\/wp-content\/uploads\/2026\/03\/Presidente-Abinader-participo-de-la-investidura-de-su-homologo-chileno-Jose-Antonio-Kast-4.jpeg 1023w, https:\/\/nuevodiario-assets.s3.us-east-2.amazonaws.com\/wp-content\/uploads\/2026\/03\/Presidente-Abinader-participo-de-la-investidura-de-su-homologo-chileno-Jose-Antonio-Kast-4.jpeg 600w\" width=\"194\" height=\"292\" loading=\"lazy\" data-original-width=\"194\" data-original-height=\"292\" itemprop=\"http:\/\/schema.org\/image\" title=\"Presidente Abinader particip\u00f3 de la investidura de su hom\u00f3logo chileno Jos\u00e9 Antonio Kast (4)\" alt=\"Presidente Abinader particip\u00f3 de la investidura de su hom\u00f3logo chileno Jos\u00e9 Antonio Kast (4)\" style=\"width: 194px; height: 292px;\"\/> <\/a> <\/div>\n<\/p><\/div>\n<p> <!-- close group --> <\/p>\n<div class=\"gallery-group images-1\" style=\"width: 442px; height: 296px;\" data-original-width=\"442\" data-original-height=\"296\">\n<div class=\"tiled-gallery-item tiled-gallery-item-large\" itemprop=\"associatedMedia\" itemscope=\"\" itemtype=\"http:\/\/schema.org\/ImageObject\"> <a href=\"https:\/\/elnuevodiario.com.do\/presidente-abinader-participo-de-la-investidura-de-su-homologo-chileno-jose-antonio-kast\/presidente-abinader-participo-de-la-investidura-de-su-homologo-chileno-jose-antonio-kast-5\/\" border=\"0\" itemprop=\"url\"> <meta itemprop=\"width\" content=\"438\"\/> <meta itemprop=\"height\" content=\"292\"\/> <img decoding=\"async\" class=\"\" data-attachment-id=\"3045627\" src=\"https:\/\/nuevodiario-assets.s3.us-east-2.amazonaws.com\/wp-content\/uploads\/2026\/03\/Presidente-Abinader-participo-de-la-investidura-de-su-homologo-chileno-Jose-Antonio-Kast-5.jpeg\" data-orig-size=\"1600,1066\" data-comments-opened=\"\" data-image-meta=\"{&quot;aperture&quot;:&quot;0&quot;,&quot;credit&quot;:&quot;&quot;,&quot;camera&quot;:&quot;&quot;,&quot;caption&quot;:&quot;&quot;,&quot;created_timestamp&quot;:&quot;0&quot;,&quot;copyright&quot;:&quot;&quot;,&quot;focal_length&quot;:&quot;0&quot;,&quot;iso&quot;:&quot;0&quot;,&quot;shutter_speed&quot;:&quot;0&quot;,&quot;title&quot;:&quot;&quot;,&quot;orientation&quot;:&quot;0&quot;}\" data-image-title=\"Presidente Abinader particip\u00f3 de la investidura de su hom\u00f3logo chileno Jos\u00e9 Antonio Kast (5)\" data-image-description=\"\" data-medium-file=\"https:\/\/i0.wp.com\/nuevodiario-assets.s3.us-east-2.amazonaws.com\/wp-content\/uploads\/2026\/03\/Presidente-Abinader-participo-de-la-investidura-de-su-homologo-chileno-Jose-Antonio-Kast-5.jpeg?fit=400%2C267&amp;quality=100&amp;ssl=1\" data-large-file=\"https:\/\/i0.wp.com\/nuevodiario-assets.s3.us-east-2.amazonaws.com\/wp-content\/uploads\/2026\/03\/Presidente-Abinader-participo-de-la-investidura-de-su-homologo-chileno-Jose-Antonio-Kast-5.jpeg?fit=640%2C426&amp;quality=100&amp;ssl=1\" srcset=\"https:\/\/nuevodiario-assets.s3.us-east-2.amazonaws.com\/wp-content\/uploads\/2026\/03\/Presidente-Abinader-participo-de-la-investidura-de-su-homologo-chileno-Jose-Antonio-Kast-5.jpeg 1600w, https:\/\/nuevodiario-assets.s3.us-east-2.amazonaws.com\/wp-content\/uploads\/2026\/03\/Presidente-Abinader-participo-de-la-investidura-de-su-homologo-chileno-Jose-Antonio-Kast-5.jpeg 400w, https:\/\/nuevodiario-assets.s3.us-east-2.amazonaws.com\/wp-content\/uploads\/2026\/03\/Presidente-Abinader-participo-de-la-investidura-de-su-homologo-chileno-Jose-Antonio-Kast-5.jpeg 800w, https:\/\/nuevodiario-assets.s3.us-east-2.amazonaws.com\/wp-content\/uploads\/2026\/03\/Presidente-Abinader-participo-de-la-investidura-de-su-homologo-chileno-Jose-Antonio-Kast-5.jpeg 768w, https:\/\/nuevodiario-assets.s3.us-east-2.amazonaws.com\/wp-content\/uploads\/2026\/03\/Presidente-Abinader-participo-de-la-investidura-de-su-homologo-chileno-Jose-Antonio-Kast-5.jpeg 1536w, https:\/\/nuevodiario-assets.s3.us-east-2.amazonaws.com\/wp-content\/uploads\/2026\/03\/Presidente-Abinader-participo-de-la-investidura-de-su-homologo-chileno-Jose-Antonio-Kast-5.jpeg 600w, https:\/\/nuevodiario-assets.s3.us-east-2.amazonaws.com\/wp-content\/uploads\/2026\/03\/Presidente-Abinader-participo-de-la-investidura-de-su-homologo-chileno-Jose-Antonio-Kast-5.jpeg 1280w\" width=\"438\" height=\"292\" loading=\"lazy\" data-original-width=\"438\" data-original-height=\"292\" itemprop=\"http:\/\/schema.org\/image\" title=\"Presidente Abinader particip\u00f3 de la investidura de su hom\u00f3logo chileno Jos\u00e9 Antonio Kast (5)\" alt=\"Presidente Abinader particip\u00f3 de la investidura de su hom\u00f3logo chileno Jos\u00e9 Antonio Kast (5)\" style=\"width: 438px; height: 292px;\"\/> <\/a> <\/div>\n<\/p><\/div>\n<p> <!-- close group --> <\/div>\n<p> <!-- close row --> <\/div>\n<p>Luego, asistieron al almuerzo ofrecido por el gobernante y la primera dama, Mar\u00eda P\u00eda Adriasola de Kast, en honor de los jefes de Estado y de Gobierno, vicepresidentes y\/o primeros ministros e invitados especiales a la investidura en el Palacio Cerro Castillo, Vi\u00f1a del Mar.<\/p>\n<div class=\"tiled-gallery type-rectangular tiled-gallery-unresized\" data-original-width=\"640\" data-carousel-extra=\"null\" itemscope=\"\" itemtype=\"http:\/\/schema.org\/ImageGallery\">\n<div class=\"gallery-row\" style=\"width: 640px; height: 215px;\" data-original-width=\"640\" data-original-height=\"215\">\n<div class=\"gallery-group images-1\" style=\"width: 320px; height: 215px;\" data-original-width=\"320\" data-original-height=\"215\">\n<div class=\"tiled-gallery-item tiled-gallery-item-large\" itemprop=\"associatedMedia\" itemscope=\"\" itemtype=\"http:\/\/schema.org\/ImageObject\"> <a href=\"https:\/\/elnuevodiario.com.do\/presidente-abinader-participo-de-la-investidura-de-su-homologo-chileno-jose-antonio-kast\/presidente-abinader-participo-de-la-investidura-de-su-homologo-chileno-jose-antonio-kast-8\/\" border=\"0\" itemprop=\"url\"> <meta itemprop=\"width\" content=\"316\"\/> <meta itemprop=\"height\" content=\"211\"\/> <img decoding=\"async\" class=\"\" data-attachment-id=\"3045628\" src=\"https:\/\/nuevodiario-assets.s3.us-east-2.amazonaws.com\/wp-content\/uploads\/2026\/03\/Presidente-Abinader-participo-de-la-investidura-de-su-homologo-chileno-Jose-Antonio-Kast-8.jpeg\" data-orig-size=\"1600,1066\" data-comments-opened=\"\" data-image-meta=\"{&quot;aperture&quot;:&quot;0&quot;,&quot;credit&quot;:&quot;&quot;,&quot;camera&quot;:&quot;&quot;,&quot;caption&quot;:&quot;&quot;,&quot;created_timestamp&quot;:&quot;0&quot;,&quot;copyright&quot;:&quot;&quot;,&quot;focal_length&quot;:&quot;0&quot;,&quot;iso&quot;:&quot;0&quot;,&quot;shutter_speed&quot;:&quot;0&quot;,&quot;title&quot;:&quot;&quot;,&quot;orientation&quot;:&quot;0&quot;}\" data-image-title=\"Presidente Abinader particip\u00f3 de la investidura de su hom\u00f3logo chileno Jos\u00e9 Antonio Kast (8)\" data-image-description=\"\" data-medium-file=\"https:\/\/i0.wp.com\/nuevodiario-assets.s3.us-east-2.amazonaws.com\/wp-content\/uploads\/2026\/03\/Presidente-Abinader-participo-de-la-investidura-de-su-homologo-chileno-Jose-Antonio-Kast-8.jpeg?fit=400%2C267&amp;quality=100&amp;ssl=1\" data-large-file=\"https:\/\/i0.wp.com\/nuevodiario-assets.s3.us-east-2.amazonaws.com\/wp-content\/uploads\/2026\/03\/Presidente-Abinader-participo-de-la-investidura-de-su-homologo-chileno-Jose-Antonio-Kast-8.jpeg?fit=640%2C426&amp;quality=100&amp;ssl=1\" srcset=\"https:\/\/nuevodiario-assets.s3.us-east-2.amazonaws.com\/wp-content\/uploads\/2026\/03\/Presidente-Abinader-participo-de-la-investidura-de-su-homologo-chileno-Jose-Antonio-Kast-8.jpeg 1600w, https:\/\/nuevodiario-assets.s3.us-east-2.amazonaws.com\/wp-content\/uploads\/2026\/03\/Presidente-Abinader-participo-de-la-investidura-de-su-homologo-chileno-Jose-Antonio-Kast-8.jpeg 400w, https:\/\/nuevodiario-assets.s3.us-east-2.amazonaws.com\/wp-content\/uploads\/2026\/03\/Presidente-Abinader-participo-de-la-investidura-de-su-homologo-chileno-Jose-Antonio-Kast-8.jpeg 800w, https:\/\/nuevodiario-assets.s3.us-east-2.amazonaws.com\/wp-content\/uploads\/2026\/03\/Presidente-Abinader-participo-de-la-investidura-de-su-homologo-chileno-Jose-Antonio-Kast-8.jpeg 768w, https:\/\/nuevodiario-assets.s3.us-east-2.amazonaws.com\/wp-content\/uploads\/2026\/03\/Presidente-Abinader-participo-de-la-investidura-de-su-homologo-chileno-Jose-Antonio-Kast-8.jpeg 1536w, https:\/\/nuevodiario-assets.s3.us-east-2.amazonaws.com\/wp-content\/uploads\/2026\/03\/Presidente-Abinader-participo-de-la-investidura-de-su-homologo-chileno-Jose-Antonio-Kast-8.jpeg 410w, https:\/\/nuevodiario-assets.s3.us-east-2.amazonaws.com\/wp-content\/uploads\/2026\/03\/Presidente-Abinader-participo-de-la-investidura-de-su-homologo-chileno-Jose-Antonio-Kast-8.jpeg 600w, https:\/\/nuevodiario-assets.s3.us-east-2.amazonaws.com\/wp-content\/uploads\/2026\/03\/Presidente-Abinader-participo-de-la-investidura-de-su-homologo-chileno-Jose-Antonio-Kast-8.jpeg 1280w\" width=\"316\" height=\"211\" loading=\"lazy\" data-original-width=\"316\" data-original-height=\"211\" itemprop=\"http:\/\/schema.org\/image\" title=\"Presidente Abinader particip\u00f3 de la investidura de su hom\u00f3logo chileno Jos\u00e9 Antonio Kast (8)\" alt=\"Presidente Abinader particip\u00f3 de la investidura de su hom\u00f3logo chileno Jos\u00e9 Antonio Kast (8)\" style=\"width: 316px; height: 211px;\"\/> <\/a> <\/div>\n<\/p><\/div>\n<p> <!-- close group --> <\/p>\n<div class=\"gallery-group images-1\" style=\"width: 320px; height: 215px;\" data-original-width=\"320\" data-original-height=\"215\">\n<div class=\"tiled-gallery-item tiled-gallery-item-large\" itemprop=\"associatedMedia\" itemscope=\"\" itemtype=\"http:\/\/schema.org\/ImageObject\"> <a href=\"https:\/\/elnuevodiario.com.do\/presidente-abinader-participo-de-la-investidura-de-su-homologo-chileno-jose-antonio-kast\/presidente-abinader-participo-de-la-investidura-de-su-homologo-chileno-jose-antonio-kast-9\/\" border=\"0\" itemprop=\"url\"> <meta itemprop=\"width\" content=\"316\"\/> <meta itemprop=\"height\" content=\"211\"\/> <img decoding=\"async\" class=\"\" data-attachment-id=\"3045629\" src=\"https:\/\/nuevodiario-assets.s3.us-east-2.amazonaws.com\/wp-content\/uploads\/2026\/03\/Presidente-Abinader-participo-de-la-investidura-de-su-homologo-chileno-Jose-Antonio-Kast-9.jpeg\" data-orig-size=\"1280,853\" data-comments-opened=\"\" data-image-meta=\"{&quot;aperture&quot;:&quot;0&quot;,&quot;credit&quot;:&quot;&quot;,&quot;camera&quot;:&quot;&quot;,&quot;caption&quot;:&quot;&quot;,&quot;created_timestamp&quot;:&quot;0&quot;,&quot;copyright&quot;:&quot;&quot;,&quot;focal_length&quot;:&quot;0&quot;,&quot;iso&quot;:&quot;0&quot;,&quot;shutter_speed&quot;:&quot;0&quot;,&quot;title&quot;:&quot;&quot;,&quot;orientation&quot;:&quot;0&quot;}\" data-image-title=\"Presidente Abinader particip\u00f3 de la investidura de su hom\u00f3logo chileno Jos\u00e9 Antonio Kast (9)\" data-image-description=\"\" data-medium-file=\"https:\/\/i0.wp.com\/nuevodiario-assets.s3.us-east-2.amazonaws.com\/wp-content\/uploads\/2026\/03\/Presidente-Abinader-participo-de-la-investidura-de-su-homologo-chileno-Jose-Antonio-Kast-9.jpeg?fit=400%2C267&amp;quality=100&amp;ssl=1\" data-large-file=\"https:\/\/i0.wp.com\/nuevodiario-assets.s3.us-east-2.amazonaws.com\/wp-content\/uploads\/2026\/03\/Presidente-Abinader-participo-de-la-investidura-de-su-homologo-chileno-Jose-Antonio-Kast-9.jpeg?fit=640%2C426&amp;quality=100&amp;ssl=1\" srcset=\"https:\/\/nuevodiario-assets.s3.us-east-2.amazonaws.com\/wp-content\/uploads\/2026\/03\/Presidente-Abinader-participo-de-la-investidura-de-su-homologo-chileno-Jose-Antonio-Kast-9.jpeg 1280w, https:\/\/nuevodiario-assets.s3.us-east-2.amazonaws.com\/wp-content\/uploads\/2026\/03\/Presidente-Abinader-participo-de-la-investidura-de-su-homologo-chileno-Jose-Antonio-Kast-9.jpeg 400w, https:\/\/nuevodiario-assets.s3.us-east-2.amazonaws.com\/wp-content\/uploads\/2026\/03\/Presidente-Abinader-participo-de-la-investidura-de-su-homologo-chileno-Jose-Antonio-Kast-9.jpeg 800w, https:\/\/nuevodiario-assets.s3.us-east-2.amazonaws.com\/wp-content\/uploads\/2026\/03\/Presidente-Abinader-participo-de-la-investidura-de-su-homologo-chileno-Jose-Antonio-Kast-9.jpeg 768w, https:\/\/nuevodiario-assets.s3.us-east-2.amazonaws.com\/wp-content\/uploads\/2026\/03\/Presidente-Abinader-participo-de-la-investidura-de-su-homologo-chileno-Jose-Antonio-Kast-9.jpeg 410w, https:\/\/nuevodiario-assets.s3.us-east-2.amazonaws.com\/wp-content\/uploads\/2026\/03\/Presidente-Abinader-participo-de-la-investidura-de-su-homologo-chileno-Jose-Antonio-Kast-9.jpeg 600w\" width=\"316\" height=\"211\" loading=\"lazy\" data-original-width=\"316\" data-original-height=\"211\" itemprop=\"http:\/\/schema.org\/image\" title=\"Presidente Abinader particip\u00f3 de la investidura de su hom\u00f3logo chileno Jos\u00e9 Antonio Kast (9)\" alt=\"Presidente Abinader particip\u00f3 de la investidura de su hom\u00f3logo chileno Jos\u00e9 Antonio Kast (9)\" style=\"width: 316px; height: 211px;\"\/> <\/a> <\/div>\n<\/p><\/div>\n<p> <!-- close group --> <\/div>\n<p> <!-- close row --> <\/div>\n<p>Durante estas actividades, Abinader salud\u00f3 al Rey Felipe VI de Espa\u00f1a y otros jefes de Estado y\/o de Gobierno que participaron de los actos de investidura del nuevo presidente de Chile.<\/p>\n<p>Concluidas las actividades oficiales, Abinader viajar\u00e1 a la Rep\u00fablica Dominicana este 11 de marzo para reintegrarse a sus obligaciones de Estado.<\/p>\n<p>\u00a0<\/p>\n<p><h3 class=\"jp-relatedposts-headline\"><em>Relacionado<\/em><\/h3>\n<\/p>\n<p>\t\t\t\t\t\t<!-- .entry-footer --><br \/>\n\t\t\t\t\t\t<!-- \n\n<div data-type=\"_mgwidget\" data-widget-id=\"1743501\"><\/div>\n\n  -->\n\t\t\t\t\t<\/div>\n","protected":false},"excerpt":{"rendered":"<p>Luis Abinader en la investidura del presidente de Chile. (Foto: Presidencia) Leer resumen de la noticia (IA) CLICK AQU\u00cd Analizando noticia&#8230; por favor espera. EL NUEVO DIARIO, CHILE.- El presidente Luis Abinader particip\u00f3 de los actos oficiales de investidura de Jos\u00e9 Antonio Kast Rist como presidente de la Rep\u00fablica de Chile este mi\u00e9rcoles en el<\/p>\n","protected":false},"author":1,"featured_media":26978,"comment_status":"open","ping_status":"open","sticky":false,"template":"","format":"standard","meta":{"footnotes":""},"categories":[1],"tags":[],"class_list":["post-26977","post","type-post","status-publish","format-standard","has-post-thumbnail","hentry","category-nacionales"],"_links":{"self":[{"href":"https:\/\/acronoticias.com\/index.php\/wp-json\/wp\/v2\/posts\/26977","targetHints":{"allow":["GET"]}}],"collection":[{"href":"https:\/\/acronoticias.com\/index.php\/wp-json\/wp\/v2\/posts"}],"about":[{"href":"https:\/\/acronoticias.com\/index.php\/wp-json\/wp\/v2\/types\/post"}],"author":[{"embeddable":true,"href":"https:\/\/acronoticias.com\/index.php\/wp-json\/wp\/v2\/users\/1"}],"replies":[{"embeddable":true,"href":"https:\/\/acronoticias.com\/index.php\/wp-json\/wp\/v2\/comments?post=26977"}],"version-history":[{"count":0,"href":"https:\/\/acronoticias.com\/index.php\/wp-json\/wp\/v2\/posts\/26977\/revisions"}],"wp:featuredmedia":[{"embeddable":true,"href":"https:\/\/acronoticias.com\/index.php\/wp-json\/wp\/v2\/media\/26978"}],"wp:attachment":[{"href":"https:\/\/acronoticias.com\/index.php\/wp-json\/wp\/v2\/media?parent=26977"}],"wp:term":[{"taxonomy":"category","embeddable":true,"href":"https:\/\/acronoticias.com\/index.php\/wp-json\/wp\/v2\/categories?post=26977"},{"taxonomy":"post_tag","embeddable":true,"href":"https:\/\/acronoticias.com\/index.php\/wp-json\/wp\/v2\/tags?post=26977"}],"curies":[{"name":"wp","href":"https:\/\/api.w.org\/{rel}","templated":true}]}}