{"id":26972,"date":"2026-03-11T21:22:55","date_gmt":"2026-03-11T21:22:55","guid":{"rendered":"https:\/\/acronoticias.com\/index.php\/2026\/03\/11\/hungria-y-rd-exploran-cooperacion-academica-y-proyectos-de-investigacion-conjunta-el-nuevo-diario-republica-dominicana\/"},"modified":"2026-03-11T21:22:55","modified_gmt":"2026-03-11T21:22:55","slug":"hungria-y-rd-exploran-cooperacion-academica-y-proyectos-de-investigacion-conjunta-el-nuevo-diario-republica-dominicana","status":"publish","type":"post","link":"https:\/\/acronoticias.com\/index.php\/2026\/03\/11\/hungria-y-rd-exploran-cooperacion-academica-y-proyectos-de-investigacion-conjunta-el-nuevo-diario-republica-dominicana\/","title":{"rendered":"Hungr\u00eda y RD exploran cooperaci\u00f3n acad\u00e9mica y proyectos de investigaci\u00f3n conjunta \u2013 El Nuevo Diario (Rep\u00fablica Dominicana)"},"content":{"rendered":"<p><i class=\"bi bi-camera-fill\" style=\"font-size:18px; color:var(--rojo)\"\/> Encuentro para cooperaci\u00f3n acad\u00e9mica. (Foto: fuente externa) <\/p>\n<div>\n<div id=\"gemini-summary-wrapper\" class=\"mb-3\">\n                <button id=\"btn-get-summary\" class=\"gemini-btn\" data-post-id=\"3045467\" data-post-title=\"Hungr\u00eda y RD exploran cooperaci\u00f3n acad\u00e9mica y proyectos de investigaci\u00f3n conjunta\"><br \/>\n                    Leer resumen <b class=\"d-none d-md-inline\">de la noticia<\/b> (IA) <span>CLICK AQU\u00cd<\/span><br \/>\n                <\/button><\/p>\n<div id=\"gemini-loading\" class=\"mb-3\">\n<p>                    <span>Analizando noticia&#8230; por favor espera.<\/span>\n                <\/div>\n<\/p><\/div>\n<p>EL NUEVO DIARIO, SANTO DOMINGO.- Una delegaci\u00f3n de alto nivel de la educaci\u00f3n superior de Hungr\u00eda se reuni\u00f3 este jueves con funcionarios del Ministerio de Educaci\u00f3n Superior, Ciencia y Tecnolog\u00eda (MESCYT) para explorar posibles acuerdos de colaboraci\u00f3n acad\u00e9mica y proyectos de investigaci\u00f3n conjunta.<\/p>\n<p>De acuerdo con una nota de prensa, Genaro Rodr\u00edguez Mart\u00ednez, viceministro de Ciencia y Tecnolog\u00eda del MESCYT, encabez\u00f3 la delegaci\u00f3n dominicana junto a Carlos Rodr\u00edguez, director de Investigaci\u00f3n; Domingo Mendoza, director de Innovaci\u00f3n y Transferencia Tecnol\u00f3gica; y F\u00e9lix Almonte, encargado de Relaciones P\u00fablicas, quienes la delegaci\u00f3n h\u00fangara encabezada por Dr. B\u00e9la Merkely, presidente de la Universidad H\u00fangara, y Dr. Levente Kovacs, rector de la Universidad Obuda de Budapest, junto al Dr. Darwind Mu\u00f1oz, vicerrector de Investigaci\u00f3n de la Francisco Henr\u00edquez y Carvajal (UFHEC).<\/p>\n<p>\u201cEste encuentro es una oportunidad \u00fanica para fortalecer la cooperaci\u00f3n acad\u00e9mica y tecnol\u00f3gica entre la Rep\u00fablica Dominicana y Hungr\u00eda, abriendo caminos para proyectos conjuntos que beneficiar\u00e1n a estudiantes y docentes de ambos pa\u00edses\u201d, destac\u00f3 Rodr\u00edguez Mart\u00ednez.<\/p>\n<p>Durante la visita, el Dr. Levente Kovacs present\u00f3 la conferencia titulada \u201cCampus de Inteligencia Artificial: Enfoque hol\u00edstico para la vida universitaria relacionada con la Inteligencia Artificial\u201d, donde abord\u00f3 la integraci\u00f3n de la inteligencia artificial en la educaci\u00f3n superior, no solo como herramienta tecnol\u00f3gica, sino como un componente central en los ecosistemas universitarios modernos.<\/p>\n<p><strong>Perfil del Dr. Levente Kovacs<\/strong><\/p>\n<p>Rector de la Obuda University desde 2019, el Dr. Kovacs es ingeniero el\u00e9ctrico y m\u00e9dico-ingeniero con formaci\u00f3n en prestigiosas universidades europeas, y doctorado en ingenier\u00eda por la Budapest University of Technology and Economics. Su trayectoria acad\u00e9mica se centra en la teor\u00eda del control moderno y la ingenier\u00eda biom\u00e9dica, con m\u00e1s de 600 publicaciones cient\u00edficas en revistas internacionales. Ha sido reconocido como cient\u00edfico dentro del top 2% a nivel mundial y ha recibido m\u00faltiples distinciones honorarias en Europa.<\/p>\n<p>Adem\u00e1s de liderar procesos de innovaci\u00f3n acad\u00e9mica y fortalecimiento institucional en su universidad, Kovacs se ha destacado por promover la internacionalizaci\u00f3n universitaria y la cooperaci\u00f3n global como vicepresidente de la Hungarian Rectors\u2019 Conference.<br \/>El encuentro refuerza los lazos entre la Rep\u00fablica Dominicana y las universidades h\u00fangaras, abriendo la puerta a intercambios acad\u00e9micos, investigaci\u00f3n conjunta y desarrollo de proyectos tecnol\u00f3gicos que podr\u00edan impactar tanto a estudiantes como a docentes de ambas naciones.<\/p>\n<p><h3 class=\"jp-relatedposts-headline\"><em>Relacionado<\/em><\/h3>\n<\/p>\n<p>\t\t\t\t\t\t<!-- .entry-footer --><br \/>\n\t\t\t\t\t\t<!-- \n\n<div data-type=\"_mgwidget\" data-widget-id=\"1743501\"><\/div>\n\n  -->\n\t\t\t\t\t<\/div>\n","protected":false},"excerpt":{"rendered":"<p>Encuentro para cooperaci\u00f3n acad\u00e9mica. (Foto: fuente externa) Leer resumen de la noticia (IA) CLICK AQU\u00cd Analizando noticia&#8230; por favor espera. EL NUEVO DIARIO, SANTO DOMINGO.- Una delegaci\u00f3n de alto nivel de la educaci\u00f3n superior de Hungr\u00eda se reuni\u00f3 este jueves con funcionarios del Ministerio de Educaci\u00f3n Superior, Ciencia y Tecnolog\u00eda (MESCYT) para explorar posibles acuerdos<\/p>\n","protected":false},"author":1,"featured_media":26973,"comment_status":"open","ping_status":"open","sticky":false,"template":"","format":"standard","meta":{"footnotes":""},"categories":[1],"tags":[],"class_list":["post-26972","post","type-post","status-publish","format-standard","has-post-thumbnail","hentry","category-nacionales"],"_links":{"self":[{"href":"https:\/\/acronoticias.com\/index.php\/wp-json\/wp\/v2\/posts\/26972","targetHints":{"allow":["GET"]}}],"collection":[{"href":"https:\/\/acronoticias.com\/index.php\/wp-json\/wp\/v2\/posts"}],"about":[{"href":"https:\/\/acronoticias.com\/index.php\/wp-json\/wp\/v2\/types\/post"}],"author":[{"embeddable":true,"href":"https:\/\/acronoticias.com\/index.php\/wp-json\/wp\/v2\/users\/1"}],"replies":[{"embeddable":true,"href":"https:\/\/acronoticias.com\/index.php\/wp-json\/wp\/v2\/comments?post=26972"}],"version-history":[{"count":0,"href":"https:\/\/acronoticias.com\/index.php\/wp-json\/wp\/v2\/posts\/26972\/revisions"}],"wp:featuredmedia":[{"embeddable":true,"href":"https:\/\/acronoticias.com\/index.php\/wp-json\/wp\/v2\/media\/26973"}],"wp:attachment":[{"href":"https:\/\/acronoticias.com\/index.php\/wp-json\/wp\/v2\/media?parent=26972"}],"wp:term":[{"taxonomy":"category","embeddable":true,"href":"https:\/\/acronoticias.com\/index.php\/wp-json\/wp\/v2\/categories?post=26972"},{"taxonomy":"post_tag","embeddable":true,"href":"https:\/\/acronoticias.com\/index.php\/wp-json\/wp\/v2\/tags?post=26972"}],"curies":[{"name":"wp","href":"https:\/\/api.w.org\/{rel}","templated":true}]}}