{"id":26970,"date":"2026-03-11T21:06:10","date_gmt":"2026-03-11T21:06:10","guid":{"rendered":"https:\/\/acronoticias.com\/index.php\/2026\/03\/11\/radhames-camacho-y-lucia-medina-reciben-su-nueva-cedula-de-identidad-y-electoral-el-nuevo-diario-republica-dominicana\/"},"modified":"2026-03-11T21:06:10","modified_gmt":"2026-03-11T21:06:10","slug":"radhames-camacho-y-lucia-medina-reciben-su-nueva-cedula-de-identidad-y-electoral-el-nuevo-diario-republica-dominicana","status":"publish","type":"post","link":"https:\/\/acronoticias.com\/index.php\/2026\/03\/11\/radhames-camacho-y-lucia-medina-reciben-su-nueva-cedula-de-identidad-y-electoral-el-nuevo-diario-republica-dominicana\/","title":{"rendered":"Radham\u00e9s Camacho y Luc\u00eda Medina reciben su nueva c\u00e9dula de identidad y electoral \u2013 El Nuevo Diario (Rep\u00fablica Dominicana)"},"content":{"rendered":"<p><i class=\"bi bi-camera-fill\" style=\"font-size:18px; color:var(--rojo)\"\/> Radham\u00e9s Camacho y Luc\u00eda Medina recibiendo su nueva c\u00e9dula. (Foto: Secretar\u00eda de Comunicaciones del PLD)<\/p>\n<div>\n<div id=\"gemini-summary-wrapper\" class=\"mb-3\">\n                <button id=\"btn-get-summary\" class=\"gemini-btn\" data-post-id=\"3045504\" data-post-title=\"Radham\u00e9s Camacho y Luc\u00eda Medina reciben su nueva c\u00e9dula de identidad y electoral\"><br \/>\n                    Leer resumen <b class=\"d-none d-md-inline\">de la noticia<\/b> (IA) <span>CLICK AQU\u00cd<\/span><br \/>\n                <\/button><\/p>\n<div id=\"gemini-loading\" class=\"mb-3\">\n<p>                    <span>Analizando noticia&#8230; por favor espera.<\/span>\n                <\/div>\n<\/p><\/div>\n<p>EL NUEVO DIARIO, SANTO DOMINGO.- Los expresidentes de la C\u00e1mara de Diputados, Radham\u00e9s Camacho y Lucia Medina, coincidieron en resaltar la calidad de la nueva C\u00e9dula de Identidad y Electoral, documento que presenta importantes avances en materia de seguridad con relaci\u00f3n al documento anterior.<\/p>\n<p>Ambos, miembros del Comit\u00e9 Pol\u00edtico del Partido de la Liberaci\u00f3n Dominicana (PLD), asistieron a la sede nacional de la Junta Central Electoral respondiendo a la invitaci\u00f3n del Pleno de dicho organismo para renovar el documento de identidad y electoral.<\/p>\n<p>Calificaron de bien organizada la iniciativa impulsada por la Junta Central Electoral (JCE) para facilitar la obtenci\u00f3n de la nueva c\u00e9dula de identidad y electoral.<\/p>\n<figure id=\"attachment_3045540\" aria-describedby=\"caption-attachment-3045540\" style=\"width: 1066px\" class=\"wp-caption alignnone\"><img loading=\"lazy\" data-recalc-dims=\"1\" data-dominant-color=\"99928c\" data-has-transparency=\"false\" style=\"--dominant-color: #99928c;\" decoding=\"async\" class=\"size-full wp-image-3045540 not-transparent\" src=\"https:\/\/i0.wp.com\/nuevodiario-assets.s3.us-east-2.amazonaws.com\/wp-content\/uploads\/2026\/03\/Radhames-Camacho-y-Lucia-Medina-reciben-su-nueva-cedula-de-identidad-y-electoral-1.jpeg?resize=640%2C450&amp;quality=100&amp;ssl=1\" alt=\"\" width=\"640\" height=\"450\" srcset=\"https:\/\/nuevodiario-assets.s3.us-east-2.amazonaws.com\/wp-content\/uploads\/2026\/03\/Radhames-Camacho-y-Lucia-Medina-reciben-su-nueva-cedula-de-identidad-y-electoral-1.jpeg 1066w, https:\/\/nuevodiario-assets.s3.us-east-2.amazonaws.com\/wp-content\/uploads\/2026\/03\/Radhames-Camacho-y-Lucia-Medina-reciben-su-nueva-cedula-de-identidad-y-electoral-1.jpeg 400w, https:\/\/nuevodiario-assets.s3.us-east-2.amazonaws.com\/wp-content\/uploads\/2026\/03\/Radhames-Camacho-y-Lucia-Medina-reciben-su-nueva-cedula-de-identidad-y-electoral-1.jpeg 800w, https:\/\/nuevodiario-assets.s3.us-east-2.amazonaws.com\/wp-content\/uploads\/2026\/03\/Radhames-Camacho-y-Lucia-Medina-reciben-su-nueva-cedula-de-identidad-y-electoral-1.jpeg 768w, https:\/\/nuevodiario-assets.s3.us-east-2.amazonaws.com\/wp-content\/uploads\/2026\/03\/Radhames-Camacho-y-Lucia-Medina-reciben-su-nueva-cedula-de-identidad-y-electoral-1.jpeg 600w\" sizes=\"auto, (max-width: 640px) 100vw, 640px\"\/><figcaption id=\"caption-attachment-3045540\" class=\"wp-caption-text\"><em><strong>(Foto: Secretar\u00eda de Comunicaciones del PLD)<\/strong><\/em><\/figcaption><\/figure>\n<p>\u201cExhortamos a la ciudadan\u00eda a participar de manera masiva en el proceso de renovaci\u00f3n de la c\u00e9dula en la fecha que le corresponda, tal y como promueve la Junta en los mensajes de radio, televisi\u00f3n y redes sociales\u201d, explicaron al recibir el nuevo documento, seg\u00fan se\u00f1ala un despacho de prensa del PLD.<\/p>\n<p>Los magistrados Dolores Fern\u00e1ndez y Shamir Izza, miembros del Pleno, fueron comisionados por dicho \u00f3rgano para recibir a los ex presidentes de la c\u00e1mara baja y facilitar la renovaci\u00f3n de su c\u00e9dula.<\/p>\n<p>Edgar Mej\u00eda, esposo de Luc\u00eda (Yomaira) Medina, acompa\u00f1\u00f3 a su esposa y a Radham\u00e9s Camacho en la obtenci\u00f3n de la nueva c\u00e9dula.<\/p>\n<p><h3 class=\"jp-relatedposts-headline\"><em>Relacionado<\/em><\/h3>\n<\/p>\n<p>\t\t\t\t\t\t<!-- .entry-footer --><br \/>\n\t\t\t\t\t\t<!-- \n\n<div data-type=\"_mgwidget\" data-widget-id=\"1743501\"><\/div>\n\n  -->\n\t\t\t\t\t<\/div>\n","protected":false},"excerpt":{"rendered":"<p>Radham\u00e9s Camacho y Luc\u00eda Medina recibiendo su nueva c\u00e9dula. (Foto: Secretar\u00eda de Comunicaciones del PLD) Leer resumen de la noticia (IA) CLICK AQU\u00cd Analizando noticia&#8230; por favor espera. EL NUEVO DIARIO, SANTO DOMINGO.- Los expresidentes de la C\u00e1mara de Diputados, Radham\u00e9s Camacho y Lucia Medina, coincidieron en resaltar la calidad de la nueva C\u00e9dula de<\/p>\n","protected":false},"author":1,"featured_media":26971,"comment_status":"open","ping_status":"open","sticky":false,"template":"","format":"standard","meta":{"footnotes":""},"categories":[1],"tags":[],"class_list":["post-26970","post","type-post","status-publish","format-standard","has-post-thumbnail","hentry","category-nacionales"],"_links":{"self":[{"href":"https:\/\/acronoticias.com\/index.php\/wp-json\/wp\/v2\/posts\/26970","targetHints":{"allow":["GET"]}}],"collection":[{"href":"https:\/\/acronoticias.com\/index.php\/wp-json\/wp\/v2\/posts"}],"about":[{"href":"https:\/\/acronoticias.com\/index.php\/wp-json\/wp\/v2\/types\/post"}],"author":[{"embeddable":true,"href":"https:\/\/acronoticias.com\/index.php\/wp-json\/wp\/v2\/users\/1"}],"replies":[{"embeddable":true,"href":"https:\/\/acronoticias.com\/index.php\/wp-json\/wp\/v2\/comments?post=26970"}],"version-history":[{"count":0,"href":"https:\/\/acronoticias.com\/index.php\/wp-json\/wp\/v2\/posts\/26970\/revisions"}],"wp:featuredmedia":[{"embeddable":true,"href":"https:\/\/acronoticias.com\/index.php\/wp-json\/wp\/v2\/media\/26971"}],"wp:attachment":[{"href":"https:\/\/acronoticias.com\/index.php\/wp-json\/wp\/v2\/media?parent=26970"}],"wp:term":[{"taxonomy":"category","embeddable":true,"href":"https:\/\/acronoticias.com\/index.php\/wp-json\/wp\/v2\/categories?post=26970"},{"taxonomy":"post_tag","embeddable":true,"href":"https:\/\/acronoticias.com\/index.php\/wp-json\/wp\/v2\/tags?post=26970"}],"curies":[{"name":"wp","href":"https:\/\/api.w.org\/{rel}","templated":true}]}}