{"id":26962,"date":"2026-03-11T20:31:44","date_gmt":"2026-03-11T20:31:44","guid":{"rendered":"https:\/\/acronoticias.com\/index.php\/2026\/03\/11\/prodominicana-celebrara-vanguardia-exportadora-2026-el-nuevo-diario-republica-dominicana\/"},"modified":"2026-03-11T20:31:44","modified_gmt":"2026-03-11T20:31:44","slug":"prodominicana-celebrara-vanguardia-exportadora-2026-el-nuevo-diario-republica-dominicana","status":"publish","type":"post","link":"https:\/\/acronoticias.com\/index.php\/2026\/03\/11\/prodominicana-celebrara-vanguardia-exportadora-2026-el-nuevo-diario-republica-dominicana\/","title":{"rendered":"ProDominicana celebrar\u00e1 \u201cVanguardia Exportadora 2026\u201d \u2013 El Nuevo Diario (Rep\u00fablica Dominicana)"},"content":{"rendered":"<p><i class=\"bi bi-camera-fill\" style=\"font-size:18px; color:var(--rojo)\"\/> La sede de ProDominicana.<\/p>\n<div>\n<div id=\"gemini-summary-wrapper\" class=\"mb-3\">\n                <button id=\"btn-get-summary\" class=\"gemini-btn\" data-post-id=\"3045468\" data-post-title=\"ProDominicana celebrar\u00e1 \u201cVanguardia Exportadora 2026\u201d\"><br \/>\n                    Leer resumen <b class=\"d-none d-md-inline\">de la noticia<\/b> (IA) <span>CLICK AQU\u00cd<\/span><br \/>\n                <\/button><\/p>\n<div id=\"gemini-loading\" class=\"mb-3\">\n<p>                    <span>Analizando noticia&#8230; por favor espera.<\/span>\n                <\/div>\n<\/p><\/div>\n<p data-start=\"215\" data-end=\"527\">EL NUEVO DIARIO, SANTO DOMINGO.- La <span class=\"hover:entity-accent entity-underline inline cursor-pointer align-baseline\"><span class=\"whitespace-normal\">ProDominicana<\/span><\/span> anunci\u00f3 la celebraci\u00f3n del reconocimiento <strong data-start=\"298\" data-end=\"331\">\u201cVanguardia Exportadora 2026\u201d<\/strong>, un evento que destacar\u00e1 a las empresas y l\u00edderes que est\u00e1n impulsando el crecimiento de las exportaciones y fortaleciendo la presencia de la Rep\u00fablica Dominicana en los mercados internacionales.<\/p>\n<p data-start=\"529\" data-end=\"731\">La ceremonia se llevar\u00e1 a cabo el <strong data-start=\"563\" data-end=\"609\">jueves 12 de marzo a las 9:30 de la ma\u00f1ana<\/strong> en el <strong data-start=\"616\" data-end=\"643\">Auditorio ProDominicana<\/strong>, ubicado en la <strong data-start=\"659\" data-end=\"730\">Av. 27 de Febrero esquina Av. Gregorio Luper\u00f3n, Plaza de la Bandera<\/strong>.<\/p>\n<p data-start=\"733\" data-end=\"1006\">Este importante encuentro reunir\u00e1 a representantes del sector p\u00fablico y privado, empresarios, exportadores y actores clave del comercio exterior, con el objetivo de <strong data-start=\"898\" data-end=\"1005\">reconocer la innovaci\u00f3n, competitividad y liderazgo de las empresas dominicanas en el \u00e1mbito exportador<\/strong>.<\/p>\n<p data-start=\"1008\" data-end=\"1299\">\u201cVanguardia Exportadora 2026\u201d busca resaltar las historias de \u00e9xito que posicionan al pa\u00eds como un <strong data-start=\"1107\" data-end=\"1155\">referente regional en comercio y exportaci\u00f3n<\/strong>, destacando iniciativas que generan empleo, promueven la calidad de los productos dominicanos y ampl\u00edan su alcance en mercados internacionales.<\/p>\n<p data-start=\"1301\" data-end=\"1486\">La actividad forma parte de los esfuerzos continuos de ProDominicana para <strong data-start=\"1375\" data-end=\"1485\">fortalecer el ecosistema exportador y fomentar una cultura empresarial orientada a la internacionalizaci\u00f3n<\/strong>.<\/p>\n<p data-start=\"1488\" data-end=\"1696\">Para m\u00e1s informaci\u00f3n sobre el evento o confirmaci\u00f3n de asistencia, los interesados pueden comunicarse al <strong data-start=\"1593\" data-end=\"1609\">809-530-5505<\/strong> extensiones <strong data-start=\"1622\" data-end=\"1640\">217, 312 y 368<\/strong>, o escribir al correo <strong data-start=\"1663\" data-end=\"1695\"><a class=\"decorated-link cursor-pointer\" rel=\"noopener\" data-start=\"1665\" data-end=\"1693\">eventos@prodominicana.gob.do<\/a><\/strong>.<\/p>\n<p><h3 class=\"jp-relatedposts-headline\"><em>Relacionado<\/em><\/h3>\n<\/p>\n<p>\t\t\t\t\t\t<!-- .entry-footer --><br \/>\n\t\t\t\t\t\t<!-- \n\n<div data-type=\"_mgwidget\" data-widget-id=\"1743501\"><\/div>\n\n  -->\n\t\t\t\t\t<\/div>\n","protected":false},"excerpt":{"rendered":"<p>La sede de ProDominicana. Leer resumen de la noticia (IA) CLICK AQU\u00cd Analizando noticia&#8230; por favor espera. EL NUEVO DIARIO, SANTO DOMINGO.- La ProDominicana anunci\u00f3 la celebraci\u00f3n del reconocimiento \u201cVanguardia Exportadora 2026\u201d, un evento que destacar\u00e1 a las empresas y l\u00edderes que est\u00e1n impulsando el crecimiento de las exportaciones y fortaleciendo la presencia de la<\/p>\n","protected":false},"author":1,"featured_media":26963,"comment_status":"open","ping_status":"open","sticky":false,"template":"","format":"standard","meta":{"footnotes":""},"categories":[1],"tags":[],"class_list":["post-26962","post","type-post","status-publish","format-standard","has-post-thumbnail","hentry","category-nacionales"],"_links":{"self":[{"href":"https:\/\/acronoticias.com\/index.php\/wp-json\/wp\/v2\/posts\/26962","targetHints":{"allow":["GET"]}}],"collection":[{"href":"https:\/\/acronoticias.com\/index.php\/wp-json\/wp\/v2\/posts"}],"about":[{"href":"https:\/\/acronoticias.com\/index.php\/wp-json\/wp\/v2\/types\/post"}],"author":[{"embeddable":true,"href":"https:\/\/acronoticias.com\/index.php\/wp-json\/wp\/v2\/users\/1"}],"replies":[{"embeddable":true,"href":"https:\/\/acronoticias.com\/index.php\/wp-json\/wp\/v2\/comments?post=26962"}],"version-history":[{"count":0,"href":"https:\/\/acronoticias.com\/index.php\/wp-json\/wp\/v2\/posts\/26962\/revisions"}],"wp:featuredmedia":[{"embeddable":true,"href":"https:\/\/acronoticias.com\/index.php\/wp-json\/wp\/v2\/media\/26963"}],"wp:attachment":[{"href":"https:\/\/acronoticias.com\/index.php\/wp-json\/wp\/v2\/media?parent=26962"}],"wp:term":[{"taxonomy":"category","embeddable":true,"href":"https:\/\/acronoticias.com\/index.php\/wp-json\/wp\/v2\/categories?post=26962"},{"taxonomy":"post_tag","embeddable":true,"href":"https:\/\/acronoticias.com\/index.php\/wp-json\/wp\/v2\/tags?post=26962"}],"curies":[{"name":"wp","href":"https:\/\/api.w.org\/{rel}","templated":true}]}}