{"id":26960,"date":"2026-03-11T20:15:39","date_gmt":"2026-03-11T20:15:39","guid":{"rendered":"https:\/\/acronoticias.com\/index.php\/2026\/03\/11\/presidente-del-senado-resalta-importancia-de-la-familia-en-congreso-por-la-vida-y-la-familia-el-nuevo-diario-republica-dominicana\/"},"modified":"2026-03-11T20:15:39","modified_gmt":"2026-03-11T20:15:39","slug":"presidente-del-senado-resalta-importancia-de-la-familia-en-congreso-por-la-vida-y-la-familia-el-nuevo-diario-republica-dominicana","status":"publish","type":"post","link":"https:\/\/acronoticias.com\/index.php\/2026\/03\/11\/presidente-del-senado-resalta-importancia-de-la-familia-en-congreso-por-la-vida-y-la-familia-el-nuevo-diario-republica-dominicana\/","title":{"rendered":"Presidente del Senado resalta importancia de la familia en congreso por la Vida y la Familia \u2013 El Nuevo Diario (Rep\u00fablica Dominicana)"},"content":{"rendered":"<div>\n<div id=\"gemini-summary-wrapper\" class=\"mb-3\">\n                <button id=\"btn-get-summary\" class=\"gemini-btn\" data-post-id=\"3045414\" data-post-title=\"Presidente del Senado resalta importancia de la familia en congreso por la Vida y la Familia\"><br \/>\n                    Leer resumen <b class=\"d-none d-md-inline\">de la noticia<\/b> (IA) <span>CLICK AQU\u00cd<\/span><br \/>\n                <\/button><\/p>\n<div id=\"gemini-loading\" class=\"mb-3\">\n<p>                    <span>Analizando noticia&#8230; por favor espera.<\/span>\n                <\/div>\n<\/p><\/div>\n<p>EL NUEVO DIARIO, SANTO DOMINGO.- El presidente del Senado, Senado, reafirm\u00f3 este mi\u00e9rcoles su compromiso con el di\u00e1logo plural y constructivo que contribuya a la promoci\u00f3n del bienestar de la familia en las diferentes naciones del mundo y al respeto por la vida.<\/p>\n<p>Ricardo De los Santos pronunci\u00f3 el discurso de bienvenida durante la apertura del Congreso Iberoamericano por la Vida y la Familia, que encabez\u00f3 junto a la vicepresidenta de la Rep\u00fablica, Raquel Pe\u00f1a, y el presidente de la C\u00e1mara de Diputados, Alfredo Pacheco.<\/p>\n<p>Seg\u00fan se\u00f1ala un comunicado, la actividad, que lleva por lema \u201cCon la Biblia en el Centro\u201d, es un esfuerzo conjunto de ciudadanos de 21 pa\u00edses del continente americano y de Espa\u00f1a, comprometidos con la defensa de la vida, la familia y las libertades. En el acto, Ricardo de los Santos reafirm\u00f3 su compromiso con la construcci\u00f3n de espacios para la promoci\u00f3n de los valores esenciales para el fortalecimiento de la familia.<\/p>\n<figure id=\"attachment_3045439\" aria-describedby=\"caption-attachment-3045439\" style=\"width: 1280px\" class=\"wp-caption alignnone\"><img loading=\"lazy\" data-recalc-dims=\"1\" data-dominant-color=\"967c62\" data-has-transparency=\"false\" style=\"--dominant-color: #967c62;\" decoding=\"async\" class=\"size-full wp-image-3045439 not-transparent\" src=\"https:\/\/i0.wp.com\/nuevodiario-assets.s3.us-east-2.amazonaws.com\/wp-content\/uploads\/2026\/03\/Ricardo-De-los-Santos-Raquel-Pena-y-Alfredo-Pacheco-junto-a-personaldiades-Foto-Congreso.jpeg?resize=640%2C426&amp;quality=100&amp;ssl=1\" alt=\"\" width=\"640\" height=\"426\" srcset=\"https:\/\/nuevodiario-assets.s3.us-east-2.amazonaws.com\/wp-content\/uploads\/2026\/03\/Ricardo-De-los-Santos-Raquel-Pena-y-Alfredo-Pacheco-junto-a-personaldiades-Foto-Congreso.jpeg 1280w, https:\/\/nuevodiario-assets.s3.us-east-2.amazonaws.com\/wp-content\/uploads\/2026\/03\/Ricardo-De-los-Santos-Raquel-Pena-y-Alfredo-Pacheco-junto-a-personaldiades-Foto-Congreso.jpeg 400w, https:\/\/nuevodiario-assets.s3.us-east-2.amazonaws.com\/wp-content\/uploads\/2026\/03\/Ricardo-De-los-Santos-Raquel-Pena-y-Alfredo-Pacheco-junto-a-personaldiades-Foto-Congreso.jpeg 800w, https:\/\/nuevodiario-assets.s3.us-east-2.amazonaws.com\/wp-content\/uploads\/2026\/03\/Ricardo-De-los-Santos-Raquel-Pena-y-Alfredo-Pacheco-junto-a-personaldiades-Foto-Congreso.jpeg 768w, https:\/\/nuevodiario-assets.s3.us-east-2.amazonaws.com\/wp-content\/uploads\/2026\/03\/Ricardo-De-los-Santos-Raquel-Pena-y-Alfredo-Pacheco-junto-a-personaldiades-Foto-Congreso.jpeg 600w\" sizes=\"auto, (max-width: 640px) 100vw, 640px\"\/><figcaption id=\"caption-attachment-3045439\" class=\"wp-caption-text\"><strong>Ricardo De los Santos, Raquel Pe\u00f1a y Alfredo Pacheco junto a personalidades (Foto: Congreso)<\/strong><\/figcaption><\/figure>\n<p>\u201cLa familia es el pilar fundamental de nuestra sociedad, siendo el primer espacio donde aprendemos valores como el respeto, la responsabilidad, la solidaridad y la sana convivencia\u201d, expres\u00f3.<\/p>\n<p>Asimismo, asegur\u00f3 que se hace necesario fortalecer estos espacios de intercambio donde se pueda dialogar de forma respetuosa \u201cpara construir juntos el futuro de nuestras naciones, en un mundo marcado por cambios sociales, tecnol\u00f3gicos y culturales cada vez m\u00e1s acelerados\u201d. Enfatiz\u00f3, adem\u00e1s, que estas cumbres legislativas son una oportunidad para el intercambio de ideas, reflexiones y desaf\u00edos entre legisladores y representantes de distintos sectores comprometidos con los valores familiares.<\/p>\n<p>Por su parte, el presidente de la C\u00e1mara de Diputados, Alfredo Pacheco, destac\u00f3 que la familia es el baluarte donde se transmiten las ense\u00f1anzas que forman a ciudadanos \u00edntegros. Se\u00f1al\u00f3 que la Constituci\u00f3n dominicana es clara al reconocer a la familia como el n\u00facleo esencial de la sociedad.<\/p>\n<p>La vicepresidenta de la Rep\u00fablica, Raquel Pe\u00f1a, resalt\u00f3 que desde el Gobierno que preside Luis Abinader se crean pol\u00edticas para impulsar el Gabinete de Familia como un espacio de articulaci\u00f3n institucional para proteger y fortalecer el n\u00facleo familiar.<\/p>\n<p>De su lado, el presidente y creador del Congreso Iberoamericano, Jos\u00e9 Luis Lara, enfatiz\u00f3 que este evento se enfoca en la defensa de la vida, la protecci\u00f3n de la dignidad humana y el fortalecimiento de la familia.<\/p>\n<p>En el encuentro participar\u00e1n como panelistas nacionales el senador Ram\u00f3n Rogelio Genao y la diputada Soraya Su\u00e1rez. Como panelistas internacionales estar\u00e1n los congresistas \u00c1lvaro Dastugue, Walter Ghione, Fabricio Alvarado, Lissi Cano, Gerardo Villarreal, Luis Antonio Castillo, Alejandro Mu\u00f1ante, Joan Rodr\u00edguez Veve y Fred Garc\u00eda, entre otros.<\/p>\n<p>El acto inaugural, realizado en el Sal\u00f3n de la Asamblea Nacional, cont\u00f3 con la presencia de la vicepresidenta Raquel Pe\u00f1a; el presidente del Congreso Iberoamericano, Jos\u00e9 Luis Lora; y el diputado por Uruguay, \u00c1lvaro Dastugue. Asistieron, adem\u00e1s, senadores y diputados nacionales y extranjeros, as\u00ed como funcionarios y directores legislativos.<\/p>\n<p>ADDP\/<\/p>\n<p><h3 class=\"jp-relatedposts-headline\"><em>Relacionado<\/em><\/h3>\n<\/p>\n<p>\t\t\t\t\t\t<!-- .entry-footer --><br \/>\n\t\t\t\t\t\t<!-- \n\n<div data-type=\"_mgwidget\" data-widget-id=\"1743501\"><\/div>\n\n  -->\n\t\t\t\t\t<\/div>\n","protected":false},"excerpt":{"rendered":"<p>Leer resumen de la noticia (IA) CLICK AQU\u00cd Analizando noticia&#8230; por favor espera. EL NUEVO DIARIO, SANTO DOMINGO.- El presidente del Senado, Senado, reafirm\u00f3 este mi\u00e9rcoles su compromiso con el di\u00e1logo plural y constructivo que contribuya a la promoci\u00f3n del bienestar de la familia en las diferentes naciones del mundo y al respeto por la<\/p>\n","protected":false},"author":1,"featured_media":26961,"comment_status":"open","ping_status":"open","sticky":false,"template":"","format":"standard","meta":{"footnotes":""},"categories":[1],"tags":[],"class_list":["post-26960","post","type-post","status-publish","format-standard","has-post-thumbnail","hentry","category-nacionales"],"_links":{"self":[{"href":"https:\/\/acronoticias.com\/index.php\/wp-json\/wp\/v2\/posts\/26960","targetHints":{"allow":["GET"]}}],"collection":[{"href":"https:\/\/acronoticias.com\/index.php\/wp-json\/wp\/v2\/posts"}],"about":[{"href":"https:\/\/acronoticias.com\/index.php\/wp-json\/wp\/v2\/types\/post"}],"author":[{"embeddable":true,"href":"https:\/\/acronoticias.com\/index.php\/wp-json\/wp\/v2\/users\/1"}],"replies":[{"embeddable":true,"href":"https:\/\/acronoticias.com\/index.php\/wp-json\/wp\/v2\/comments?post=26960"}],"version-history":[{"count":0,"href":"https:\/\/acronoticias.com\/index.php\/wp-json\/wp\/v2\/posts\/26960\/revisions"}],"wp:featuredmedia":[{"embeddable":true,"href":"https:\/\/acronoticias.com\/index.php\/wp-json\/wp\/v2\/media\/26961"}],"wp:attachment":[{"href":"https:\/\/acronoticias.com\/index.php\/wp-json\/wp\/v2\/media?parent=26960"}],"wp:term":[{"taxonomy":"category","embeddable":true,"href":"https:\/\/acronoticias.com\/index.php\/wp-json\/wp\/v2\/categories?post=26960"},{"taxonomy":"post_tag","embeddable":true,"href":"https:\/\/acronoticias.com\/index.php\/wp-json\/wp\/v2\/tags?post=26960"}],"curies":[{"name":"wp","href":"https:\/\/api.w.org\/{rel}","templated":true}]}}