{"id":26956,"date":"2026-03-11T19:54:45","date_gmt":"2026-03-11T19:54:45","guid":{"rendered":"https:\/\/acronoticias.com\/index.php\/2026\/03\/11\/ataques-en-ormuz-elevan-precio-del-petroleo-y-prolongan-conflicto\/"},"modified":"2026-03-11T19:54:45","modified_gmt":"2026-03-11T19:54:45","slug":"ataques-en-ormuz-elevan-precio-del-petroleo-y-prolongan-conflicto","status":"publish","type":"post","link":"https:\/\/acronoticias.com\/index.php\/2026\/03\/11\/ataques-en-ormuz-elevan-precio-del-petroleo-y-prolongan-conflicto\/","title":{"rendered":"ataques en Ormuz elevan precio del petr\u00f3leo y prolongan conflicto"},"content":{"rendered":"<div>\n<div class=\"c-detail__author full\">\n<div>\n<div class=\"c-detail__author__thumb\">\n<figure>\n                                <picture src=\"https:\/\/imagenes.hoy.com.do\/files\/image_square_xs\/uploads\/2025\/11\/18\/691c7d5bed035.jpeg\" data-size=\"w:40,h:40\">\n                                    <img decoding=\"async\" loading=\"lazy\" alt=\"EFE EFE\" width=\"40\" height=\"40\" src=\"https:\/\/imagenes.hoy.com.do\/files\/image_square_xs\/uploads\/2025\/11\/18\/691c7d5bed035.jpeg\"\/>\n                                <\/picture>\n                                <\/figure>\n<\/div>\n<\/div>\n<\/div>\n<p>                                                                                            <!-- --><\/p>\n<p class=\"paragraph\">La ofensiva de<b> Israel y Estados Unido<\/b>s contra<b> Ir\u00e1n <\/b>dura ya lo que la llamada guerra de los doce d\u00edas de junio de 2025, sin visos de negociaci\u00f3n ni de que vaya a acabar pronto, lo que impuls\u00f3 de nuevo al alza al precio del <b>petr\u00f3leo.<\/b><\/p>\n<p class=\"paragraph\"><b>Al menos cuatro buques fueron atacados este mi\u00e9rcoles en el estrecho de Ormuz,<\/b> mientras Ir\u00e1n avis\u00f3 de nuevo de que no permitir\u00e1 que &#8220;ni un litro de petr\u00f3leo&#8221; atraviese este paso estrat\u00e9gico en beneficio de EE.UU., Israel o sus socios. Esto sigue provocando problemas con el suministro de petr\u00f3leo a nivel mundial.<\/p>\n<p class=\"paragraph\">Este es el resumen del duod\u00e9cimo d\u00eda de guerra:<\/p>\n<p class=\"paragraph\"><b>\u00bfCu\u00e1nto durar\u00e1 la guerra?<\/b><\/p>\n<p class=\"paragraph\">Las autoridades estadounidenses e israel\u00edes llevan doce d\u00edas contradici\u00e9ndose acerca de cu\u00e1nto se alargar\u00e1 la ofensiva, pero la ret\u00f3rica actual parece coincidir en que va a durar un buen tiempo.<\/p>\n<p class=\"paragraph\">&#8211; El ministro israel\u00ed de Defensa, Israel Katz, asegur\u00f3 este mi\u00e9rcoles que la ofensiva militar contra Ir\u00e1n &#8220;continuar\u00e1 sin l\u00edmite de tiempo&#8221; hasta que se logren &#8220;todos los objetivos&#8221; y se gane &#8220;la campa\u00f1a&#8221;.<\/p>\n<div class=\"c-detail__box \">\n<article class=\"c-detail__sumario \">\n<figure class=\"c-detail__sumario__thumb\" style=\"display: block;\">\n            <a href=\"#\" title=\"\">\n                <picture data-size=\"w:140,h:140\" loading=\"lazy\" src=\"https:\/\/imagenes.hoy.com.do\/files\/related_image\/uploads\/2026\/03\/02\/69a5dda192c14.jpeg\" data-full-src=\"https:\/\/imagenes.hoy.com.do\/uploads\/2026\/03\/02\/69a5dda192c14.jpeg\">\n                    <img loading=\"lazy\" decoding=\"async\" width=\"140\" height=\"140\" alt=\"Petroleo\" src=\"https:\/\/imagenes.hoy.com.do\/uploads\/2026\/03\/02\/69a5dda192c14.jpeg\"\/>\n                <\/picture>\n            <\/a><br \/>\n        <\/figure>\n<\/article>\n<\/div>\n<p class=\"paragraph\">&#8211; El presidente de Estados Unidos, Donald Trump, afirm\u00f3 hoy en una entrevista con Axios que &#8220;pronto&#8221; terminar\u00e1 la guerra en Ir\u00e1n porque &#8220;pr\u00e1cticamente no queda nada que atacar&#8221; en el pa\u00eds.<\/p>\n<p class=\"paragraph\">&#8211; El presidente franc\u00e9s, Emmanuel Macron, advirti\u00f3 de que la capacidad militar iran\u00ed &#8220;no se ha reducido a cero&#8221;, contradiciendo las declaraciones de Trump.<\/p>\n<p class=\"paragraph\">&#8220;Ni un litro de petr\u00f3leo&#8221; por Ormuz<\/p>\n<p class=\"paragraph\">&#8211; Hoy se han registrado al menos cuatro ataques contra mercantes en el estrecho de Ormuz, seg\u00fan informes de la agencia brit\u00e1nica UKMTO y fuentes iran\u00edes.<\/p>\n<p class=\"paragraph\">1. Seg\u00fan UKMTO, un barco granelero de propiedad griega fue alcanzado por un proyectil. El propio capit\u00e1n inform\u00f3 del impacto y asegur\u00f3 que la tripulaci\u00f3n se encontraba &#8220;sana y salva&#8221;.<\/p>\n<p class=\"paragraph\">2. La Guardia Revolucionaria iran\u00ed dijo haber atacado un granelero de bandera tailandesa con 23 tripulantes a bordo. El ataque caus\u00f3 un incendio a bordo, y la Marina Real de Om\u00e1n ha rescatado a 20 tripulantes.<\/p>\n<p class=\"paragraph\">3. La UKMTO report\u00f3 otro ataque contra un barco portacontenedores que estaba anclado y cuya tripulaci\u00f3n est\u00e1 a salvo: el &#8216;One Majesty&#8217;, de bandera japonesa.<\/p>\n<p class=\"paragraph\">4. La Guardia Revolucionaria tambi\u00e9n ha reivindicado el ataque contra un buque propiedad de Israel y con bandera de Liberia, identificado como el \u2018Express Rome\u2019.<\/p>\n<p class=\"paragraph\">&#8211; Ir\u00e1n amenaz\u00f3 hoy con atacar &#8220;todos los puertos y centros econ\u00f3micos de la regi\u00f3n&#8221; despu\u00e9s de que Estados Unidos instara a la poblaci\u00f3n iran\u00ed a evitar puertos civiles utilizados por las fuerzas armadas del pa\u00eds.<\/p>\n<p class=\"paragraph\">&#8211; Emmanuel Macron reconoci\u00f3 despu\u00e9s que &#8220;no se cumplen las condiciones&#8221; para llevar a cabo una misi\u00f3n militar que garantice el comercio mar\u00edtimo en el estrecho de Ormuz, que es &#8220;una zona de guerra&#8221;, pero insisti\u00f3 en que &#8220;debe organizarse&#8221; para proporcionar escolta a los mercantes.<\/p>\n<p class=\"paragraph\">Las reservas de petr\u00f3leo<\/p>\n<p class=\"paragraph\">&#8211; Los pa\u00edses de la Agencia Internacional de la Energ\u00eda (AIE) van a sacar al mercado 400 millones de barriles de sus reservas estrat\u00e9gicas para compensar las p\u00e9rdidas de abastecimiento. Se trata del mayor volumen hasta ahora utilizado de esas reservas estrat\u00e9gicas, previstas para responder a situaciones de crisis.<\/p>\n<p class=\"paragraph\">&#8211; Ir\u00e1n advirti\u00f3 de que no ser\u00e1 posible bajar el precio del petr\u00f3leo mediante &#8220;medidas artificiales&#8221; y que se puede esperar, por la presi\u00f3n que ha impuesto en el estrecho de Ormuz, que el precio del barril suba a 200 d\u00f3lares.<\/p>\n<p class=\"paragraph\">&#8211; La presidenta de la Comisi\u00f3n Europea (CE), Ursula von der Leyen, afirm\u00f3 que la UE debe ofrecer &#8220;alivio&#8221; a los hogares y empresas ante las subidas de precios energ\u00e9ticos.<\/p>\n<p class=\"paragraph\">&#8211; La OPEP mantiene sin cambios sus previsiones de demanda y oferta de petr\u00f3leo, y de crecimiento econ\u00f3mico mundial, en su informe de marzo sobre el mercado, que no menciona la guerra.<\/p>\n<p class=\"paragraph\">&#8211; El precio del petr\u00f3leo retom\u00f3 hoy la senda alcista y tanto el brent como el texas sub\u00edan cerca del 5 % antes del final de los mercados de hoy.<\/p>\n<p class=\"paragraph\">Las dudas sobre la salud del nuevo l\u00edder iran\u00ed<\/p>\n<p class=\"paragraph\">El nuevo l\u00edder supremo iran\u00ed, Mojtaba Jamene\u00ed, hijo del fallecido ayatol\u00e1 Al\u00ed Jamene\u00ed, no ha sido visto en p\u00fablico ni en v\u00eddeo ni ha publicado ning\u00fan comunicado desde que el domingo fue nombrado por los cl\u00e9rigos de Ir\u00e1n como nuevo l\u00edder supremo, lo que ha levantado dudas sobre su salud.<\/p>\n<p class=\"paragraph\">&#8211; Los rumores sobre la situaci\u00f3n de Mojtaba Jamene\u00ed surgieron despu\u00e9s de que la televisi\u00f3n estatal iran\u00ed utilizara el t\u00e9rmino &#8216;janbaz&#8217;, que se refiere a los heridos en combate, tras su elecci\u00f3n como l\u00edder supremo, sin ofrecer detalles al respecto.<\/p>\n<p class=\"paragraph\">&#8211; The New York Times public\u00f3 hoy que result\u00f3 herido en las piernas en el primer d\u00eda de la guerra, el 28 de febrero.<\/p>\n<p class=\"paragraph\">&#8211; El asesor e hijo del presidente de Ir\u00e1n, Yusef Pezeshkian, desminti\u00f3 las especulaciones acerca de que el nuevo l\u00edder supremo haya resultado herido y afirm\u00f3 que &#8220;se encuentra bien&#8221;.<\/p>\n<p class=\"paragraph\">Funerales en Ir\u00e1n<\/p>\n<p class=\"paragraph\">&#8211; Miles de partidarios de la Rep\u00fablica Isl\u00e1mica marcharon este mi\u00e9rcoles por el centro de Teher\u00e1n entre gritos de &#8220;venganza&#8221; y &#8220;no a la rendici\u00f3n&#8221; mientras se escuchaban explosiones en las cercan\u00edas, en el funeral por varios altos cargos militares iran\u00edes muertos en la guerra contra Israel y Estados Unidos.<\/p>\n<p class=\"paragraph\">&#8211; Desde hace varios d\u00edas, ninguna autoridad u organismo de Ir\u00e1n actualiza el n\u00famero de muertos en los ataques, pero la OMS anunci\u00f3 hoy que en los 12 d\u00edas se han registrado al menos 43 ataques a las redes sanitarias de L\u00edbano e Ir\u00e1n, en los que han muerto al menos 24 personas y 29 resultaron heridas.<\/p>\n<p class=\"paragraph\">Nuevo ataque sobre Beirut<\/p>\n<p class=\"paragraph\">&#8211; Israel bombarde\u00f3 hoy un edificio residencial en un barrio c\u00e9ntrico de Beirut, en su segundo ataque dentro de la capital, despu\u00e9s de que hace tres d\u00edas murieran cuatro supuestos comandantes iran\u00edes en un hotel del paseo mar\u00edtimo de la ciudad. El ataque dej\u00f3 cuatro heridos.\u00a0<\/p>\n<\/div>\n","protected":false},"excerpt":{"rendered":"<p>La ofensiva de Israel y Estados Unidos contra Ir\u00e1n dura ya lo que la llamada guerra de los doce d\u00edas de junio de 2025, sin visos de negociaci\u00f3n ni de que vaya a acabar pronto, lo que impuls\u00f3 de nuevo al alza al precio del petr\u00f3leo. Al menos cuatro buques fueron atacados este mi\u00e9rcoles en<\/p>\n","protected":false},"author":1,"featured_media":26957,"comment_status":"open","ping_status":"open","sticky":false,"template":"","format":"standard","meta":{"footnotes":""},"categories":[3],"tags":[],"class_list":["post-26956","post","type-post","status-publish","format-standard","has-post-thumbnail","hentry","category-internacionales"],"_links":{"self":[{"href":"https:\/\/acronoticias.com\/index.php\/wp-json\/wp\/v2\/posts\/26956","targetHints":{"allow":["GET"]}}],"collection":[{"href":"https:\/\/acronoticias.com\/index.php\/wp-json\/wp\/v2\/posts"}],"about":[{"href":"https:\/\/acronoticias.com\/index.php\/wp-json\/wp\/v2\/types\/post"}],"author":[{"embeddable":true,"href":"https:\/\/acronoticias.com\/index.php\/wp-json\/wp\/v2\/users\/1"}],"replies":[{"embeddable":true,"href":"https:\/\/acronoticias.com\/index.php\/wp-json\/wp\/v2\/comments?post=26956"}],"version-history":[{"count":0,"href":"https:\/\/acronoticias.com\/index.php\/wp-json\/wp\/v2\/posts\/26956\/revisions"}],"wp:featuredmedia":[{"embeddable":true,"href":"https:\/\/acronoticias.com\/index.php\/wp-json\/wp\/v2\/media\/26957"}],"wp:attachment":[{"href":"https:\/\/acronoticias.com\/index.php\/wp-json\/wp\/v2\/media?parent=26956"}],"wp:term":[{"taxonomy":"category","embeddable":true,"href":"https:\/\/acronoticias.com\/index.php\/wp-json\/wp\/v2\/categories?post=26956"},{"taxonomy":"post_tag","embeddable":true,"href":"https:\/\/acronoticias.com\/index.php\/wp-json\/wp\/v2\/tags?post=26956"}],"curies":[{"name":"wp","href":"https:\/\/api.w.org\/{rel}","templated":true}]}}