{"id":26954,"date":"2026-03-11T19:46:45","date_gmt":"2026-03-11T19:46:45","guid":{"rendered":"https:\/\/acronoticias.com\/index.php\/2026\/03\/11\/embajada-de-paises-bajos-anuncia-bicicletada-en-rd-y-destaca-su-impacto-en-salud-y-movilidad-el-nuevo-diario-republica-dominicana\/"},"modified":"2026-03-11T19:46:45","modified_gmt":"2026-03-11T19:46:45","slug":"embajada-de-paises-bajos-anuncia-bicicletada-en-rd-y-destaca-su-impacto-en-salud-y-movilidad-el-nuevo-diario-republica-dominicana","status":"publish","type":"post","link":"https:\/\/acronoticias.com\/index.php\/2026\/03\/11\/embajada-de-paises-bajos-anuncia-bicicletada-en-rd-y-destaca-su-impacto-en-salud-y-movilidad-el-nuevo-diario-republica-dominicana\/","title":{"rendered":"Embajada de Pa\u00edses Bajos anuncia bicicletada en RD y destaca su impacto en salud y movilidad \u2013 El Nuevo Diario (Rep\u00fablica Dominicana)"},"content":{"rendered":"<p><i class=\"bi bi-camera-fill\" style=\"font-size:18px; color:var(--rojo)\"\/> Frank Keurhorst, embajador del Reino de los Pa\u00edses Bajos. (Fuente externa)<\/p>\n<div>\n<div id=\"gemini-summary-wrapper\" class=\"mb-3\">\n                <button id=\"btn-get-summary\" class=\"gemini-btn\" data-post-id=\"3045298\" data-post-title=\"Embajada de Pa\u00edses Bajos anuncia bicicletada en RD y destaca su impacto en salud y movilidad\"><br \/>\n                    Leer resumen <b class=\"d-none d-md-inline\">de la noticia<\/b> (IA) <span>CLICK AQU\u00cd<\/span><br \/>\n                <\/button><\/p>\n<div id=\"gemini-loading\" class=\"mb-3\">\n<p>                    <span>Analizando noticia&#8230; por favor espera.<\/span>\n                <\/div>\n<\/p><\/div>\n<p>EL NUEVO DIARIO, SANTO DOMINGO.- La Embajada del Reino de los Pa\u00edses Bajos en la Rep\u00fablica Dominicana anunci\u00f3 la realizaci\u00f3n de la bicicletada <b>\u201cPedaleando por la Salud de las Mujeres\u201d<\/b>, una iniciativa organizada junto al Ayuntamiento de Santo Domingo Este que busca promover el uso de la bicicleta, la actividad f\u00edsica y ciudades m\u00e1s sostenibles.<\/p>\n<p>En una entrevista concedida a\u00a0<b>EH+<\/b>, el representante de la misi\u00f3n diplom\u00e1tica explicaron que desde hace varios a\u00f1os trabajan en el pa\u00eds promoviendo el ciclismo como parte de una agenda que tambi\u00e9n incluye el impulso a la igualdad de g\u00e9nero y a estilos de vida saludables.<\/p>\n<p data-start=\"116\" data-end=\"494\">Los Pa\u00edses Bajos son reconocidos mundialmente por su cultura ciclista. Seg\u00fan Frank Keurhorst, embajador del Reino de los Pa\u00edses Bajos, en ese pa\u00eds existen m\u00e1s bicicletas que habitantes, con cerca de 22,5 millones de bicicletas para una poblaci\u00f3n de 17 millones de personas, y cada ciudadano recorre en promedio alrededor de 1,000 kil\u00f3metros al a\u00f1o en este medio de transporte.<\/p>\n<p data-start=\"496\" data-end=\"875\">El diplom\u00e1tico agreg\u00f3 que \u00e9l mismo recorre al menos 200 kil\u00f3metros por semana, utilizando rutas como el parque Mirador Sur, la Zona Colonial, o incluso una bicicleta fija en casa. Sin embargo, lament\u00f3 que las carreteras en la Rep\u00fablica Dominicana, en general, no sean lo suficientemente seguras para que los ciudadanos puedan usar la bicicleta libremente en cualquier trayecto.<\/p>\n<figure id=\"attachment_96247\" class=\"wp-caption alignnone\" aria-describedby=\"caption-attachment-96247\"><img loading=\"lazy\" data-recalc-dims=\"1\" decoding=\"async\" class=\"wp-image-96247 td-animation-stack-type0-2\" src=\"https:\/\/i0.wp.com\/ehplus.do\/wp-content\/uploads\/2026\/03\/Emabajada-pases-bajos-bicicletada-en-Santo-Domingo-Este-por-la-salud-de-las-mujeres-300x158.jpeg?resize=640%2C336&amp;quality=100&amp;ssl=1\" sizes=\"auto, (max-width: 800px) 100vw, 800px\" srcset=\"https:\/\/ehplus.do\/wp-content\/uploads\/2026\/03\/Emabajada-pases-bajos-bicicletada-en-Santo-Domingo-Este-por-la-salud-de-las-mujeres-300x158.jpeg 300w, https:\/\/ehplus.do\/wp-content\/uploads\/2026\/03\/Emabajada-pases-bajos-bicicletada-en-Santo-Domingo-Este-por-la-salud-de-las-mujeres-150x79.jpeg 150w, https:\/\/ehplus.do\/wp-content\/uploads\/2026\/03\/Emabajada-pases-bajos-bicicletada-en-Santo-Domingo-Este-por-la-salud-de-las-mujeres-696x365.jpeg 696w, https:\/\/ehplus.do\/wp-content\/uploads\/2026\/03\/Emabajada-pases-bajos-bicicletada-en-Santo-Domingo-Este-por-la-salud-de-las-mujeres-600x315.jpeg 600w, https:\/\/ehplus.do\/wp-content\/uploads\/2026\/03\/Emabajada-pases-bajos-bicicletada-en-Santo-Domingo-Este-por-la-salud-de-las-mujeres.jpeg 720w\" alt=\"Embajada de Pa\u00edses Bajos y Ayuntamiento de SDE impulsan la cultura ciclista en RD.\" width=\"640\" height=\"336\"\/><figcaption id=\"caption-attachment-96247\" class=\"wp-caption-text\">Embajada de Pa\u00edses Bajos y Ayuntamiento de SDE impulsan la cultura ciclista en RD\/ Fuente externa.<\/figcaption><\/figure>\n<p>La experiencia neerlandesa demuestra que el desarrollo de una cultura de\u00a0<strong>movilidad<\/strong>\u00a0basada en la bicicleta requiere planificaci\u00f3n urbana, educaci\u00f3n vial e infraestructura adecuada. En ese sentido, destacaron que el pa\u00eds europeo cuenta actualmente con\u00a0<b>m\u00e1s de 37,000 kil\u00f3metros de ciclov\u00edas<\/b>, lo que lo posiciona como uno de los referentes mundiales en ciclismo urbano.<\/p>\n<p>La embajada tambi\u00e9n subray\u00f3 que la bicicleta es un<strong>\u00a0medio de transporte<\/strong>\u00a0accesible e inclusivo, que puede beneficiar a personas de todas las edades y estratos sociales.<\/p>\n<p>En particular, se\u00f1alaron que iniciativas como esta pueden contribuir a fortalecer la independencia y la participaci\u00f3n de las mujeres en los espacios p\u00fablicos, siempre que existan condiciones adecuadas de\u00a0<strong>seguridad vial.<\/strong><\/p>\n<p>Asimismo, indicaron que la Rep\u00fablica Dominicana ha comenzado a dar pasos hacia una cultura de\u00a0<strong>movilidad m\u00e1s sostenible<\/strong>, con la participaci\u00f3n de autoridades, colectivos ciclistas y ciudadanos interesados en impulsar alternativas de transporte m\u00e1s saludables.<\/p>\n<p>La bicicletada\u00a0<b>\u201cPedaleando por la Salud de las Mujeres\u201d<\/b>\u00a0se realizar\u00e1 este\u00a0<b>jueves 12 de marzo a las 7:00 de la noche<\/b>, con punto de encuentro en la explanada central del Ayuntamiento de Santo Domingo Este. La actividad estar\u00e1 abierta al p\u00fablico general, con especial \u00e9nfasis en la participaci\u00f3n de mujeres, familias y organizaciones comunitarias.<\/p>\n<p>La jornada busca promover la actividad f\u00edsica como herramienta para el bienestar f\u00edsico, mental y emocional, adem\u00e1s de incentivar el uso de la bicicleta como medio de transporte sostenible y fortalecer la cooperaci\u00f3n entre instituciones en favor de ciudades m\u00e1s saludables e inclusivas.<\/p>\n<p><h3 class=\"jp-relatedposts-headline\"><em>Relacionado<\/em><\/h3>\n<\/p>\n<p>\t\t\t\t\t\t<!-- .entry-footer --><br \/>\n\t\t\t\t\t\t<!-- \n\n<div data-type=\"_mgwidget\" data-widget-id=\"1743501\"><\/div>\n\n  -->\n\t\t\t\t\t<\/div>\n","protected":false},"excerpt":{"rendered":"<p>Frank Keurhorst, embajador del Reino de los Pa\u00edses Bajos. (Fuente externa) Leer resumen de la noticia (IA) CLICK AQU\u00cd Analizando noticia&#8230; por favor espera. EL NUEVO DIARIO, SANTO DOMINGO.- La Embajada del Reino de los Pa\u00edses Bajos en la Rep\u00fablica Dominicana anunci\u00f3 la realizaci\u00f3n de la bicicletada \u201cPedaleando por la Salud de las Mujeres\u201d, una<\/p>\n","protected":false},"author":1,"featured_media":26955,"comment_status":"open","ping_status":"open","sticky":false,"template":"","format":"standard","meta":{"footnotes":""},"categories":[2],"tags":[],"class_list":["post-26954","post","type-post","status-publish","format-standard","has-post-thumbnail","hentry","category-deporte"],"_links":{"self":[{"href":"https:\/\/acronoticias.com\/index.php\/wp-json\/wp\/v2\/posts\/26954","targetHints":{"allow":["GET"]}}],"collection":[{"href":"https:\/\/acronoticias.com\/index.php\/wp-json\/wp\/v2\/posts"}],"about":[{"href":"https:\/\/acronoticias.com\/index.php\/wp-json\/wp\/v2\/types\/post"}],"author":[{"embeddable":true,"href":"https:\/\/acronoticias.com\/index.php\/wp-json\/wp\/v2\/users\/1"}],"replies":[{"embeddable":true,"href":"https:\/\/acronoticias.com\/index.php\/wp-json\/wp\/v2\/comments?post=26954"}],"version-history":[{"count":0,"href":"https:\/\/acronoticias.com\/index.php\/wp-json\/wp\/v2\/posts\/26954\/revisions"}],"wp:featuredmedia":[{"embeddable":true,"href":"https:\/\/acronoticias.com\/index.php\/wp-json\/wp\/v2\/media\/26955"}],"wp:attachment":[{"href":"https:\/\/acronoticias.com\/index.php\/wp-json\/wp\/v2\/media?parent=26954"}],"wp:term":[{"taxonomy":"category","embeddable":true,"href":"https:\/\/acronoticias.com\/index.php\/wp-json\/wp\/v2\/categories?post=26954"},{"taxonomy":"post_tag","embeddable":true,"href":"https:\/\/acronoticias.com\/index.php\/wp-json\/wp\/v2\/tags?post=26954"}],"curies":[{"name":"wp","href":"https:\/\/api.w.org\/{rel}","templated":true}]}}