{"id":26950,"date":"2026-03-11T19:27:43","date_gmt":"2026-03-11T19:27:43","guid":{"rendered":"https:\/\/acronoticias.com\/index.php\/2026\/03\/11\/profesor-uasd-expone-sobre-el-papel-del-patricio-sanchez-a-favor-de-la-independencia-nacional-el-nuevo-diario-republica-dominicana\/"},"modified":"2026-03-11T19:27:43","modified_gmt":"2026-03-11T19:27:43","slug":"profesor-uasd-expone-sobre-el-papel-del-patricio-sanchez-a-favor-de-la-independencia-nacional-el-nuevo-diario-republica-dominicana","status":"publish","type":"post","link":"https:\/\/acronoticias.com\/index.php\/2026\/03\/11\/profesor-uasd-expone-sobre-el-papel-del-patricio-sanchez-a-favor-de-la-independencia-nacional-el-nuevo-diario-republica-dominicana\/","title":{"rendered":"Profesor UASD expone sobre el papel del patricio S\u00e1nchez a favor de la Independencia Nacional \u2013 El Nuevo Diario (Rep\u00fablica Dominicana)"},"content":{"rendered":"<p><i class=\"bi bi-camera-fill\" style=\"font-size:18px; color:var(--rojo)\"\/> El expositor Neido Nova  se dirige a los presentes. (Foto: UASD)<\/p>\n<div>\n<div id=\"gemini-summary-wrapper\" class=\"mb-3\">\n                <button id=\"btn-get-summary\" class=\"gemini-btn\" data-post-id=\"3045342\" data-post-title=\"Profesor UASD expone sobre el papel del patricio S\u00e1nchez a favor de la Independencia Nacional\"><br \/>\n                    Leer resumen <b class=\"d-none d-md-inline\">de la noticia<\/b> (IA) <span>CLICK AQU\u00cd<\/span><br \/>\n                <\/button><\/p>\n<div id=\"gemini-loading\" class=\"mb-3\">\n<p>                    <span>Analizando noticia&#8230; por favor espera.<\/span>\n                <\/div>\n<\/p><\/div>\n<p>EL NUEVO DIARIO, SANTO DOMINGO.- Un profesor de la Universidad Aut\u00f3noma de Santo Domingo (UASD) expuso sobre el papel del patricio S\u00e1nchez a favor de la Independencia Nacional, al dictar la conferencia \u201cFrancisco del Rosario S\u00e1nchez: pr\u00f3cer y m\u00e1rtir de la Rep\u00fablica\u201d, con motivo del 209 aniversario de su natalicio, el pasado 9 de marzo.<\/p>\n<p>El maestro Neido Nova, quien es coordinador de C\u00e1tedra de Historia, de la Escuela de Historia y Antropolog\u00eda, de la Facultad de Humanidades (FH), hizo su exposici\u00f3n en el paraninfo \u201cFrancisco Antonio Avelino\u201d, de esa unidad acad\u00e9mica.<\/p>\n<p>El vicedecano de Humanidades, maestro \u00c1lvaro Caama\u00f1o, tras encabezar el evento, dio las palabras de bienvenida a los presentes, y present\u00f3 al conferencista.<\/p>\n<figure id=\"attachment_3045353\" aria-describedby=\"caption-attachment-3045353\" style=\"width: 830px\" class=\"wp-caption alignnone\"><img loading=\"lazy\" data-recalc-dims=\"1\" data-dominant-color=\"9ca2a4\" data-has-transparency=\"false\" style=\"--dominant-color: #9ca2a4;\" decoding=\"async\" class=\"size-full wp-image-3045353 not-transparent\" src=\"https:\/\/i0.wp.com\/nuevodiario-assets.s3.us-east-2.amazonaws.com\/wp-content\/uploads\/2026\/03\/Profesor-UASD-expone-sobre-el-papel-del-patricio-Sanchez-a-favor-de-la-Independencia-Nacional-1.jpg?resize=640%2C427&amp;quality=100&amp;ssl=1\" alt=\"\" width=\"640\" height=\"427\" srcset=\"https:\/\/nuevodiario-assets.s3.us-east-2.amazonaws.com\/wp-content\/uploads\/2026\/03\/Profesor-UASD-expone-sobre-el-papel-del-patricio-Sanchez-a-favor-de-la-Independencia-Nacional-1.jpg 830w, https:\/\/nuevodiario-assets.s3.us-east-2.amazonaws.com\/wp-content\/uploads\/2026\/03\/Profesor-UASD-expone-sobre-el-papel-del-patricio-Sanchez-a-favor-de-la-Independencia-Nacional-1.jpg 400w, https:\/\/nuevodiario-assets.s3.us-east-2.amazonaws.com\/wp-content\/uploads\/2026\/03\/Profesor-UASD-expone-sobre-el-papel-del-patricio-Sanchez-a-favor-de-la-Independencia-Nacional-1.jpg 800w, https:\/\/nuevodiario-assets.s3.us-east-2.amazonaws.com\/wp-content\/uploads\/2026\/03\/Profesor-UASD-expone-sobre-el-papel-del-patricio-Sanchez-a-favor-de-la-Independencia-Nacional-1.jpg 768w, https:\/\/nuevodiario-assets.s3.us-east-2.amazonaws.com\/wp-content\/uploads\/2026\/03\/Profesor-UASD-expone-sobre-el-papel-del-patricio-Sanchez-a-favor-de-la-Independencia-Nacional-1.jpg 410w, https:\/\/nuevodiario-assets.s3.us-east-2.amazonaws.com\/wp-content\/uploads\/2026\/03\/Profesor-UASD-expone-sobre-el-papel-del-patricio-Sanchez-a-favor-de-la-Independencia-Nacional-1.jpg 600w\" sizes=\"auto, (max-width: 640px) 100vw, 640px\"\/><figcaption id=\"caption-attachment-3045353\" class=\"wp-caption-text\"><em><strong>Integrantes de la mesa de honor. (Foto: UASD)<\/strong><\/em><\/figcaption><\/figure>\n<p>En tanto, el conferencista Nova destac\u00f3 que el pr\u00f3cer fue un pensador patriota que particip\u00f3 en la organizaci\u00f3n de la Sociedad Secreta la Trinitaria, \u201cy un abanderado de los ideales de Duarte y un adalid del siglo 19\u201d.<\/p>\n<p>Rese\u00f1\u00f3 que S\u00e1nchez fue el que asumi\u00f3 la direcci\u00f3n del movimiento independentista y particip\u00f3 en la lucha por la Restauraci\u00f3n de la Rep\u00fablica en 1863.<\/p>\n<p>Agreg\u00f3 que el patricio en aquel momento fue el organizador de la Rep\u00fablica Dominicana, porque demostr\u00f3 tener firmeza organizativa del proceso de la independencia y encabez\u00f3 el derrocamiento de los directivos haitianos que encabezaban el gobierno de ocupaci\u00f3n en la parte Este de la isla.<\/p>\n<p>\u201cFue pieza clave que contribuy\u00f3 con la confecci\u00f3n del Manifiesto del 16 de Enero de 1844, de la Independencia de 1844, a quien se le atribuye su autor\u00eda, documento que ten\u00eda doble prop\u00f3sito: Independencia Nacional y la separaci\u00f3n de Hait\u00ed\u201d, signific\u00f3 el acad\u00e9mico, seg\u00fan se\u00f1ala un comunicado.<\/p>\n<p>El maestro Nova se\u00f1al\u00f3 que S\u00e1nchez se integr\u00f3 la Junta Central Gubernativa, \u00f3rgano que encabez\u00f3 el gobierno despu\u00e9s de proclamada la Independencia de la Rep\u00fablica.<\/p>\n<p>\u201cS\u00e1nchez manifest\u00f3 su acci\u00f3n sobre la anexi\u00f3n a Espa\u00f1a, asumi\u00f3 una transformaci\u00f3n en su vida, y llam\u00f3 al pueblo a manifestarse contra esa acci\u00f3n que mancillaba la soberan\u00eda nacional\u201d, destac\u00f3 Nova.<\/p>\n<h3>Sobre la vida de S\u00e1nchez<\/h3>\n<p>El personaje de S\u00e1nchez, que despierta m\u00e1s pasi\u00f3n en la historia dominicana, porque \u00e9l y su familia fue la que m\u00e1s sangre aport\u00f3 al proceso de independencia del pa\u00eds, su t\u00eda, Mar\u00eda Trinidad S\u00e1nchez, su hermano Andr\u00e9s S\u00e1nchez, y \u00e9l fueron fusilados por Pedro Santana.<\/p>\n<p>El patricio fue el creador del Manifiesto del 16 de enero de 1844, que constituye el primer esbozo de Constituci\u00f3n, a \u00e9l se le ha querido negar la producci\u00f3n intelectual de su autor\u00eda, porque desciende de una familia de esclavos libertos, pues \u00e9l ven\u00eda de ese grupo \u00e9tnico.<\/p>\n<p>Fue tenedor de libros, abogado de oficio. Sobre \u00e9l qued\u00f3 la conducci\u00f3n del movimiento trinitario cuando Duarte tuvo que ausentarse del pa\u00eds para evadir la persecuci\u00f3n del gobierno haitiano de ocupaci\u00f3n.<\/p>\n<p>S\u00e1nchez estuvo en la proclamaci\u00f3n de la Rep\u00fablica el 27 de febrero de 1844, en el grito de 1861 contra la anexi\u00f3n del pa\u00eds a Espa\u00f1a.<\/p>\n<p>La mesa directiva estuvo integrada, adem\u00e1s, por el maestro Francisco Acosta, director de la Divisi\u00f3n de Postgrado y Educaci\u00f3n Permanente, de Humanidades; el maestro Juan de la Cruz, de la Escuela de Historia y Antropolog\u00eda, y la maestra Petronila Dotel, coordinadora de la C\u00e1tedra de Historia.<\/p>\n<p><h3 class=\"jp-relatedposts-headline\"><em>Relacionado<\/em><\/h3>\n<\/p>\n<p>\t\t\t\t\t\t<!-- .entry-footer --><br \/>\n\t\t\t\t\t\t<!-- \n\n<div data-type=\"_mgwidget\" data-widget-id=\"1743501\"><\/div>\n\n  -->\n\t\t\t\t\t<\/div>\n","protected":false},"excerpt":{"rendered":"<p>El expositor Neido Nova se dirige a los presentes. (Foto: UASD) Leer resumen de la noticia (IA) CLICK AQU\u00cd Analizando noticia&#8230; por favor espera. EL NUEVO DIARIO, SANTO DOMINGO.- Un profesor de la Universidad Aut\u00f3noma de Santo Domingo (UASD) expuso sobre el papel del patricio S\u00e1nchez a favor de la Independencia Nacional, al dictar la<\/p>\n","protected":false},"author":1,"featured_media":26951,"comment_status":"open","ping_status":"open","sticky":false,"template":"","format":"standard","meta":{"footnotes":""},"categories":[1],"tags":[],"class_list":["post-26950","post","type-post","status-publish","format-standard","has-post-thumbnail","hentry","category-nacionales"],"_links":{"self":[{"href":"https:\/\/acronoticias.com\/index.php\/wp-json\/wp\/v2\/posts\/26950","targetHints":{"allow":["GET"]}}],"collection":[{"href":"https:\/\/acronoticias.com\/index.php\/wp-json\/wp\/v2\/posts"}],"about":[{"href":"https:\/\/acronoticias.com\/index.php\/wp-json\/wp\/v2\/types\/post"}],"author":[{"embeddable":true,"href":"https:\/\/acronoticias.com\/index.php\/wp-json\/wp\/v2\/users\/1"}],"replies":[{"embeddable":true,"href":"https:\/\/acronoticias.com\/index.php\/wp-json\/wp\/v2\/comments?post=26950"}],"version-history":[{"count":0,"href":"https:\/\/acronoticias.com\/index.php\/wp-json\/wp\/v2\/posts\/26950\/revisions"}],"wp:featuredmedia":[{"embeddable":true,"href":"https:\/\/acronoticias.com\/index.php\/wp-json\/wp\/v2\/media\/26951"}],"wp:attachment":[{"href":"https:\/\/acronoticias.com\/index.php\/wp-json\/wp\/v2\/media?parent=26950"}],"wp:term":[{"taxonomy":"category","embeddable":true,"href":"https:\/\/acronoticias.com\/index.php\/wp-json\/wp\/v2\/categories?post=26950"},{"taxonomy":"post_tag","embeddable":true,"href":"https:\/\/acronoticias.com\/index.php\/wp-json\/wp\/v2\/tags?post=26950"}],"curies":[{"name":"wp","href":"https:\/\/api.w.org\/{rel}","templated":true}]}}