{"id":26946,"date":"2026-03-11T18:55:10","date_gmt":"2026-03-11T18:55:10","guid":{"rendered":"https:\/\/acronoticias.com\/index.php\/2026\/03\/11\/rd-sera-sede-del-cuadragesimo-primer-periodo-de-sesiones-de-la-cepal-el-nuevo-diario-republica-dominicana\/"},"modified":"2026-03-11T18:55:10","modified_gmt":"2026-03-11T18:55:10","slug":"rd-sera-sede-del-cuadragesimo-primer-periodo-de-sesiones-de-la-cepal-el-nuevo-diario-republica-dominicana","status":"publish","type":"post","link":"https:\/\/acronoticias.com\/index.php\/2026\/03\/11\/rd-sera-sede-del-cuadragesimo-primer-periodo-de-sesiones-de-la-cepal-el-nuevo-diario-republica-dominicana\/","title":{"rendered":"RD ser\u00e1 sede del Cuadrag\u00e9simo Primer Per\u00edodo de Sesiones de la Cepal \u2013 El Nuevo Diario (Rep\u00fablica Dominicana)"},"content":{"rendered":"<p><i class=\"bi bi-camera-fill\" style=\"font-size:18px; color:var(--rojo)\"\/> Canciller Roberto \u00c1lvarez y Luis Fidel Y\u00e1\u00f1ez, secretario de la Cepal (Foto: Fuente externa)<\/p>\n<div>\n<div id=\"gemini-summary-wrapper\" class=\"mb-3\">\n                <button id=\"btn-get-summary\" class=\"gemini-btn\" data-post-id=\"3045300\" data-post-title=\"RD ser\u00e1 sede del Cuadrag\u00e9simo Primer Per\u00edodo de Sesiones de la Cepal\"><br \/>\n                    Leer resumen <b class=\"d-none d-md-inline\">de la noticia<\/b> (IA) <span>CLICK AQU\u00cd<\/span><br \/>\n                <\/button><\/p>\n<div id=\"gemini-loading\" class=\"mb-3\">\n<p>                    <span>Analizando noticia&#8230; por favor espera.<\/span>\n                <\/div>\n<\/p><\/div>\n<p>EL NUEVO DIARIO, CHILE.\u2013 Rep\u00fablica Dominicana ser\u00e1 el pa\u00eds anfitri\u00f3n del Cuadrag\u00e9simo Primer Per\u00edodo de Sesiones de la Comisi\u00f3n Econ\u00f3mica para Am\u00e9rica Latina y el Caribe (Cepal), a celebrarse del 7 al 9 de octubre de 2026 en la ciudad de Santiago de los Caballeros.<\/p>\n<p>El acuerdo sede para este importante evento fue suscrito en Chile por el canciller dominicano Roberto \u00c1lvarez y el secretario de la Comisi\u00f3n Econ\u00f3mica para Am\u00e9rica Latina y el Caribe (Cepal), Luis Fidel Y\u00e1\u00f1ez.<\/p>\n<p>En este encuentro participar\u00e1n ministros de Relaciones Exteriores, otras autoridades y representantes gubernamentales de los pa\u00edses miembros, as\u00ed como expertos, para dialogar sobre los principales desaf\u00edos econ\u00f3micos, sociales y ambientales de la regi\u00f3n.<\/p>\n<figure id=\"attachment_3045308\" aria-describedby=\"caption-attachment-3045308\" style=\"width: 1600px\" class=\"wp-caption alignnone\"><img loading=\"lazy\" data-recalc-dims=\"1\" data-dominant-color=\"8a5834\" data-has-transparency=\"false\" style=\"--dominant-color: #8a5834;\" decoding=\"async\" class=\"size-full wp-image-3045308 not-transparent\" src=\"https:\/\/i0.wp.com\/nuevodiario-assets.s3.us-east-2.amazonaws.com\/wp-content\/uploads\/2026\/03\/Firma-del-acuerdo-Cepal-RD.jpeg?resize=640%2C426&amp;quality=100&amp;ssl=1\" alt=\"\" width=\"640\" height=\"426\" srcset=\"https:\/\/nuevodiario-assets.s3.us-east-2.amazonaws.com\/wp-content\/uploads\/2026\/03\/Firma-del-acuerdo-Cepal-RD.jpeg 1600w, https:\/\/nuevodiario-assets.s3.us-east-2.amazonaws.com\/wp-content\/uploads\/2026\/03\/Firma-del-acuerdo-Cepal-RD.jpeg 400w, https:\/\/nuevodiario-assets.s3.us-east-2.amazonaws.com\/wp-content\/uploads\/2026\/03\/Firma-del-acuerdo-Cepal-RD.jpeg 800w, https:\/\/nuevodiario-assets.s3.us-east-2.amazonaws.com\/wp-content\/uploads\/2026\/03\/Firma-del-acuerdo-Cepal-RD.jpeg 768w, https:\/\/nuevodiario-assets.s3.us-east-2.amazonaws.com\/wp-content\/uploads\/2026\/03\/Firma-del-acuerdo-Cepal-RD.jpeg 1536w, https:\/\/nuevodiario-assets.s3.us-east-2.amazonaws.com\/wp-content\/uploads\/2026\/03\/Firma-del-acuerdo-Cepal-RD.jpeg 600w, https:\/\/nuevodiario-assets.s3.us-east-2.amazonaws.com\/wp-content\/uploads\/2026\/03\/Firma-del-acuerdo-Cepal-RD.jpeg 1280w\" sizes=\"auto, (max-width: 640px) 100vw, 640px\"\/><figcaption id=\"caption-attachment-3045308\" class=\"wp-caption-text\">Canciller Roberto \u00c1lvarez y Luis Fidel Y\u00e1\u00f1ez, secretario de la Cepal (Foto: Fuente externa)<\/figcaption><\/figure>\n<p>Seg\u00fan una nota informativa, durante el acto de firma, el canciller \u00c1lvarez destac\u00f3 que la elecci\u00f3n de Rep\u00fablica Dominicana como sede de este per\u00edodo de sesiones refleja la confianza de la Cepal en el pa\u00eds y reafirma el compromiso del Gobierno dominicano con el multilateralismo, la cooperaci\u00f3n regional y la promoci\u00f3n de pol\u00edticas orientadas al desarrollo de Am\u00e9rica Latina y el Caribe.<\/p>\n<p>Asimismo, subray\u00f3 que la realizaci\u00f3n de este encuentro en Santiago de los Caballeros reviste un significado especial, por ser esta una de las principales ciudades del pa\u00eds y motor importante de la actividad econ\u00f3mica, cultural y acad\u00e9mica de la regi\u00f3n del Cibao.<\/p>\n<p>\u201cCelebrar este per\u00edodo de sesiones en el norte del pa\u00eds refleja la visi\u00f3n de nuestro Gobierno de continuar promoviendo una mayor descentralizaci\u00f3n del desarrollo y de la inversi\u00f3n p\u00fablica, impulsando oportunidades de crecimiento en todo el territorio nacional\u201d, destac\u00f3.<\/p>\n<p>El ministro Roberto \u00c1lvarez estuvo acompa\u00f1ado por el embajador dominicano en Chile, Juan Cohen.<\/p>\n<p><img data-recalc-dims=\"1\" data-dominant-color=\"937253\" data-has-transparency=\"false\" style=\"--dominant-color: #937253;\" loading=\"lazy\" decoding=\"async\" class=\"alignnone size-full wp-image-3045309 not-transparent\" src=\"https:\/\/i0.wp.com\/nuevodiario-assets.s3.us-east-2.amazonaws.com\/wp-content\/uploads\/2026\/03\/Firma-del-acuerdo-RD-Cepal.jpeg?resize=640%2C426&amp;quality=100&amp;ssl=1\" alt=\"\" width=\"640\" height=\"426\" srcset=\"https:\/\/nuevodiario-assets.s3.us-east-2.amazonaws.com\/wp-content\/uploads\/2026\/03\/Firma-del-acuerdo-RD-Cepal.jpeg 1600w, https:\/\/nuevodiario-assets.s3.us-east-2.amazonaws.com\/wp-content\/uploads\/2026\/03\/Firma-del-acuerdo-RD-Cepal.jpeg 400w, https:\/\/nuevodiario-assets.s3.us-east-2.amazonaws.com\/wp-content\/uploads\/2026\/03\/Firma-del-acuerdo-RD-Cepal.jpeg 800w, https:\/\/nuevodiario-assets.s3.us-east-2.amazonaws.com\/wp-content\/uploads\/2026\/03\/Firma-del-acuerdo-RD-Cepal.jpeg 768w, https:\/\/nuevodiario-assets.s3.us-east-2.amazonaws.com\/wp-content\/uploads\/2026\/03\/Firma-del-acuerdo-RD-Cepal.jpeg 1536w, https:\/\/nuevodiario-assets.s3.us-east-2.amazonaws.com\/wp-content\/uploads\/2026\/03\/Firma-del-acuerdo-RD-Cepal.jpeg 600w, https:\/\/nuevodiario-assets.s3.us-east-2.amazonaws.com\/wp-content\/uploads\/2026\/03\/Firma-del-acuerdo-RD-Cepal.jpeg 1280w\" sizes=\"auto, (max-width: 640px) 100vw, 640px\"\/><\/p>\n<h2><strong>Sobre la Cepal<\/strong><\/h2>\n<p>La Cepal es una de las cinco comisiones regionales de las Naciones Unidas que busca contribuir al desarrollo econ\u00f3mico de Am\u00e9rica Latina y el Caribe, coordinar las acciones encaminadas a su promoci\u00f3n y reforzar las relaciones econ\u00f3micas de los pa\u00edses entre s\u00ed y con las dem\u00e1s naciones del mundo.<\/p>\n<p>El Per\u00edodo de Sesiones de la Cepal constituye el principal encuentro bienal de este organismo, en el que los Estados miembros examinan los avances en materia de desarrollo econ\u00f3mico y social, y definen orientaciones estrat\u00e9gicas para fortalecer la cooperaci\u00f3n regional.<\/p>\n<p>Rep\u00fablica Dominicana ocupa actualmente una de las tres Vicepresidencias de la Cepal y se prev\u00e9 que luego de la celebraci\u00f3n del Per\u00edodo de Sesiones de este 2026, el pa\u00eds asuma la Presidencia del organismo para el per\u00edodo 2026\u20132028.<\/p>\n<p>\u00a0<\/p>\n<p>\u00a0<\/p>\n<p>JSB\/<\/p>\n<p><h3 class=\"jp-relatedposts-headline\"><em>Relacionado<\/em><\/h3>\n<\/p>\n<p>\t\t\t\t\t\t<!-- .entry-footer --><br \/>\n\t\t\t\t\t\t<!-- \n\n<div data-type=\"_mgwidget\" data-widget-id=\"1743501\"><\/div>\n\n  -->\n\t\t\t\t\t<\/div>\n","protected":false},"excerpt":{"rendered":"<p>Canciller Roberto \u00c1lvarez y Luis Fidel Y\u00e1\u00f1ez, secretario de la Cepal (Foto: Fuente externa) Leer resumen de la noticia (IA) CLICK AQU\u00cd Analizando noticia&#8230; por favor espera. EL NUEVO DIARIO, CHILE.\u2013 Rep\u00fablica Dominicana ser\u00e1 el pa\u00eds anfitri\u00f3n del Cuadrag\u00e9simo Primer Per\u00edodo de Sesiones de la Comisi\u00f3n Econ\u00f3mica para Am\u00e9rica Latina y el Caribe (Cepal), a<\/p>\n","protected":false},"author":1,"featured_media":26947,"comment_status":"open","ping_status":"open","sticky":false,"template":"","format":"standard","meta":{"footnotes":""},"categories":[1],"tags":[],"class_list":["post-26946","post","type-post","status-publish","format-standard","has-post-thumbnail","hentry","category-nacionales"],"_links":{"self":[{"href":"https:\/\/acronoticias.com\/index.php\/wp-json\/wp\/v2\/posts\/26946","targetHints":{"allow":["GET"]}}],"collection":[{"href":"https:\/\/acronoticias.com\/index.php\/wp-json\/wp\/v2\/posts"}],"about":[{"href":"https:\/\/acronoticias.com\/index.php\/wp-json\/wp\/v2\/types\/post"}],"author":[{"embeddable":true,"href":"https:\/\/acronoticias.com\/index.php\/wp-json\/wp\/v2\/users\/1"}],"replies":[{"embeddable":true,"href":"https:\/\/acronoticias.com\/index.php\/wp-json\/wp\/v2\/comments?post=26946"}],"version-history":[{"count":0,"href":"https:\/\/acronoticias.com\/index.php\/wp-json\/wp\/v2\/posts\/26946\/revisions"}],"wp:featuredmedia":[{"embeddable":true,"href":"https:\/\/acronoticias.com\/index.php\/wp-json\/wp\/v2\/media\/26947"}],"wp:attachment":[{"href":"https:\/\/acronoticias.com\/index.php\/wp-json\/wp\/v2\/media?parent=26946"}],"wp:term":[{"taxonomy":"category","embeddable":true,"href":"https:\/\/acronoticias.com\/index.php\/wp-json\/wp\/v2\/categories?post=26946"},{"taxonomy":"post_tag","embeddable":true,"href":"https:\/\/acronoticias.com\/index.php\/wp-json\/wp\/v2\/tags?post=26946"}],"curies":[{"name":"wp","href":"https:\/\/api.w.org\/{rel}","templated":true}]}}