{"id":26942,"date":"2026-03-11T18:45:36","date_gmt":"2026-03-11T18:45:36","guid":{"rendered":"https:\/\/acronoticias.com\/index.php\/2026\/03\/11\/ministro-de-deportes-de-iran-dice-que-la-seleccion-no-podra-participar-en-el-mundial-2026\/"},"modified":"2026-03-11T18:45:36","modified_gmt":"2026-03-11T18:45:36","slug":"ministro-de-deportes-de-iran-dice-que-la-seleccion-no-podra-participar-en-el-mundial-2026","status":"publish","type":"post","link":"https:\/\/acronoticias.com\/index.php\/2026\/03\/11\/ministro-de-deportes-de-iran-dice-que-la-seleccion-no-podra-participar-en-el-mundial-2026\/","title":{"rendered":"Ministro de Deportes de Ir\u00e1n dice que la selecci\u00f3n no podr\u00e1 participar en el Mundial 2026"},"content":{"rendered":"<div data-td-block-uid=\"tdi_101\">\n<div class=\"tdb-block-inner td-fix-index\">\n<p>Ir\u00e1n ha anunciado formalmente que su selecci\u00f3n de f\u00fatbol\u00a0<strong>no participar\u00e1<\/strong>\u00a0en el Mundial de 2026. El ministro de Deportes, Ahmad Donyamali, justific\u00f3 la decisi\u00f3n tras el asesinato del l\u00edder supremo, el ayatol\u00e1 Al\u00ed Jamenei, responsabilizando directamente a\u00a0<strong>Estados Unidos<\/strong>\u00a0por las recientes ofensivas b\u00e9licas que han causado miles de v\u00edctimas en el pa\u00eds.<\/p>\n<p>El gobierno iran\u00ed sostiene que el entorno en Norteam\u00e9rica no es apto para sus deportistas. Seg\u00fan Donyamali, la seguridad de los jugadores\u00a0<strong>no estar\u00eda garantizada<\/strong>\u00a0en territorio estadounidense, lo que hace \u00abimposible\u00bb su asistencia a los encuentros que ten\u00edan programados en sedes como Inglewood y Seattle contra sus rivales de grupo.<\/p>\n<p>Pese a la tensi\u00f3n diplom\u00e1tica, el presidente de la FIFA,\u00a0<strong>Gianni Infantino<\/strong>, asegur\u00f3 tras reunirse con Donald Trump que Ir\u00e1n tiene permiso para ingresar al pa\u00eds. Trump reiter\u00f3 que el equipo es \u00abbienvenido\u00bb a competir, intentando separar el conflicto b\u00e9lico de la organizaci\u00f3n del torneo, mientras Infantino aboga por el f\u00fatbol como una herramienta de\u00a0<strong>uni\u00f3n global<\/strong>.<\/p>\n<p>Desde la FIFA, los directivos descartan cualquier posibilidad de\u00a0<strong>posponer el torneo<\/strong>, calific\u00e1ndolo como un evento \u00abdemasiado grande\u00bb para detenerse por la agitaci\u00f3n global. Aunque Heimo Schirgi, director de operaciones, admiti\u00f3 que siguen de cerca la guerra, la postura oficial es que el Mundial seguir\u00e1 adelante con o sin la presencia de todos los clasificados.<\/p>\n<p>Este conflicto pone a Estados Unidos en una posici\u00f3n delicada como anfitri\u00f3n. Si el pa\u00eds impidiera la entrada de un equipo clasificado por motivos pol\u00edticos, se arriesgar\u00eda a que la FIFA le\u00a0<strong>retire la sede<\/strong>, tal como ocurri\u00f3 anteriormente con Indonesia. Por ahora, el organismo espera que la resoluci\u00f3n se d\u00e9 d\u00eda a d\u00eda antes del inicio en junio.<\/p>\n<\/div>\n<\/div>\n","protected":false},"excerpt":{"rendered":"<p>Ir\u00e1n ha anunciado formalmente que su selecci\u00f3n de f\u00fatbol\u00a0no participar\u00e1\u00a0en el Mundial de 2026. El ministro de Deportes, Ahmad Donyamali, justific\u00f3 la decisi\u00f3n tras el asesinato del l\u00edder supremo, el ayatol\u00e1 Al\u00ed Jamenei, responsabilizando directamente a\u00a0Estados Unidos\u00a0por las recientes ofensivas b\u00e9licas que han causado miles de v\u00edctimas en el pa\u00eds. El gobierno iran\u00ed sostiene que<\/p>\n","protected":false},"author":1,"featured_media":26943,"comment_status":"open","ping_status":"open","sticky":false,"template":"","format":"standard","meta":{"footnotes":""},"categories":[2],"tags":[],"class_list":["post-26942","post","type-post","status-publish","format-standard","has-post-thumbnail","hentry","category-deporte"],"_links":{"self":[{"href":"https:\/\/acronoticias.com\/index.php\/wp-json\/wp\/v2\/posts\/26942","targetHints":{"allow":["GET"]}}],"collection":[{"href":"https:\/\/acronoticias.com\/index.php\/wp-json\/wp\/v2\/posts"}],"about":[{"href":"https:\/\/acronoticias.com\/index.php\/wp-json\/wp\/v2\/types\/post"}],"author":[{"embeddable":true,"href":"https:\/\/acronoticias.com\/index.php\/wp-json\/wp\/v2\/users\/1"}],"replies":[{"embeddable":true,"href":"https:\/\/acronoticias.com\/index.php\/wp-json\/wp\/v2\/comments?post=26942"}],"version-history":[{"count":0,"href":"https:\/\/acronoticias.com\/index.php\/wp-json\/wp\/v2\/posts\/26942\/revisions"}],"wp:featuredmedia":[{"embeddable":true,"href":"https:\/\/acronoticias.com\/index.php\/wp-json\/wp\/v2\/media\/26943"}],"wp:attachment":[{"href":"https:\/\/acronoticias.com\/index.php\/wp-json\/wp\/v2\/media?parent=26942"}],"wp:term":[{"taxonomy":"category","embeddable":true,"href":"https:\/\/acronoticias.com\/index.php\/wp-json\/wp\/v2\/categories?post=26942"},{"taxonomy":"post_tag","embeddable":true,"href":"https:\/\/acronoticias.com\/index.php\/wp-json\/wp\/v2\/tags?post=26942"}],"curies":[{"name":"wp","href":"https:\/\/api.w.org\/{rel}","templated":true}]}}