{"id":26940,"date":"2026-03-11T18:38:51","date_gmt":"2026-03-11T18:38:51","guid":{"rendered":"https:\/\/acronoticias.com\/index.php\/2026\/03\/11\/diputada-es-reconocida-por-su-labor-legislativa-a-favor-de-la-discapacidad-y-las-mujeres-el-nuevo-diario-republica-dominicana\/"},"modified":"2026-03-11T18:38:51","modified_gmt":"2026-03-11T18:38:51","slug":"diputada-es-reconocida-por-su-labor-legislativa-a-favor-de-la-discapacidad-y-las-mujeres-el-nuevo-diario-republica-dominicana","status":"publish","type":"post","link":"https:\/\/acronoticias.com\/index.php\/2026\/03\/11\/diputada-es-reconocida-por-su-labor-legislativa-a-favor-de-la-discapacidad-y-las-mujeres-el-nuevo-diario-republica-dominicana\/","title":{"rendered":"Diputada es reconocida por su labor legislativa a favor de la discapacidad y las mujeres \u2013 El Nuevo Diario (Rep\u00fablica Dominicana)"},"content":{"rendered":"<div>\n<div id=\"gemini-summary-wrapper\" class=\"mb-3\">\n                <button id=\"btn-get-summary\" class=\"gemini-btn\" data-post-id=\"3045280\" data-post-title=\"Diputada es reconocida por su labor legislativa a favor de la discapacidad y las mujeres\"><br \/>\n                    Leer resumen <b class=\"d-none d-md-inline\">de la noticia<\/b> (IA) <span>CLICK AQU\u00cd<\/span><br \/>\n                <\/button><\/p>\n<div id=\"gemini-loading\" class=\"mb-3\">\n<p>                    <span>Analizando noticia&#8230; por favor espera.<\/span>\n                <\/div>\n<\/p><\/div>\n<p>EL NUEVO DIARIO, SANTIAGO. \u2014 La diputada Mirna L\u00f3pez fue reconocida como una de las 25 Mujeres Ejemplares por la Alcald\u00eda de Santiago y la Comisi\u00f3n de G\u00e9nero del Concejo de Regidores, en el marco de la conmemoraci\u00f3n del D\u00eda Internacional de la Mujer.<\/p>\n<p>El acto de reconocimiento se celebr\u00f3 en el Sal\u00f3n Juan Pablo Duarte del Ayuntamiento de Santiago, donde se destac\u00f3 la trayectoria, liderazgo y aportes de mujeres que han impactado positivamente el desarrollo social, institucional y comunitario de la Rep\u00fablica Dominicana, destaca una nota de prensa.<\/p>\n<p>La diputada Mirna L\u00f3pez fue distinguida por su destacada labor legislativa, especialmente por impulsar una nueva Ley de Discapacidad orientada a fortalecer los derechos, la inclusi\u00f3n y la protecci\u00f3n de las personas con discapacidad en la Rep\u00fablica Dominicana, as\u00ed como por su trabajo constante en favor del empoderamiento y las oportunidades para las mujeres.<\/p>\n<figure id=\"attachment_3045312\" aria-describedby=\"caption-attachment-3045312\" style=\"width: 1280px\" class=\"wp-caption alignnone\"><img loading=\"lazy\" data-recalc-dims=\"1\" data-dominant-color=\"8c8297\" data-has-transparency=\"false\" style=\"--dominant-color: #8c8297;\" decoding=\"async\" class=\"size-full wp-image-3045312 not-transparent\" src=\"https:\/\/i0.wp.com\/nuevodiario-assets.s3.us-east-2.amazonaws.com\/wp-content\/uploads\/2026\/03\/Mirna-Lopez-al-ser-reconodida-en-Santiago-Foto-Prensa-Mirna-Lopez-3.jpeg?resize=640%2C427&amp;quality=100&amp;ssl=1\" alt=\"\" width=\"640\" height=\"427\" srcset=\"https:\/\/nuevodiario-assets.s3.us-east-2.amazonaws.com\/wp-content\/uploads\/2026\/03\/Mirna-Lopez-al-ser-reconodida-en-Santiago-Foto-Prensa-Mirna-Lopez-3.jpeg 1280w, https:\/\/nuevodiario-assets.s3.us-east-2.amazonaws.com\/wp-content\/uploads\/2026\/03\/Mirna-Lopez-al-ser-reconodida-en-Santiago-Foto-Prensa-Mirna-Lopez-3.jpeg 400w, https:\/\/nuevodiario-assets.s3.us-east-2.amazonaws.com\/wp-content\/uploads\/2026\/03\/Mirna-Lopez-al-ser-reconodida-en-Santiago-Foto-Prensa-Mirna-Lopez-3.jpeg 800w, https:\/\/nuevodiario-assets.s3.us-east-2.amazonaws.com\/wp-content\/uploads\/2026\/03\/Mirna-Lopez-al-ser-reconodida-en-Santiago-Foto-Prensa-Mirna-Lopez-3.jpeg 768w, https:\/\/nuevodiario-assets.s3.us-east-2.amazonaws.com\/wp-content\/uploads\/2026\/03\/Mirna-Lopez-al-ser-reconodida-en-Santiago-Foto-Prensa-Mirna-Lopez-3.jpeg 410w, https:\/\/nuevodiario-assets.s3.us-east-2.amazonaws.com\/wp-content\/uploads\/2026\/03\/Mirna-Lopez-al-ser-reconodida-en-Santiago-Foto-Prensa-Mirna-Lopez-3.jpeg 600w\" sizes=\"auto, (max-width: 640px) 100vw, 640px\"\/><figcaption id=\"caption-attachment-3045312\" class=\"wp-caption-text\"><strong>Mujeres reconocidas en Santiago (Foto: Prensa Mirna L\u00f3pez)<\/strong><\/figcaption><\/figure>\n<p>Asimismo, se reconoci\u00f3 su compromiso con las causas sociales, su liderazgo en el Congreso Nacional y su participaci\u00f3n activa en iniciativas dirigidas a mejorar la calidad de vida de los sectores m\u00e1s vulnerables de la sociedad.<\/p>\n<p>Este reconocimiento fue otorgado junto a un destacado grupo de mujeres l\u00edderes del pa\u00eds, entre ellas la vicepresidenta de la Rep\u00fablica Raquel Pe\u00f1a y la reconocida comunicadora Jatnna Tav\u00e1rez, adem\u00e1s de:<\/p>\n<p>-Altagracia Montero Soto<br \/>-Carmen Georgina V\u00e9lez D\u00edaz<br \/>-Dra. Delia Guti\u00e9rrez (Homenaje p\u00f3stumo)<br \/>-Dilenia Altagracia Garc\u00eda<br \/>-Elizabeth Burgos de Dom\u00ednguez<br \/>-Eladia Tu Cordero<\/p>\n<figure id=\"attachment_3045311\" aria-describedby=\"caption-attachment-3045311\" style=\"width: 1280px\" class=\"wp-caption alignnone\"><img data-recalc-dims=\"1\" data-dominant-color=\"5f525e\" data-has-transparency=\"false\" style=\"--dominant-color: #5f525e;\" loading=\"lazy\" decoding=\"async\" class=\"size-full wp-image-3045311 not-transparent\" src=\"https:\/\/i0.wp.com\/nuevodiario-assets.s3.us-east-2.amazonaws.com\/wp-content\/uploads\/2026\/03\/Mirna-Lopez-al-ser-reconodida-en-Santiago-Foto-Prensa-Mirna-Lopez-2.jpeg?resize=640%2C427&amp;quality=100&amp;ssl=1\" alt=\"\" width=\"640\" height=\"427\" srcset=\"https:\/\/nuevodiario-assets.s3.us-east-2.amazonaws.com\/wp-content\/uploads\/2026\/03\/Mirna-Lopez-al-ser-reconodida-en-Santiago-Foto-Prensa-Mirna-Lopez-2.jpeg 1280w, https:\/\/nuevodiario-assets.s3.us-east-2.amazonaws.com\/wp-content\/uploads\/2026\/03\/Mirna-Lopez-al-ser-reconodida-en-Santiago-Foto-Prensa-Mirna-Lopez-2.jpeg 400w, https:\/\/nuevodiario-assets.s3.us-east-2.amazonaws.com\/wp-content\/uploads\/2026\/03\/Mirna-Lopez-al-ser-reconodida-en-Santiago-Foto-Prensa-Mirna-Lopez-2.jpeg 800w, https:\/\/nuevodiario-assets.s3.us-east-2.amazonaws.com\/wp-content\/uploads\/2026\/03\/Mirna-Lopez-al-ser-reconodida-en-Santiago-Foto-Prensa-Mirna-Lopez-2.jpeg 768w, https:\/\/nuevodiario-assets.s3.us-east-2.amazonaws.com\/wp-content\/uploads\/2026\/03\/Mirna-Lopez-al-ser-reconodida-en-Santiago-Foto-Prensa-Mirna-Lopez-2.jpeg 410w, https:\/\/nuevodiario-assets.s3.us-east-2.amazonaws.com\/wp-content\/uploads\/2026\/03\/Mirna-Lopez-al-ser-reconodida-en-Santiago-Foto-Prensa-Mirna-Lopez-2.jpeg 600w\" sizes=\"auto, (max-width: 640px) 100vw, 640px\"\/><figcaption id=\"caption-attachment-3045311\" class=\"wp-caption-text\"><strong>Reconocidas en Santiago (Foto: Prensa Mirna L\u00f3pez)<\/strong><\/figcaption><\/figure>\n<p>-Enida V\u00e1squez<br \/>-D\u00e1 Lora Azna Reyes de la<br \/>-Hilda Dom\u00ednguez<br \/>-Ivette Paulina Ram\u00edrez Castellanos<br \/>-Luz Mercedes Brito<br \/>-Mar\u00eda Magdalena Almanzar<br \/>-Mercedes Carmen Capell\u00e1n Peralta<br \/>-Melanie Rodr\u00edguez Gonz\u00e1lez<br \/>-Olga Mar\u00eda Noboa Fern\u00e1ndez de Arocha<br \/>-Teresa Morel Mora<br \/>-Tuty Almonte de Zouain<br \/>-Victoria Altagracia Mart\u00ednez<\/p>\n<p>Durante la actividad, las autoridades municipales resaltaron que la iniciativa \u201c25 Mujeres Ejemplares\u201d busca reconocer el impacto del liderazgo femenino en distintos \u00e1mbitos de la sociedad y visibilizar el aporte de mujeres que, con su trabajo y dedicaci\u00f3n, contribuyen al desarrollo del pa\u00eds.<\/p>\n<p>El reconocimiento a la diputada Mirna L\u00f3pez reafirma su compromiso con una agenda legislativa centrada en la inclusi\u00f3n social, la defensa de los derechos de las personas con discapacidad y el fortalecimiento del rol de la mujer en la sociedad dominicana, pilares fundamentales para el desarrollo humano y la justicia social en el pa\u00eds.<\/p>\n<p>ADDP\/<\/p>\n<p><h3 class=\"jp-relatedposts-headline\"><em>Relacionado<\/em><\/h3>\n<\/p>\n<p>\t\t\t\t\t\t<!-- .entry-footer --><br \/>\n\t\t\t\t\t\t<!-- \n\n<div data-type=\"_mgwidget\" data-widget-id=\"1743501\"><\/div>\n\n  -->\n\t\t\t\t\t<\/div>\n","protected":false},"excerpt":{"rendered":"<p>Leer resumen de la noticia (IA) CLICK AQU\u00cd Analizando noticia&#8230; por favor espera. EL NUEVO DIARIO, SANTIAGO. \u2014 La diputada Mirna L\u00f3pez fue reconocida como una de las 25 Mujeres Ejemplares por la Alcald\u00eda de Santiago y la Comisi\u00f3n de G\u00e9nero del Concejo de Regidores, en el marco de la conmemoraci\u00f3n del D\u00eda Internacional de<\/p>\n","protected":false},"author":1,"featured_media":26941,"comment_status":"open","ping_status":"open","sticky":false,"template":"","format":"standard","meta":{"footnotes":""},"categories":[1],"tags":[],"class_list":["post-26940","post","type-post","status-publish","format-standard","has-post-thumbnail","hentry","category-nacionales"],"_links":{"self":[{"href":"https:\/\/acronoticias.com\/index.php\/wp-json\/wp\/v2\/posts\/26940","targetHints":{"allow":["GET"]}}],"collection":[{"href":"https:\/\/acronoticias.com\/index.php\/wp-json\/wp\/v2\/posts"}],"about":[{"href":"https:\/\/acronoticias.com\/index.php\/wp-json\/wp\/v2\/types\/post"}],"author":[{"embeddable":true,"href":"https:\/\/acronoticias.com\/index.php\/wp-json\/wp\/v2\/users\/1"}],"replies":[{"embeddable":true,"href":"https:\/\/acronoticias.com\/index.php\/wp-json\/wp\/v2\/comments?post=26940"}],"version-history":[{"count":0,"href":"https:\/\/acronoticias.com\/index.php\/wp-json\/wp\/v2\/posts\/26940\/revisions"}],"wp:featuredmedia":[{"embeddable":true,"href":"https:\/\/acronoticias.com\/index.php\/wp-json\/wp\/v2\/media\/26941"}],"wp:attachment":[{"href":"https:\/\/acronoticias.com\/index.php\/wp-json\/wp\/v2\/media?parent=26940"}],"wp:term":[{"taxonomy":"category","embeddable":true,"href":"https:\/\/acronoticias.com\/index.php\/wp-json\/wp\/v2\/categories?post=26940"},{"taxonomy":"post_tag","embeddable":true,"href":"https:\/\/acronoticias.com\/index.php\/wp-json\/wp\/v2\/tags?post=26940"}],"curies":[{"name":"wp","href":"https:\/\/api.w.org\/{rel}","templated":true}]}}