{"id":26937,"date":"2026-03-11T18:05:32","date_gmt":"2026-03-11T18:05:32","guid":{"rendered":"https:\/\/acronoticias.com\/index.php\/2026\/03\/11\/misterio-desaparece-joven-despues-de-tomar-un-taxi-dicen-fue-vista-en-los-alcarrizos-video\/"},"modified":"2026-03-11T18:05:32","modified_gmt":"2026-03-11T18:05:32","slug":"misterio-desaparece-joven-despues-de-tomar-un-taxi-dicen-fue-vista-en-los-alcarrizos-video","status":"publish","type":"post","link":"https:\/\/acronoticias.com\/index.php\/2026\/03\/11\/misterio-desaparece-joven-despues-de-tomar-un-taxi-dicen-fue-vista-en-los-alcarrizos-video\/","title":{"rendered":"\u00a1Misterio! Desaparece joven despu\u00e9s de tomar un taxi; dicen fue vista en Los Alcarrizos (VIDEO)"},"content":{"rendered":"<div id=\"mvp-content-main\">\n<p><strong>Santo Domingo.-<\/strong> El vocero de la Polic\u00eda Nacional, coronel Diego Pesqueira, inform\u00f3 este mi\u00e9rcoles que avanzan las investigaciones en torno al caso de la joven Jessica Pamela Cruz, reportada como desaparecida desde el pasado domingo 8 de marzo, luego de que presuntamente abordara un veh\u00edculo de la plataforma de transporte inDrive.<\/p>\n<p>Dijo que de acuerdo a los levantamientos de c\u00e1maras de vigilancia que viene realizando la Polic\u00eda, la joven fue vista por el telef\u00e9rico del municipio Los Alcarrizos.<\/p>\n<p>Pesqueira explic\u00f3 que, como parte del proceso investigativo, los familiares de la joven fueron recibidos en el Palacio de la Policia Nacional, por una comisi\u00f3n de alto nivel designada por el director general de la instituci\u00f3n, mayor general Andr\u00e9s Modesto Cruz Cruz, para investigar el hecho.<\/p>\n<p>Asimismo, el vocero policial indic\u00f3 que se estar\u00e1n ofreciendo mayores detalles conforme contin\u00faen avanzando las investigaciones en torno al caso.<\/p>\n<figure class=\"wp-block-video\"><video height=\"832\" style=\"aspect-ratio: 464 \/ 832;\" width=\"464\" controls=\"\" src=\"https:\/\/ultimasnoticias.com.do\/wp-content\/uploads\/2026\/03\/VIDEO-2026-03-11-13-34-34.mp4\"\/><\/figure>\n<p>\u00abEstamos trabajando sin decansar hasta dar una respuesta de este caso\u00bb, agreg\u00f3.<\/p>\n<\/div>\n","protected":false},"excerpt":{"rendered":"<p>Santo Domingo.- El vocero de la Polic\u00eda Nacional, coronel Diego Pesqueira, inform\u00f3 este mi\u00e9rcoles que avanzan las investigaciones en torno al caso de la joven Jessica Pamela Cruz, reportada como desaparecida desde el pasado domingo 8 de marzo, luego de que presuntamente abordara un veh\u00edculo de la plataforma de transporte inDrive. Dijo que de acuerdo<\/p>\n","protected":false},"author":1,"featured_media":13661,"comment_status":"open","ping_status":"open","sticky":false,"template":"","format":"standard","meta":{"footnotes":""},"categories":[1],"tags":[],"class_list":["post-26937","post","type-post","status-publish","format-standard","has-post-thumbnail","hentry","category-nacionales"],"_links":{"self":[{"href":"https:\/\/acronoticias.com\/index.php\/wp-json\/wp\/v2\/posts\/26937","targetHints":{"allow":["GET"]}}],"collection":[{"href":"https:\/\/acronoticias.com\/index.php\/wp-json\/wp\/v2\/posts"}],"about":[{"href":"https:\/\/acronoticias.com\/index.php\/wp-json\/wp\/v2\/types\/post"}],"author":[{"embeddable":true,"href":"https:\/\/acronoticias.com\/index.php\/wp-json\/wp\/v2\/users\/1"}],"replies":[{"embeddable":true,"href":"https:\/\/acronoticias.com\/index.php\/wp-json\/wp\/v2\/comments?post=26937"}],"version-history":[{"count":0,"href":"https:\/\/acronoticias.com\/index.php\/wp-json\/wp\/v2\/posts\/26937\/revisions"}],"wp:featuredmedia":[{"embeddable":true,"href":"https:\/\/acronoticias.com\/index.php\/wp-json\/wp\/v2\/media\/13661"}],"wp:attachment":[{"href":"https:\/\/acronoticias.com\/index.php\/wp-json\/wp\/v2\/media?parent=26937"}],"wp:term":[{"taxonomy":"category","embeddable":true,"href":"https:\/\/acronoticias.com\/index.php\/wp-json\/wp\/v2\/categories?post=26937"},{"taxonomy":"post_tag","embeddable":true,"href":"https:\/\/acronoticias.com\/index.php\/wp-json\/wp\/v2\/tags?post=26937"}],"curies":[{"name":"wp","href":"https:\/\/api.w.org\/{rel}","templated":true}]}}