{"id":26933,"date":"2026-03-11T17:49:47","date_gmt":"2026-03-11T17:49:47","guid":{"rendered":"https:\/\/acronoticias.com\/index.php\/2026\/03\/11\/raquel-pena-respalda-eliminacion-candidaturas-independientes-apuesta-al-fortalecimiento-de-los-partidos-el-nuevo-diario-republica-dominicana\/"},"modified":"2026-03-11T17:49:47","modified_gmt":"2026-03-11T17:49:47","slug":"raquel-pena-respalda-eliminacion-candidaturas-independientes-apuesta-al-fortalecimiento-de-los-partidos-el-nuevo-diario-republica-dominicana","status":"publish","type":"post","link":"https:\/\/acronoticias.com\/index.php\/2026\/03\/11\/raquel-pena-respalda-eliminacion-candidaturas-independientes-apuesta-al-fortalecimiento-de-los-partidos-el-nuevo-diario-republica-dominicana\/","title":{"rendered":"Raquel Pe\u00f1a respalda eliminaci\u00f3n candidaturas independientes; apuesta al fortalecimiento de los partidos \u2013 El Nuevo Diario (Rep\u00fablica Dominicana)"},"content":{"rendered":"<div>\n<div id=\"gemini-summary-wrapper\" class=\"mb-3\">\n                <button id=\"btn-get-summary\" class=\"gemini-btn\" data-post-id=\"3045240\" data-post-title=\"Raquel Pe\u00f1a respalda eliminaci\u00f3n candidaturas independientes; apuesta al fortalecimiento de los partidos\"><br \/>\n                    Leer resumen <b class=\"d-none d-md-inline\">de la noticia<\/b> (IA) <span>CLICK AQU\u00cd<\/span><br \/>\n                <\/button><\/p>\n<div id=\"gemini-loading\" class=\"mb-3\">\n<p>                    <span>Analizando noticia&#8230; por favor espera.<\/span>\n                <\/div>\n<\/p><\/div>\n<p>EL NUEVO DIARIO, SANTO DOMINGO.\u2013 La vicepresidenta de la Rep\u00fablica, Raquel Pe\u00f1a, expres\u00f3 su respaldo a la decisi\u00f3n del Congreso Nacional que busca eliminar las candidaturas independientes, al considerar que esta medida contribuye a fortalecer la institucionalidad democr\u00e1tica y el sistema de partidos en el pa\u00eds.<\/p>\n<p>La vicemandataria subray\u00f3 que los partidos pol\u00edticos son pilares fundamentales de la democracia y que el fortalecimiento de estas organizaciones es clave para garantizar un sistema pol\u00edtico s\u00f3lido y organizado.<\/p>\n<p>\u201cNosotros, por supuesto, tambi\u00e9n respaldamos la decisi\u00f3n del Congreso Nacional para eliminar lo que son esas candidaturas independientes, porque como sociedad estamos robusteciendo la institucionalidad y la democracia\u201d, expres\u00f3 Pe\u00f1a.<\/p>\n<p>La funcionaria afirm\u00f3 que en la actualidad el pa\u00eds debe continuar apostando al fortalecimiento de los partidos pol\u00edticos, para que quienes deseen incursionar en la pol\u00edtica lo hagan dentro de esas estructuras, exhortando a las personas interesadas en participar en la vida pol\u00edtica a integrarse a las organizaciones partidarias con las que m\u00e1s se identifiquen y desarrollar una carrera pol\u00edtica desde all\u00ed.<\/p>\n<p>\u201cLos partidos fortalecen la democracia. Que las personas puedan insertarse en el partido pol\u00edtico con el que m\u00e1s simpaticen y hacer carrera pol\u00edtica dentro de las diferentes organizaciones\u201d, a\u00f1adi\u00f3.<\/p>\n<p>Pe\u00f1a agreg\u00f3 que m\u00e1s adelante podr\u00eda retomarse la discusi\u00f3n sobre ese tipo de postulaciones, pero insisti\u00f3 en que en este momento el enfoque debe estar en consolidar el sistema de partidos y fortalecer la institucionalidad democr\u00e1tica del pa\u00eds.<\/p>\n<p>La vicemandataria ofreci\u00f3 estas declaraciones tras participar en la celebraci\u00f3n del Congreso Iberoamericano por la Vida y la Familia que se celebra en el Sal\u00f3n de la Asamblea Nacional en la sede del primer Poder del Estado.<\/p>\n<p>\u00a0<\/p>\n<p>\u00a0<\/p>\n<p>JSB\/<\/p>\n<p><h3 class=\"jp-relatedposts-headline\"><em>Relacionado<\/em><\/h3>\n<\/p>\n<p>\t\t\t\t\t\t<!-- .entry-footer --><br \/>\n\t\t\t\t\t\t<!-- \n\n<div data-type=\"_mgwidget\" data-widget-id=\"1743501\"><\/div>\n\n  -->\n\t\t\t\t\t<\/div>\n","protected":false},"excerpt":{"rendered":"<p>Leer resumen de la noticia (IA) CLICK AQU\u00cd Analizando noticia&#8230; por favor espera. EL NUEVO DIARIO, SANTO DOMINGO.\u2013 La vicepresidenta de la Rep\u00fablica, Raquel Pe\u00f1a, expres\u00f3 su respaldo a la decisi\u00f3n del Congreso Nacional que busca eliminar las candidaturas independientes, al considerar que esta medida contribuye a fortalecer la institucionalidad democr\u00e1tica y el sistema de<\/p>\n","protected":false},"author":1,"featured_media":26934,"comment_status":"open","ping_status":"open","sticky":false,"template":"","format":"standard","meta":{"footnotes":""},"categories":[1],"tags":[],"class_list":["post-26933","post","type-post","status-publish","format-standard","has-post-thumbnail","hentry","category-nacionales"],"_links":{"self":[{"href":"https:\/\/acronoticias.com\/index.php\/wp-json\/wp\/v2\/posts\/26933","targetHints":{"allow":["GET"]}}],"collection":[{"href":"https:\/\/acronoticias.com\/index.php\/wp-json\/wp\/v2\/posts"}],"about":[{"href":"https:\/\/acronoticias.com\/index.php\/wp-json\/wp\/v2\/types\/post"}],"author":[{"embeddable":true,"href":"https:\/\/acronoticias.com\/index.php\/wp-json\/wp\/v2\/users\/1"}],"replies":[{"embeddable":true,"href":"https:\/\/acronoticias.com\/index.php\/wp-json\/wp\/v2\/comments?post=26933"}],"version-history":[{"count":0,"href":"https:\/\/acronoticias.com\/index.php\/wp-json\/wp\/v2\/posts\/26933\/revisions"}],"wp:featuredmedia":[{"embeddable":true,"href":"https:\/\/acronoticias.com\/index.php\/wp-json\/wp\/v2\/media\/26934"}],"wp:attachment":[{"href":"https:\/\/acronoticias.com\/index.php\/wp-json\/wp\/v2\/media?parent=26933"}],"wp:term":[{"taxonomy":"category","embeddable":true,"href":"https:\/\/acronoticias.com\/index.php\/wp-json\/wp\/v2\/categories?post=26933"},{"taxonomy":"post_tag","embeddable":true,"href":"https:\/\/acronoticias.com\/index.php\/wp-json\/wp\/v2\/tags?post=26933"}],"curies":[{"name":"wp","href":"https:\/\/api.w.org\/{rel}","templated":true}]}}