{"id":26928,"date":"2026-03-11T17:17:55","date_gmt":"2026-03-11T17:17:55","guid":{"rendered":"https:\/\/acronoticias.com\/index.php\/2026\/03\/11\/anuncian-la-3ra-semana-de-concienciacion-sobre-el-autismo-en-agora-el-nuevo-diario-republica-dominicana\/"},"modified":"2026-03-11T17:17:55","modified_gmt":"2026-03-11T17:17:55","slug":"anuncian-la-3ra-semana-de-concienciacion-sobre-el-autismo-en-agora-el-nuevo-diario-republica-dominicana","status":"publish","type":"post","link":"https:\/\/acronoticias.com\/index.php\/2026\/03\/11\/anuncian-la-3ra-semana-de-concienciacion-sobre-el-autismo-en-agora-el-nuevo-diario-republica-dominicana\/","title":{"rendered":"Anuncian la 3ra Semana de Concienciaci\u00f3n sobre el Autismo en \u00c1gora \u2013 El Nuevo Diario (Rep\u00fablica Dominicana)"},"content":{"rendered":"<p><i class=\"bi bi-camera-fill\" style=\"font-size:18px; color:var(--rojo)\"\/> Fernando Gabriel Quiroz participar\u00e1 en la 3ra Semana de Concienciaci\u00f3n sobre el Autismo (Foto: Prensa Fernando Quiroz)<\/p>\n<div>\n<div id=\"gemini-summary-wrapper\" class=\"mb-3\">\n                <button id=\"btn-get-summary\" class=\"gemini-btn\" data-post-id=\"3045129\" data-post-title=\"Anuncian la 3ra Semana de Concienciaci\u00f3n sobre el Autismo en \u00c1gora\"><br \/>\n                    Leer resumen <b class=\"d-none d-md-inline\">de la noticia<\/b> (IA) <span>CLICK AQU\u00cd<\/span><br \/>\n                <\/button><\/p>\n<div id=\"gemini-loading\" class=\"mb-3\">\n<p>                    <span>Analizando noticia&#8230; por favor espera.<\/span>\n                <\/div>\n<\/p><\/div>\n<p>EL NUEVO DIARIO, SANTO DOMINGO.- Con el prop\u00f3sito de promover una mayor comprensi\u00f3n social sobre el autismo y fortalecer el di\u00e1logo entre familias, especialistas y ciudadan\u00eda, ser\u00e1 celebrada la 3ra Semana de Concienciaci\u00f3n sobre el Autismo, del 26 al 28 de marzo en el primer piso de \u00c1gora.<\/p>\n<p>La iniciativa reunir\u00e1 arte, reflexi\u00f3n y espacios de conversaci\u00f3n p\u00fablica en torno al autismo, abordando temas vinculados con la inclusi\u00f3n, el acompa\u00f1amiento familiar y los derechos de las personas dentro del espectro.<\/p>\n<p>De acuerdo con un comunicado, como parte central de la jornada, el jueves 26 de marzo a las 6:30 de la tarde ser\u00e1 inaugurada la exposici\u00f3n \u201cAlto Relieve: a dos voces\u201d, protagonizada por el joven artista Fernando Gabriel Quiroz Flavi\u00e1, de 16 a\u00f1os, dentro del espectro autista, cuyas obras exploran el color, la textura y el relieve como formas de expresi\u00f3n art\u00edstica.<\/p>\n<figure id=\"attachment_3045164\" aria-describedby=\"caption-attachment-3045164\" style=\"width: 1000px\" class=\"wp-caption alignnone\"><img loading=\"lazy\" data-recalc-dims=\"1\" data-dominant-color=\"6c7572\" data-has-transparency=\"false\" style=\"--dominant-color: #6c7572;\" decoding=\"async\" class=\"size-full wp-image-3045164 not-transparent\" src=\"https:\/\/i0.wp.com\/nuevodiario-assets.s3.us-east-2.amazonaws.com\/wp-content\/uploads\/2026\/03\/FGQ.jpeg?resize=640%2C426&amp;quality=100&amp;ssl=1\" alt=\"\" width=\"640\" height=\"426\" srcset=\"https:\/\/nuevodiario-assets.s3.us-east-2.amazonaws.com\/wp-content\/uploads\/2026\/03\/FGQ.jpeg 1000w, https:\/\/nuevodiario-assets.s3.us-east-2.amazonaws.com\/wp-content\/uploads\/2026\/03\/FGQ.jpeg 400w, https:\/\/nuevodiario-assets.s3.us-east-2.amazonaws.com\/wp-content\/uploads\/2026\/03\/FGQ.jpeg 800w, https:\/\/nuevodiario-assets.s3.us-east-2.amazonaws.com\/wp-content\/uploads\/2026\/03\/FGQ.jpeg 768w, https:\/\/nuevodiario-assets.s3.us-east-2.amazonaws.com\/wp-content\/uploads\/2026\/03\/FGQ.jpeg 600w\" sizes=\"auto, (max-width: 640px) 100vw, 640px\"\/><figcaption id=\"caption-attachment-3045164\" class=\"wp-caption-text\">Fernando Gabriel Quiroz participar\u00e1 en la 3ra Semana de Concienciaci\u00f3n sobre el Autismo (Foto: Prensa Fernando Quiroz)<\/figcaption><\/figure>\n<p>La actividad es impulsada por la Mesa de Di\u00e1logo por el Autismo, coordinada por Fernando Quiroz e Iranna Flavi\u00e1 Luciano, padres de Fernando Gabriel, quienes desde hace varios a\u00f1os promueven espacios de sensibilizaci\u00f3n social y encuentro entre familias, especialistas y ciudadanos interesados en avanzar hacia una cultura m\u00e1s consciente, respetuosa y solidaria frente al autismo.<\/p>\n<p>\u201cDesde \u00c1gora reafirmamos nuestro compromiso de servir como escenario para propiciar un di\u00e1logo abierto en torno al autismo, a trav\u00e9s de los lienzos de Fernando Gabriel, quien comparte un mensaje de esperanza mediante sus trazos, colores y texturas. Desde hace tres a\u00f1os abrimos nuestras puertas para apoyar iniciativas que promueven la concienciaci\u00f3n sobre el autismo y el bienestar de las familias que forman parte de esta comunidad\u201d, afirm\u00f3 Cony Taveras, la directora comercial del mall.<\/p>\n<figure id=\"attachment_3045165\" aria-describedby=\"caption-attachment-3045165\" style=\"width: 1200px\" class=\"wp-caption alignnone\"><img data-recalc-dims=\"1\" data-dominant-color=\"8e8b91\" data-has-transparency=\"false\" style=\"--dominant-color: #8e8b91;\" loading=\"lazy\" decoding=\"async\" class=\"size-full wp-image-3045165 not-transparent\" src=\"https:\/\/i0.wp.com\/nuevodiario-assets.s3.us-east-2.amazonaws.com\/wp-content\/uploads\/2026\/03\/Fernando-G.-Quiroz.jpeg?resize=640%2C426&amp;quality=100&amp;ssl=1\" alt=\"\" width=\"640\" height=\"426\" srcset=\"https:\/\/nuevodiario-assets.s3.us-east-2.amazonaws.com\/wp-content\/uploads\/2026\/03\/Fernando-G.-Quiroz.jpeg 1200w, https:\/\/nuevodiario-assets.s3.us-east-2.amazonaws.com\/wp-content\/uploads\/2026\/03\/Fernando-G.-Quiroz.jpeg 400w, https:\/\/nuevodiario-assets.s3.us-east-2.amazonaws.com\/wp-content\/uploads\/2026\/03\/Fernando-G.-Quiroz.jpeg 800w, https:\/\/nuevodiario-assets.s3.us-east-2.amazonaws.com\/wp-content\/uploads\/2026\/03\/Fernando-G.-Quiroz.jpeg 768w, https:\/\/nuevodiario-assets.s3.us-east-2.amazonaws.com\/wp-content\/uploads\/2026\/03\/Fernando-G.-Quiroz.jpeg 600w\" sizes=\"auto, (max-width: 640px) 100vw, 640px\"\/><figcaption id=\"caption-attachment-3045165\" class=\"wp-caption-text\">Fernando Gabriel Quiroz participar\u00e1 en la 3ra Semana de Concienciaci\u00f3n sobre el Autismo (Foto: Prensa Fernando Quiroz)<\/figcaption><\/figure>\n<p>El programa continuar\u00e1 el viernes 27 de marzo con una jornada de charlas organizada junto al Centro de Atenci\u00f3n Integral para la Discapacidad (CAID), donde especialistas abordar\u00e1n temas como el impacto de las pantallas en el autismo, la intervenci\u00f3n asistida con animales y la construcci\u00f3n de redes de apoyo para las familias.<\/p>\n<p>Las actividades concluir\u00e1n el s\u00e1bado 28 de marzo con un conversatorio titulado \u201cEl autismo desde la familia: libros de una madre y un abuelo\u201d, en el que participar\u00e1n Mery Valerio y Raddam\u00e9s de la Rosa, autores que comparten sus experiencias familiares a trav\u00e9s de la literatura.<\/p>\n<p>Durante esa misma jornada tambi\u00e9n se presentar\u00e1 el Plan Nacional de Discapacidad, a cargo de Ram\u00f3n Eduardo Mu\u00f1oz, representante del Consejo Nacional de Discapacidad (Conadis).<\/p>\n<p>Asimismo, se abordar\u00e1 el tema \u201cCuidarme para cuidar: bienestar integral sin culpa para personas y familias\u201d, a cargo de la psic\u00f3loga Neyelyn Delgado, especialista en trastornos de estr\u00e9s.<\/p>\n<figure id=\"attachment_3045167\" aria-describedby=\"caption-attachment-3045167\" style=\"width: 1000px\" class=\"wp-caption alignnone\"><img data-recalc-dims=\"1\" data-dominant-color=\"85857c\" data-has-transparency=\"false\" style=\"--dominant-color: #85857c;\" loading=\"lazy\" decoding=\"async\" class=\"size-full wp-image-3045167 not-transparent\" src=\"https:\/\/i0.wp.com\/nuevodiario-assets.s3.us-east-2.amazonaws.com\/wp-content\/uploads\/2026\/03\/Fernando-Gabriel-Quiroz-1.jpeg?resize=640%2C359&amp;quality=100&amp;ssl=1\" alt=\"\" width=\"640\" height=\"359\" srcset=\"https:\/\/nuevodiario-assets.s3.us-east-2.amazonaws.com\/wp-content\/uploads\/2026\/03\/Fernando-Gabriel-Quiroz-1.jpeg 1000w, https:\/\/nuevodiario-assets.s3.us-east-2.amazonaws.com\/wp-content\/uploads\/2026\/03\/Fernando-Gabriel-Quiroz-1.jpeg 400w, https:\/\/nuevodiario-assets.s3.us-east-2.amazonaws.com\/wp-content\/uploads\/2026\/03\/Fernando-Gabriel-Quiroz-1.jpeg 800w, https:\/\/nuevodiario-assets.s3.us-east-2.amazonaws.com\/wp-content\/uploads\/2026\/03\/Fernando-Gabriel-Quiroz-1.jpeg 768w, https:\/\/nuevodiario-assets.s3.us-east-2.amazonaws.com\/wp-content\/uploads\/2026\/03\/Fernando-Gabriel-Quiroz-1.jpeg 355w, https:\/\/nuevodiario-assets.s3.us-east-2.amazonaws.com\/wp-content\/uploads\/2026\/03\/Fernando-Gabriel-Quiroz-1.jpeg 600w\" sizes=\"auto, (max-width: 640px) 100vw, 640px\"\/><figcaption id=\"caption-attachment-3045167\" class=\"wp-caption-text\">Fernando Gabriel Quiroz participar\u00e1 en la 3ra Semana de Concienciaci\u00f3n sobre el Autismo (Foto: Prensa Fernando Quiroz)<\/figcaption><\/figure>\n<p>\u201cLa exposici\u00f3n \u2018Alto Relieve: a dos voces\u2019 forma parte de un esfuerzo por visibilizar el arte como un lenguaje capaz de generar empat\u00eda y reflexi\u00f3n social en torno al autismo\u201d, manifestaron Quiroz y Flavi\u00e1.<\/p>\n<p>La muestra cuenta con la curadur\u00eda de la maestra y artista visual Alma V\u00e1squez. La actividad cuenta adem\u00e1s con el respaldo de Seguros Sura, peri\u00f3dico Hoy, Transtar y T\u00edpico Bonao, entidades que se han sumado a esta iniciativa de sensibilizaci\u00f3n y compromiso con la inclusi\u00f3n.<\/p>\n<p>Esta iniciativa tiene como antecedente las exposiciones realizadas en a\u00f1os anteriores en el mismo escenario. En 2024 se present\u00f3 Multiverso de Colores, primera muestra del joven artista, mientras que en 2025 se celebr\u00f3 la exposici\u00f3n Camino de Luz.<\/p>\n<p>Ambas actividades formaron parte de jornadas de sensibilizaci\u00f3n sobre el autismo que reunieron a familias, especialistas y p\u00fablico en general, consolidando este espacio como un punto de encuentro para el arte y la concienciaci\u00f3n social.<\/p>\n<p><strong>Programa<\/strong><\/p>\n<p>3ra Semana de Concienciaci\u00f3n sobre el Autismo<\/p>\n<p>Exposici\u00f3n \u201cAlto Relieve: a dos voces\u201d<br \/>Del 26 al 28 de marzo de 2026<br \/>\u00c1gora, nivel 1<br \/>Jueves 26 de marzo<br \/>6:30 p.m.<\/p>\n<p>Inauguraci\u00f3n oficial<\/p>\n<p><strong>Viernes 27 de marzo<\/strong><\/p>\n<p>Centro de Atenci\u00f3n Integral para la Discapacidad (CAID)<br \/>4:00 p.m. a 6:00 p.m.<\/p>\n<ol>\n<li>Impacto de las pantallas en el autismo- Psiquiatra Edison Rodr\u00edguez<\/li>\n<li>Construyendo redes de apoyo- Psic\u00f3loga Clarindhi Esteban Castellanos<\/li>\n<li>Intervenci\u00f3n asistida con animales- Educadoras Karen Gonz\u00e1lez y Yira Vargas<\/li>\n<\/ol>\n<p><strong>S\u00e1bado 28 de marzo<\/strong><\/p>\n<p>4:00 p.m. a 6:00 p.m.<br \/>Plan Nacional de Discapacidad\/ Conadis- Ram\u00f3n Eduardo Mu\u00f1oz<br \/>Cuidarme para cuidar: bienestar integral sin culpa para personas y familias- Psic\u00f3loga Neyelyn Delgado<br \/>El autismo desde la familia. Libros de una madre y un abuelo: Mery Valerio y Raddam\u00e9s de la Rosa.<\/p>\n<p>\u00a0<\/p>\n<p>JSB\/<\/p>\n<p><h3 class=\"jp-relatedposts-headline\"><em>Relacionado<\/em><\/h3>\n<\/p>\n<p>\t\t\t\t\t\t<!-- .entry-footer --><br \/>\n\t\t\t\t\t\t<!-- \n\n<div data-type=\"_mgwidget\" data-widget-id=\"1743501\"><\/div>\n\n  -->\n\t\t\t\t\t<\/div>\n","protected":false},"excerpt":{"rendered":"<p>Fernando Gabriel Quiroz participar\u00e1 en la 3ra Semana de Concienciaci\u00f3n sobre el Autismo (Foto: Prensa Fernando Quiroz) Leer resumen de la noticia (IA) CLICK AQU\u00cd Analizando noticia&#8230; por favor espera. EL NUEVO DIARIO, SANTO DOMINGO.- Con el prop\u00f3sito de promover una mayor comprensi\u00f3n social sobre el autismo y fortalecer el di\u00e1logo entre familias, especialistas y<\/p>\n","protected":false},"author":1,"featured_media":26929,"comment_status":"open","ping_status":"open","sticky":false,"template":"","format":"standard","meta":{"footnotes":""},"categories":[1],"tags":[],"class_list":["post-26928","post","type-post","status-publish","format-standard","has-post-thumbnail","hentry","category-nacionales"],"_links":{"self":[{"href":"https:\/\/acronoticias.com\/index.php\/wp-json\/wp\/v2\/posts\/26928","targetHints":{"allow":["GET"]}}],"collection":[{"href":"https:\/\/acronoticias.com\/index.php\/wp-json\/wp\/v2\/posts"}],"about":[{"href":"https:\/\/acronoticias.com\/index.php\/wp-json\/wp\/v2\/types\/post"}],"author":[{"embeddable":true,"href":"https:\/\/acronoticias.com\/index.php\/wp-json\/wp\/v2\/users\/1"}],"replies":[{"embeddable":true,"href":"https:\/\/acronoticias.com\/index.php\/wp-json\/wp\/v2\/comments?post=26928"}],"version-history":[{"count":0,"href":"https:\/\/acronoticias.com\/index.php\/wp-json\/wp\/v2\/posts\/26928\/revisions"}],"wp:featuredmedia":[{"embeddable":true,"href":"https:\/\/acronoticias.com\/index.php\/wp-json\/wp\/v2\/media\/26929"}],"wp:attachment":[{"href":"https:\/\/acronoticias.com\/index.php\/wp-json\/wp\/v2\/media?parent=26928"}],"wp:term":[{"taxonomy":"category","embeddable":true,"href":"https:\/\/acronoticias.com\/index.php\/wp-json\/wp\/v2\/categories?post=26928"},{"taxonomy":"post_tag","embeddable":true,"href":"https:\/\/acronoticias.com\/index.php\/wp-json\/wp\/v2\/tags?post=26928"}],"curies":[{"name":"wp","href":"https:\/\/api.w.org\/{rel}","templated":true}]}}