{"id":26926,"date":"2026-03-11T17:01:56","date_gmt":"2026-03-11T17:01:56","guid":{"rendered":"https:\/\/acronoticias.com\/index.php\/2026\/03\/11\/defensa-publica-inaugura-nueva-oficina-en-nagua-provincia-maria-trinidad-sanchez-el-nuevo-diario-republica-dominicana\/"},"modified":"2026-03-11T17:01:56","modified_gmt":"2026-03-11T17:01:56","slug":"defensa-publica-inaugura-nueva-oficina-en-nagua-provincia-maria-trinidad-sanchez-el-nuevo-diario-republica-dominicana","status":"publish","type":"post","link":"https:\/\/acronoticias.com\/index.php\/2026\/03\/11\/defensa-publica-inaugura-nueva-oficina-en-nagua-provincia-maria-trinidad-sanchez-el-nuevo-diario-republica-dominicana\/","title":{"rendered":"Defensa P\u00fablica inaugura nueva oficina en Nagua, provincia Mar\u00eda Trinidad S\u00e1nchez \u2013 El Nuevo Diario (Rep\u00fablica Dominicana)"},"content":{"rendered":"<p><i class=\"bi bi-camera-fill\" style=\"font-size:18px; color:var(--rojo)\"\/> Rodolfo Valent\u00edn Santos durante inauguraci\u00f3n (Foto: Oficina Nacional de Defensa P\u00fablica)<\/p>\n<div>\n<div id=\"gemini-summary-wrapper\" class=\"mb-3\">\n                <button id=\"btn-get-summary\" class=\"gemini-btn\" data-post-id=\"3045149\" data-post-title=\"Defensa P\u00fablica inaugura nueva oficina en Nagua, provincia Mar\u00eda Trinidad S\u00e1nchez\"><br \/>\n                    Leer resumen <b class=\"d-none d-md-inline\">de la noticia<\/b> (IA) <span>CLICK AQU\u00cd<\/span><br \/>\n                <\/button><\/p>\n<div id=\"gemini-loading\" class=\"mb-3\">\n<p>                    <span>Analizando noticia&#8230; por favor espera.<\/span>\n                <\/div>\n<\/p><\/div>\n<p>EL NUEVO DIARIO, MAAR\u00cdA TRINIDAD S\u00c1NCHEZ. \u2013 La Oficina Nacional de Defensa P\u00fablica dej\u00f3 inaugurada una nueva oficina de servicios en el municipio de Nagua, provincia Mar\u00eda Trinidad S\u00e1nchez, como parte de su proceso de expansi\u00f3n institucional orientado a fortalecer el acceso a la justicia y garantizar el derecho a la defensa de la ciudadan\u00eda.<\/p>\n<p>Seg\u00fan destaca una nota de prensa, el acto fue encabezado por el director de la instituci\u00f3n, Rodolfo Valent\u00edn Santos, quien, tras realizar el corte de cinta, destac\u00f3 la importancia de continuar ampliando la cobertura de la Defensa P\u00fablica en distintas demarcaciones del pa\u00eds.<\/p>\n<p>\u201cCon la apertura de esta nueva oficina seguimos consolidando la presencia de la Defensa P\u00fablica en el territorio nacional, con el prop\u00f3sito de garantizar una defensa oportuna, t\u00e9cnica y profesional, de manera gratuita, a toda persona que necesite los servicios de un defensor p\u00fablico\u201d, expres\u00f3 Valent\u00edn Santos.<\/p>\n<figure id=\"attachment_3045175\" aria-describedby=\"caption-attachment-3045175\" style=\"width: 2560px\" class=\"wp-caption alignnone\"><img loading=\"lazy\" data-recalc-dims=\"1\" data-dominant-color=\"7f6f6d\" data-has-transparency=\"false\" style=\"--dominant-color: #7f6f6d;\" decoding=\"async\" class=\"size-full wp-image-3045175 not-transparent\" src=\"https:\/\/i0.wp.com\/nuevodiario-assets.s3.us-east-2.amazonaws.com\/wp-content\/uploads\/2026\/03\/Rodolfo-Valentin-Santos-jutno-a-personalidade-durante-inauguracion-de-Oficina-Nacional-de-Defensa-Publica-en-Nagua-Foto-Oficina-Nacional-de-Defensa-Publica-scaled.jpeg?resize=640%2C427&amp;quality=100&amp;ssl=1\" alt=\"\" width=\"640\" height=\"427\" srcset=\"https:\/\/nuevodiario-assets.s3.us-east-2.amazonaws.com\/wp-content\/uploads\/2026\/03\/Rodolfo-Valentin-Santos-jutno-a-personalidade-durante-inauguracion-de-Oficina-Nacional-de-Defensa-Publica-en-Nagua-Foto-Oficina-Nacional-de-Defensa-Publica-scaled.jpeg 2560w, https:\/\/nuevodiario-assets.s3.us-east-2.amazonaws.com\/wp-content\/uploads\/2026\/03\/Rodolfo-Valentin-Santos-jutno-a-personalidade-durante-inauguracion-de-Oficina-Nacional-de-Defensa-Publica-en-Nagua-Foto-Oficina-Nacional-de-Defensa-Publica-scaled.jpeg 400w, https:\/\/nuevodiario-assets.s3.us-east-2.amazonaws.com\/wp-content\/uploads\/2026\/03\/Rodolfo-Valentin-Santos-jutno-a-personalidade-durante-inauguracion-de-Oficina-Nacional-de-Defensa-Publica-en-Nagua-Foto-Oficina-Nacional-de-Defensa-Publica-scaled.jpeg 800w, https:\/\/nuevodiario-assets.s3.us-east-2.amazonaws.com\/wp-content\/uploads\/2026\/03\/Rodolfo-Valentin-Santos-jutno-a-personalidade-durante-inauguracion-de-Oficina-Nacional-de-Defensa-Publica-en-Nagua-Foto-Oficina-Nacional-de-Defensa-Publica-scaled.jpeg 768w, https:\/\/nuevodiario-assets.s3.us-east-2.amazonaws.com\/wp-content\/uploads\/2026\/03\/Rodolfo-Valentin-Santos-jutno-a-personalidade-durante-inauguracion-de-Oficina-Nacional-de-Defensa-Publica-en-Nagua-Foto-Oficina-Nacional-de-Defensa-Publica-scaled.jpeg 1536w, https:\/\/nuevodiario-assets.s3.us-east-2.amazonaws.com\/wp-content\/uploads\/2026\/03\/Rodolfo-Valentin-Santos-jutno-a-personalidade-durante-inauguracion-de-Oficina-Nacional-de-Defensa-Publica-en-Nagua-Foto-Oficina-Nacional-de-Defensa-Publica-scaled.jpeg 2048w, https:\/\/nuevodiario-assets.s3.us-east-2.amazonaws.com\/wp-content\/uploads\/2026\/03\/Rodolfo-Valentin-Santos-jutno-a-personalidade-durante-inauguracion-de-Oficina-Nacional-de-Defensa-Publica-en-Nagua-Foto-Oficina-Nacional-de-Defensa-Publica-scaled.jpeg 600w, https:\/\/nuevodiario-assets.s3.us-east-2.amazonaws.com\/wp-content\/uploads\/2026\/03\/Rodolfo-Valentin-Santos-jutno-a-personalidade-durante-inauguracion-de-Oficina-Nacional-de-Defensa-Publica-en-Nagua-Foto-Oficina-Nacional-de-Defensa-Publica-scaled.jpeg 1280w, https:\/\/nuevodiario-assets.s3.us-east-2.amazonaws.com\/wp-content\/uploads\/2026\/03\/Rodolfo-Valentin-Santos-jutno-a-personalidade-durante-inauguracion-de-Oficina-Nacional-de-Defensa-Publica-en-Nagua-Foto-Oficina-Nacional-de-Defensa-Publica-scaled.jpeg 1920w\" sizes=\"auto, (max-width: 640px) 100vw, 640px\"\/><figcaption id=\"caption-attachment-3045175\" class=\"wp-caption-text\"><strong>Rodolfo Valent\u00edn Santos junto a personalidade durante inauguraci\u00f3n de Oficina Nacional de Defensa P\u00fablica en Nagua (Foto: Oficina Nacional de Defensa P\u00fablica)<\/strong><\/figcaption><\/figure>\n<p>El titular de la Defensa P\u00fablica se\u00f1al\u00f3 que la instalaci\u00f3n de esta dependencia permitir\u00e1 ofrecer asistencia legal directa a los ciudadanos de la zona, especialmente a aquellos en condiciones de vulnerabilidad, contribuyendo as\u00ed al fortalecimiento del sistema de justicia y a la protecci\u00f3n efectiva de los derechos fundamentales.<\/p>\n<p>En la actividad de inauguraci\u00f3n estuvieron presentes autoridades de la provincia, representantes del Ministerio P\u00fablico, miembros de la sociedad civil, as\u00ed como colaboradores de la Oficina Nacional de Defensa P\u00fablica, quienes valoraron la importancia de esta iniciativa para acercar los servicios legales a la poblaci\u00f3n.<\/p>\n<p>Con esta nueva oficina, la Defensa P\u00fablica reafirma su compromiso de continuar ampliando su cobertura a nivel nacional, con el objetivo de garantizar el acceso a una justicia m\u00e1s equitativa, eficiente y respetuosa de los derechos humanos.<\/p>\n<p>ADDP\/<\/p>\n<p><h3 class=\"jp-relatedposts-headline\"><em>Relacionado<\/em><\/h3>\n<\/p>\n<p>\t\t\t\t\t\t<!-- .entry-footer --><br \/>\n\t\t\t\t\t\t<!-- \n\n<div data-type=\"_mgwidget\" data-widget-id=\"1743501\"><\/div>\n\n  -->\n\t\t\t\t\t<\/div>\n","protected":false},"excerpt":{"rendered":"<p>Rodolfo Valent\u00edn Santos durante inauguraci\u00f3n (Foto: Oficina Nacional de Defensa P\u00fablica) Leer resumen de la noticia (IA) CLICK AQU\u00cd Analizando noticia&#8230; por favor espera. EL NUEVO DIARIO, MAAR\u00cdA TRINIDAD S\u00c1NCHEZ. \u2013 La Oficina Nacional de Defensa P\u00fablica dej\u00f3 inaugurada una nueva oficina de servicios en el municipio de Nagua, provincia Mar\u00eda Trinidad S\u00e1nchez, como parte<\/p>\n","protected":false},"author":1,"featured_media":26927,"comment_status":"open","ping_status":"open","sticky":false,"template":"","format":"standard","meta":{"footnotes":""},"categories":[1],"tags":[],"class_list":["post-26926","post","type-post","status-publish","format-standard","has-post-thumbnail","hentry","category-nacionales"],"_links":{"self":[{"href":"https:\/\/acronoticias.com\/index.php\/wp-json\/wp\/v2\/posts\/26926","targetHints":{"allow":["GET"]}}],"collection":[{"href":"https:\/\/acronoticias.com\/index.php\/wp-json\/wp\/v2\/posts"}],"about":[{"href":"https:\/\/acronoticias.com\/index.php\/wp-json\/wp\/v2\/types\/post"}],"author":[{"embeddable":true,"href":"https:\/\/acronoticias.com\/index.php\/wp-json\/wp\/v2\/users\/1"}],"replies":[{"embeddable":true,"href":"https:\/\/acronoticias.com\/index.php\/wp-json\/wp\/v2\/comments?post=26926"}],"version-history":[{"count":0,"href":"https:\/\/acronoticias.com\/index.php\/wp-json\/wp\/v2\/posts\/26926\/revisions"}],"wp:featuredmedia":[{"embeddable":true,"href":"https:\/\/acronoticias.com\/index.php\/wp-json\/wp\/v2\/media\/26927"}],"wp:attachment":[{"href":"https:\/\/acronoticias.com\/index.php\/wp-json\/wp\/v2\/media?parent=26926"}],"wp:term":[{"taxonomy":"category","embeddable":true,"href":"https:\/\/acronoticias.com\/index.php\/wp-json\/wp\/v2\/categories?post=26926"},{"taxonomy":"post_tag","embeddable":true,"href":"https:\/\/acronoticias.com\/index.php\/wp-json\/wp\/v2\/tags?post=26926"}],"curies":[{"name":"wp","href":"https:\/\/api.w.org\/{rel}","templated":true}]}}