{"id":26924,"date":"2026-03-11T16:52:12","date_gmt":"2026-03-11T16:52:12","guid":{"rendered":"https:\/\/acronoticias.com\/index.php\/2026\/03\/11\/jose-antonio-kast-toma-posesion-como-presidente-de-chile-en-una-ceremonia-llena-de-lideres\/"},"modified":"2026-03-11T16:52:12","modified_gmt":"2026-03-11T16:52:12","slug":"jose-antonio-kast-toma-posesion-como-presidente-de-chile-en-una-ceremonia-llena-de-lideres","status":"publish","type":"post","link":"https:\/\/acronoticias.com\/index.php\/2026\/03\/11\/jose-antonio-kast-toma-posesion-como-presidente-de-chile-en-una-ceremonia-llena-de-lideres\/","title":{"rendered":"Jos\u00e9 Antonio Kast toma posesi\u00f3n como presidente de Chile en una ceremonia llena de l\u00edderes"},"content":{"rendered":"<div>\n<div class=\"c-detail__author full\">\n<div>\n<div class=\"c-detail__author__thumb\">\n<figure>\n                                <picture src=\"https:\/\/imagenes.hoy.com.do\/files\/image_square_xs\/uploads\/2025\/11\/18\/691c7d5bed035.jpeg\" data-size=\"w:40,h:40\">\n                                    <img decoding=\"async\" loading=\"lazy\" alt=\"EFE EFE\" width=\"40\" height=\"40\" src=\"https:\/\/imagenes.hoy.com.do\/files\/image_square_xs\/uploads\/2025\/11\/18\/691c7d5bed035.jpeg\"\/>\n                                <\/picture>\n                                <\/figure>\n<\/div>\n<\/div>\n<\/div>\n<p>                                                                                            <!-- --><\/p>\n<p class=\"paragraph\"><b>Valpara\u00edso (Chile), 11 mar (EFE).<\/b>&#8211; El ultraderechista Jos\u00e9 Antonio Kast asumi\u00f3 este mi\u00e9rcoles la Presidencia de Chile en una solemne ceremonia en la ciudad costera de Valpara\u00edso, a la que acudieron parlamentarios de todos los partidos y una docena de jefes de Estado y de Gobierno de todo el mundo, entre ellos el rey Felipe VI de Espa\u00f1a y el presidente argentino, Javier Milei.<\/p>\n<p class=\"paragraph\">&#8220;S\u00ed, juro&#8221;, dijo el exdiputado ultracat\u00f3lico, que con 60 a\u00f1os se convierte en el primer presidente de extrema derecha en llegar al poder desde el retorno a la democracia.<\/p>\n<p class=\"paragraph\">En el Sal\u00f3n de Honor del Senado, la nueva presidenta de la C\u00e1mara Alta, la conservadora Paulina Nu\u00f1ez, le impuso la banda presidencial y la medalla de O&#8217;Higgins a Kast, que sucede al progresista Gabriel Boric.<\/p>\n<p class=\"paragraph\">El abogado es tambi\u00e9n el primer mandatario en democracia en respaldar la dictadura de Augusto Pinochet (1973-1990), ya que el \u00fanico conservador que hab\u00eda gobernado hasta ahora era Sebasti\u00e1n Pi\u00f1era (2010-2014 y 2018-2022), que vot\u00f3 en contra de la continuidad del r\u00e9gimen en el plebiscito de 1989.<\/p>\n<p class=\"paragraph\">Adem\u00e1s de Milei y el monarca espa\u00f1ol, acuden a la ceremonia los presidentes de Ecuador, Daniel Noboa; Bolivia, Rodrigo Paz; Panam\u00e1, Jos\u00e9 Ra\u00fal Mulino; Honduras, Nasry Asfura; Costa Rica, Rodrigo Chaves; Paraguay, Santiago Pe\u00f1a; y Uruguay, Yamand\u00fa Orsi.<\/p>\n<p class=\"paragraph\">La sorpresa la dio el mandatario brasile\u00f1o, Luiz In\u00e1cio Lula da Silva, quien suspendi\u00f3 su participaci\u00f3n a \u00faltima hora por problemas de agenda, aunque seg\u00fan la prensa brasile\u00f1a la cancelaci\u00f3n obedeci\u00f3 a la presencia de Fl\u00e1vio Bolsonaro en la ceremonia, considerado su principal rival en las elecciones de octubre e hijo del expresidente Jair Bolsonaro, condenado a 27 a\u00f1os de prisi\u00f3n por intento de golpe de Estado.<\/p>\n<p class=\"paragraph\">Tambi\u00e9n asisten la l\u00edder de la oposici\u00f3n venezolana y Premio Nobel de la Paz, Mar\u00eda Corina Machado.<\/p>\n<figure class=\"c-detail__media \"><figcaption class=\"c-detail__media__txt\">\n<p class=\"c-detail__media__subtitle\">\n<p>        <span class=\"c-detail__media__credit \">Jos\u00e9 Antonio Kast<\/span><\/p>\n<\/figcaption><\/figure>\n<p class=\"paragraph\">Horas antes, en la residencia oficial de Cerro Castillo, en la vecina Vi\u00f1a del Mar, Kast <b>se hizo una foto oficial con su gabinete,<\/b> integrado por 24 ministros, en su mayor\u00eda sin experiencia pol\u00edtica, vinculados al sector privado y a la academia.<\/p>\n<p class=\"paragraph\">Sus ministros fuertes ser\u00e1n el economista ultraliberal Jorge Quiroz (Hacienda), la exfiscal Trinidad Steinert (Seguridad P\u00fablica) y el exparlamentario Claudio Alvarado (Interior).<\/p>\n<p class=\"paragraph\">Tras la ceremonia, Kast ofrecer\u00e1 un almuerzo a las autoridades extranjeras que acudieron al cambio de mando y, en horas de la tarde, se desplazar\u00e1 a Santiago para realizar su primer acto oficial en una escuela capitalina.<\/p>\n<p class=\"paragraph\">Sobre las 21.00 hora local (00.00 GMT), Kast entregar\u00e1 su primer discurso como mandatario desde La Moneda, donde dejar\u00e1 clara las prioridades del &#8220;Gobierno de emergencia&#8221; que ha prometido instalar.<\/p>\n<p class=\"paragraph\">Padre de 9 hijos y antiabortista declarado, el gobernante prometi\u00f3 en campa\u00f1a que no dar\u00e1 la &#8220;batalla cultural&#8221; en materia de libertades individuales y derechos sexuales y reproductivos y que se centrar\u00e1 en las principales preocupaciones de los chilenos: seguridad, migraci\u00f3n irregular y econom\u00eda.<\/p>\n<p class=\"paragraph\">Kast, que gobernar\u00e1 con el apoyo de su formaci\u00f3n -el Partido Republicano- y la derecha tradicional, tendr\u00e1 que lidiar con un Parlamento dividido y sin mayor\u00edas claras. EFE<\/p>\n<div class=\"c-detail__box \">\n<article class=\"c-detail__sumario \">\n<figure class=\"c-detail__sumario__thumb\" style=\"display: block;\">\n            <a href=\"#\" title=\"\">\n                <picture data-size=\"w:140,h:140\" loading=\"lazy\" src=\"https:\/\/imagenes.hoy.com.do\/files\/related_image\/uploads\/2026\/03\/10\/69b0e7ba5b4c6.png\" data-full-src=\"https:\/\/imagenes.hoy.com.do\/uploads\/2026\/03\/10\/69b0e7ba5b4c6.png\">\n                    <img loading=\"lazy\" decoding=\"async\" width=\"140\" height=\"140\" alt=\"Jos\u00e9 Antonio Kast\" src=\"https:\/\/imagenes.hoy.com.do\/uploads\/2026\/03\/10\/69b0e7ba5b4c6.png\"\/>\n                <\/picture>\n            <\/a><br \/>\n        <\/figure>\n<\/article>\n<\/div>\n<\/div>\n","protected":false},"excerpt":{"rendered":"<p>Valpara\u00edso (Chile), 11 mar (EFE).&#8211; El ultraderechista Jos\u00e9 Antonio Kast asumi\u00f3 este mi\u00e9rcoles la Presidencia de Chile en una solemne ceremonia en la ciudad costera de Valpara\u00edso, a la que acudieron parlamentarios de todos los partidos y una docena de jefes de Estado y de Gobierno de todo el mundo, entre ellos el rey Felipe<\/p>\n","protected":false},"author":1,"featured_media":26925,"comment_status":"open","ping_status":"open","sticky":false,"template":"","format":"standard","meta":{"footnotes":""},"categories":[3],"tags":[],"class_list":["post-26924","post","type-post","status-publish","format-standard","has-post-thumbnail","hentry","category-internacionales"],"_links":{"self":[{"href":"https:\/\/acronoticias.com\/index.php\/wp-json\/wp\/v2\/posts\/26924","targetHints":{"allow":["GET"]}}],"collection":[{"href":"https:\/\/acronoticias.com\/index.php\/wp-json\/wp\/v2\/posts"}],"about":[{"href":"https:\/\/acronoticias.com\/index.php\/wp-json\/wp\/v2\/types\/post"}],"author":[{"embeddable":true,"href":"https:\/\/acronoticias.com\/index.php\/wp-json\/wp\/v2\/users\/1"}],"replies":[{"embeddable":true,"href":"https:\/\/acronoticias.com\/index.php\/wp-json\/wp\/v2\/comments?post=26924"}],"version-history":[{"count":0,"href":"https:\/\/acronoticias.com\/index.php\/wp-json\/wp\/v2\/posts\/26924\/revisions"}],"wp:featuredmedia":[{"embeddable":true,"href":"https:\/\/acronoticias.com\/index.php\/wp-json\/wp\/v2\/media\/26925"}],"wp:attachment":[{"href":"https:\/\/acronoticias.com\/index.php\/wp-json\/wp\/v2\/media?parent=26924"}],"wp:term":[{"taxonomy":"category","embeddable":true,"href":"https:\/\/acronoticias.com\/index.php\/wp-json\/wp\/v2\/categories?post=26924"},{"taxonomy":"post_tag","embeddable":true,"href":"https:\/\/acronoticias.com\/index.php\/wp-json\/wp\/v2\/tags?post=26924"}],"curies":[{"name":"wp","href":"https:\/\/api.w.org\/{rel}","templated":true}]}}