{"id":26918,"date":"2026-03-11T16:30:10","date_gmt":"2026-03-11T16:30:10","guid":{"rendered":"https:\/\/acronoticias.com\/index.php\/2026\/03\/11\/embajada-de-rd-en-arabia-saudita-pone-en-funcionamiento-la-seccion-consular-para-servicios-en-riad-el-nuevo-diario-republica-dominicana\/"},"modified":"2026-03-11T16:30:10","modified_gmt":"2026-03-11T16:30:10","slug":"embajada-de-rd-en-arabia-saudita-pone-en-funcionamiento-la-seccion-consular-para-servicios-en-riad-el-nuevo-diario-republica-dominicana","status":"publish","type":"post","link":"https:\/\/acronoticias.com\/index.php\/2026\/03\/11\/embajada-de-rd-en-arabia-saudita-pone-en-funcionamiento-la-seccion-consular-para-servicios-en-riad-el-nuevo-diario-republica-dominicana\/","title":{"rendered":"Embajada de RD en Arabia Saudita pone en funcionamiento la secci\u00f3n consular para servicios en Riad \u2013 El Nuevo Diario (Rep\u00fablica Dominicana)"},"content":{"rendered":"<p><i class=\"bi bi-camera-fill\" style=\"font-size:18px; color:var(--rojo)\"\/> El embajador Andy Rodr\u00edguez Dur\u00e1n corta la cinta en el acto de apertura de la secci\u00f3n consular en Riad. (Fuente externa)<\/p>\n<div>\n<div id=\"gemini-summary-wrapper\" class=\"mb-3\">\n                <button id=\"btn-get-summary\" class=\"gemini-btn\" data-post-id=\"3045104\" data-post-title=\"Embajada de RD en Arabia Saudita pone en funcionamiento la secci\u00f3n consular para servicios en Riad\"><br \/>\n                    Leer resumen <b class=\"d-none d-md-inline\">de la noticia<\/b> (IA) <span>CLICK AQU\u00cd<\/span><br \/>\n                <\/button><\/p>\n<div id=\"gemini-loading\" class=\"mb-3\">\n<p>                    <span>Analizando noticia&#8230; por favor espera.<\/span>\n                <\/div>\n<\/p><\/div>\n<p>EL NUEVO DIARIO, RIAD.- En cumplimiento al primer eje de la pol\u00edtica exterior del Gobierno sobre la protecci\u00f3n y asistencia a los dominicanos, y luego de completar las autorizaciones correspondientes, la Embajada de la Rep\u00fablica Dominicana en el Reino de Arabia Saudita puso en formal funcionamiento la secci\u00f3n consular cuya jurisdicci\u00f3n se extiende a su vez a las concurrencias en el Reino de Bar\u00e9in, el Sultanato de Om\u00e1n y la Rep\u00fablica de Yibuti.<\/p>\n<p>El embajador Andy Rodr\u00edguez Dur\u00e1n indic\u00f3 que esta \u00e1rea operativa inici\u00f3 sus servicios desde hace varios meses; no obstante, se aprovech\u00f3 el \u00abPrimer Encuentro de Dominicanos Residentes en Arabia Saudita y Bar\u00e9in\u201d para celebrar este significativo acto de la apertura que se enmarca en la labor de apoyo, de cercan\u00eda y en la estrategia de integraci\u00f3n de la comunidad dominicana que desarrolla la misi\u00f3n.<\/p>\n<figure id=\"attachment_3045143\" aria-describedby=\"caption-attachment-3045143\" style=\"width: 1600px\" class=\"wp-caption alignnone\"><img loading=\"lazy\" data-recalc-dims=\"1\" data-dominant-color=\"93877d\" data-has-transparency=\"false\" style=\"--dominant-color: #93877d;\" decoding=\"async\" class=\"wp-image-3045143 size-full not-transparent\" src=\"https:\/\/i0.wp.com\/nuevodiario-assets.s3.us-east-2.amazonaws.com\/wp-content\/uploads\/2026\/03\/Invistados.jpeg?resize=640%2C480&amp;quality=100&amp;ssl=1\" alt=\"\" width=\"640\" height=\"480\" srcset=\"https:\/\/nuevodiario-assets.s3.us-east-2.amazonaws.com\/wp-content\/uploads\/2026\/03\/Invistados.jpeg 1600w, https:\/\/nuevodiario-assets.s3.us-east-2.amazonaws.com\/wp-content\/uploads\/2026\/03\/Invistados.jpeg 400w, https:\/\/nuevodiario-assets.s3.us-east-2.amazonaws.com\/wp-content\/uploads\/2026\/03\/Invistados.jpeg 800w, https:\/\/nuevodiario-assets.s3.us-east-2.amazonaws.com\/wp-content\/uploads\/2026\/03\/Invistados.jpeg 768w, https:\/\/nuevodiario-assets.s3.us-east-2.amazonaws.com\/wp-content\/uploads\/2026\/03\/Invistados.jpeg 1536w, https:\/\/nuevodiario-assets.s3.us-east-2.amazonaws.com\/wp-content\/uploads\/2026\/03\/Invistados.jpeg 600w, https:\/\/nuevodiario-assets.s3.us-east-2.amazonaws.com\/wp-content\/uploads\/2026\/03\/Invistados.jpeg 1280w\" sizes=\"auto, (max-width: 640px) 100vw, 640px\"\/><figcaption id=\"caption-attachment-3045143\" class=\"wp-caption-text\"><strong>Una comitiva de dominicanos, residentes en Arabia Saudita y Bar\u00e9in, particip\u00f3 en el evento<\/strong><\/figcaption><\/figure>\n<p>Agradeci\u00f3 a los asistentes, reiterando que la protecci\u00f3n a los dominicanos en el exterior se encuentra en el centro de las acciones del presidente Luis Abinader y del canciller Roberto \u00c1lvarez para que, independientemente de la distancia, los compatriotas cuenten con una digna representaci\u00f3n diplom\u00e1tica y consular.<\/p>\n<p>Asimismo, se procedi\u00f3 a habilitar el primer registro consular de dominicanos con la finalidad de contar con informaci\u00f3n actualizada para la asistencia a los connacionales en las jurisdicciones de la embajada con sede en la capital saud\u00ed, Riad.<\/p>\n<p>Resalt\u00f3 que la secci\u00f3n consular culmin\u00f3, de manera satisfactoria, su proceso de instalaci\u00f3n t\u00e9cnica y tecnol\u00f3gica como tambi\u00e9n la capacitaci\u00f3n del personal.<\/p>\n<p>Adem\u00e1s, se completaron los tr\u00e1mites internos con las respectivas autoridades en atenci\u00f3n a las normativas legales vigentes, y se realiz\u00f3 la instalaci\u00f3n e interconexi\u00f3n al Sistema de Gesti\u00f3n de Misiones (SGM) del Ministerio de Relaciones Exteriores (Mirex).<\/p>\n<p><h3 class=\"jp-relatedposts-headline\"><em>Relacionado<\/em><\/h3>\n<\/p>\n<p>\t\t\t\t\t\t<!-- .entry-footer --><br \/>\n\t\t\t\t\t\t<!-- \n\n<div data-type=\"_mgwidget\" data-widget-id=\"1743501\"><\/div>\n\n  -->\n\t\t\t\t\t<\/div>\n","protected":false},"excerpt":{"rendered":"<p>El embajador Andy Rodr\u00edguez Dur\u00e1n corta la cinta en el acto de apertura de la secci\u00f3n consular en Riad. (Fuente externa) Leer resumen de la noticia (IA) CLICK AQU\u00cd Analizando noticia&#8230; por favor espera. EL NUEVO DIARIO, RIAD.- En cumplimiento al primer eje de la pol\u00edtica exterior del Gobierno sobre la protecci\u00f3n y asistencia a<\/p>\n","protected":false},"author":1,"featured_media":26919,"comment_status":"open","ping_status":"open","sticky":false,"template":"","format":"standard","meta":{"footnotes":""},"categories":[1],"tags":[],"class_list":["post-26918","post","type-post","status-publish","format-standard","has-post-thumbnail","hentry","category-nacionales"],"_links":{"self":[{"href":"https:\/\/acronoticias.com\/index.php\/wp-json\/wp\/v2\/posts\/26918","targetHints":{"allow":["GET"]}}],"collection":[{"href":"https:\/\/acronoticias.com\/index.php\/wp-json\/wp\/v2\/posts"}],"about":[{"href":"https:\/\/acronoticias.com\/index.php\/wp-json\/wp\/v2\/types\/post"}],"author":[{"embeddable":true,"href":"https:\/\/acronoticias.com\/index.php\/wp-json\/wp\/v2\/users\/1"}],"replies":[{"embeddable":true,"href":"https:\/\/acronoticias.com\/index.php\/wp-json\/wp\/v2\/comments?post=26918"}],"version-history":[{"count":0,"href":"https:\/\/acronoticias.com\/index.php\/wp-json\/wp\/v2\/posts\/26918\/revisions"}],"wp:featuredmedia":[{"embeddable":true,"href":"https:\/\/acronoticias.com\/index.php\/wp-json\/wp\/v2\/media\/26919"}],"wp:attachment":[{"href":"https:\/\/acronoticias.com\/index.php\/wp-json\/wp\/v2\/media?parent=26918"}],"wp:term":[{"taxonomy":"category","embeddable":true,"href":"https:\/\/acronoticias.com\/index.php\/wp-json\/wp\/v2\/categories?post=26918"},{"taxonomy":"post_tag","embeddable":true,"href":"https:\/\/acronoticias.com\/index.php\/wp-json\/wp\/v2\/tags?post=26918"}],"curies":[{"name":"wp","href":"https:\/\/api.w.org\/{rel}","templated":true}]}}