{"id":26913,"date":"2026-03-11T15:50:45","date_gmt":"2026-03-11T15:50:45","guid":{"rendered":"https:\/\/acronoticias.com\/index.php\/2026\/03\/11\/jose-antonio-kast-asume-la-presidencia-de-chile\/"},"modified":"2026-03-11T15:50:45","modified_gmt":"2026-03-11T15:50:45","slug":"jose-antonio-kast-asume-la-presidencia-de-chile","status":"publish","type":"post","link":"https:\/\/acronoticias.com\/index.php\/2026\/03\/11\/jose-antonio-kast-asume-la-presidencia-de-chile\/","title":{"rendered":"Jos\u00e9 Antonio Kast asume la presidencia de Chile"},"content":{"rendered":"<div>\n<div class=\"c-detail__author full\">\n<div>\n<div class=\"c-detail__author__thumb\">\n<figure>\n                                <picture src=\"https:\/\/imagenes.hoy.com.do\/files\/image_square_xs\/uploads\/2025\/11\/18\/691c7d2b0f1b1.png\" data-size=\"w:40,h:40\">\n                                    <img decoding=\"async\" loading=\"lazy\" alt=\"Agencia AP\" width=\"40\" height=\"40\" src=\"https:\/\/imagenes.hoy.com.do\/files\/image_square_xs\/uploads\/2025\/11\/18\/691c7d2b0f1b1.png\"\/>\n                                <\/picture>\n                                <\/figure>\n<\/div>\n<\/div>\n<\/div>\n<p>                                                                                            <!-- --><\/p>\n<p class=\"paragraph\">La investidura de Jos\u00e9 Antonio Kast, quien fue elegido nuevo gobernante de Chile, tiene lugar en el Congreso Nacional en la ciudad de Valpara\u00edso.<\/p>\n<p class=\"paragraph\">Kast asume la presidencia chilena tras lograr una s\u00f3lida victoria en la segunda vuelta de las elecciones de 2025, cuando super\u00f3 a la candidata oficialista Jeannette Jara. En su tercera postulaci\u00f3n a La Moneda, el ultraderechista conquist\u00f3 el apoyo de casi el 60% del electorado gracias a su discurso de mano dura contra la delincuencia y la migraci\u00f3n irregular, en momentos en que el pa\u00eds atraviesa una crisis de inseguridad sin precedentes y flujos migratorios in\u00e9ditos.<\/p>\n<p class=\"paragraph\">La investidura de Kast marca el giro m\u00e1s pronunciado hacia la derecha en Chile desde el regreso de la democracia en 1990 y pone fin a la tendencia de gobiernos de centroderecha y centroizquierda que se han alternado en el poder desde entonces.<\/p>\n<div class=\"c-detail__box \">\n<article class=\"c-detail__sumario \">\n<figure class=\"c-detail__sumario__thumb\" style=\"display: block;\">\n            <a href=\"#\" title=\"\">\n                <picture data-size=\"w:140,h:140\" loading=\"lazy\" src=\"https:\/\/imagenes.hoy.com.do\/files\/related_image\/uploads\/2026\/03\/10\/69b0e7ba5b4c6.png\" data-full-src=\"https:\/\/imagenes.hoy.com.do\/uploads\/2026\/03\/10\/69b0e7ba5b4c6.png\">\n                    <img loading=\"lazy\" decoding=\"async\" width=\"140\" height=\"140\" alt=\"Jos\u00e9 Antonio Kast\" src=\"https:\/\/imagenes.hoy.com.do\/uploads\/2026\/03\/10\/69b0e7ba5b4c6.png\"\/>\n                <\/picture>\n            <\/a><br \/>\n        <\/figure>\n<\/article>\n<\/div>\n<\/div>\n","protected":false},"excerpt":{"rendered":"<p>La investidura de Jos\u00e9 Antonio Kast, quien fue elegido nuevo gobernante de Chile, tiene lugar en el Congreso Nacional en la ciudad de Valpara\u00edso. Kast asume la presidencia chilena tras lograr una s\u00f3lida victoria en la segunda vuelta de las elecciones de 2025, cuando super\u00f3 a la candidata oficialista Jeannette Jara. En su tercera postulaci\u00f3n<\/p>\n","protected":false},"author":1,"featured_media":26882,"comment_status":"open","ping_status":"open","sticky":false,"template":"","format":"standard","meta":{"footnotes":""},"categories":[3],"tags":[],"class_list":["post-26913","post","type-post","status-publish","format-standard","has-post-thumbnail","hentry","category-internacionales"],"_links":{"self":[{"href":"https:\/\/acronoticias.com\/index.php\/wp-json\/wp\/v2\/posts\/26913","targetHints":{"allow":["GET"]}}],"collection":[{"href":"https:\/\/acronoticias.com\/index.php\/wp-json\/wp\/v2\/posts"}],"about":[{"href":"https:\/\/acronoticias.com\/index.php\/wp-json\/wp\/v2\/types\/post"}],"author":[{"embeddable":true,"href":"https:\/\/acronoticias.com\/index.php\/wp-json\/wp\/v2\/users\/1"}],"replies":[{"embeddable":true,"href":"https:\/\/acronoticias.com\/index.php\/wp-json\/wp\/v2\/comments?post=26913"}],"version-history":[{"count":0,"href":"https:\/\/acronoticias.com\/index.php\/wp-json\/wp\/v2\/posts\/26913\/revisions"}],"wp:featuredmedia":[{"embeddable":true,"href":"https:\/\/acronoticias.com\/index.php\/wp-json\/wp\/v2\/media\/26882"}],"wp:attachment":[{"href":"https:\/\/acronoticias.com\/index.php\/wp-json\/wp\/v2\/media?parent=26913"}],"wp:term":[{"taxonomy":"category","embeddable":true,"href":"https:\/\/acronoticias.com\/index.php\/wp-json\/wp\/v2\/categories?post=26913"},{"taxonomy":"post_tag","embeddable":true,"href":"https:\/\/acronoticias.com\/index.php\/wp-json\/wp\/v2\/tags?post=26913"}],"curies":[{"name":"wp","href":"https:\/\/api.w.org\/{rel}","templated":true}]}}