{"id":26911,"date":"2026-03-11T15:42:24","date_gmt":"2026-03-11T15:42:24","guid":{"rendered":"https:\/\/acronoticias.com\/index.php\/2026\/03\/11\/arajet-se-convierte-en-la-aerolinea-oficial-de-los-juegos-centroamericanos-y-del-caribe\/"},"modified":"2026-03-11T15:42:24","modified_gmt":"2026-03-11T15:42:24","slug":"arajet-se-convierte-en-la-aerolinea-oficial-de-los-juegos-centroamericanos-y-del-caribe","status":"publish","type":"post","link":"https:\/\/acronoticias.com\/index.php\/2026\/03\/11\/arajet-se-convierte-en-la-aerolinea-oficial-de-los-juegos-centroamericanos-y-del-caribe\/","title":{"rendered":"Arajet se convierte en la aerol\u00ednea oficial de los Juegos Centroamericanos y del Caribe"},"content":{"rendered":"<div>\n<div class=\"c-detail__author full\">\n<div>\n<div class=\"c-detail__author__thumb\">\n<figure>\n                                <picture src=\"https:\/\/imagenes.hoy.com.do\/files\/image_square_xs\/uploads\/2025\/11\/10\/6911b3b5d935b.png\" data-size=\"w:40,h:40\">\n                                    <img decoding=\"async\" loading=\"lazy\" alt=\"Hoy .\" width=\"40\" height=\"40\" src=\"https:\/\/imagenes.hoy.com.do\/files\/image_square_xs\/uploads\/2025\/11\/10\/6911b3b5d935b.png\"\/>\n                                <\/picture>\n                                <\/figure>\n<\/div>\n<\/div>\n<\/div>\n<p>                                                                                            <!-- --><\/p>\n<p class=\"paragraph\">\u00a0Arajet y el Comit\u00e9 Organizador de los <a href=\"https:\/\/hoy.com.do\/deportes\/juegos-2026-entra-fase-final-manana-reunion-jefe-misiones_1079215.html\" title=\"Juegos 2026 entra en fase final, ma\u00f1ana va reuni\u00f3n Jefe Misiones\">Juegos Centroamericanos<\/a> y del Caribe firmaron un acuerdo de colaboraci\u00f3n mediante el cual la aerol\u00ednea dominicana se convierte en la l\u00ednea a\u00e9rea oficial del evento deportivo, reafirmando as\u00ed su compromiso con el desarrollo del deporte, la integraci\u00f3n regional y la promoci\u00f3n de la Rep\u00fablica Dominicana como hub estrat\u00e9gico de conectividad en las Am\u00e9ricas.<\/p>\n<p class=\"paragraph\">Como parte de esta alianza, Arajet apoyar\u00e1 la movilidad vinculada al certamen, facilitando la conexi\u00f3n a\u00e9rea de atletas, delegaciones, equipos t\u00e9cnicos, invitados y aficionados que participar\u00e1n en esta importante cita deportiva regional.<\/p>\n<p class=\"paragraph\">V\u00edctor Pacheco M\u00e9ndez, CEO y fundador de Arajet, destac\u00f3 la relevancia de este acuerdo para la aerol\u00ednea y para el pa\u00eds \u201cPara Arajet es un honor convertirnos en la aerol\u00ednea oficial de los Juegos Centroamericanos y del Caribe. Este acuerdo representa nuestro compromiso con el deporte, con la juventud y con la proyecci\u00f3n de la Rep\u00fablica Dominicana como un centro de conexi\u00f3n regional. Nos llena de orgullo poner nuestras alas al servicio de un evento que unir\u00e1 a toda la regi\u00f3n en torno al talento, la disciplina y la excelencia\u201d.<\/p>\n<p class=\"paragraph\">De su lado, Jos\u00e9 P. Monegro, presidente del Comit\u00e9 Organizador de los Juegos Centroamericanos y del Caribe, valor\u00f3 positivamente esta alianza estrat\u00e9gica \u201cContar con Arajet como aerol\u00ednea oficial del evento fortalece nuestra capacidad organizativa y log\u00edstica, y representa un respaldo importante para la realizaci\u00f3n exitosa de los Juegos. Nos satisface sumar a una marca dominicana que comparte nuestra visi\u00f3n de proyectar al pa\u00eds y de ofrecer un evento memorable para toda la regi\u00f3n\u201d.<\/p>\n<p class=\"paragraph\">Con esta alianza, ambas instituciones consolidan una relaci\u00f3n de colaboraci\u00f3n que contribuir\u00e1 al \u00e9xito de los Juegos Centroamericanos y del Caribe, al tiempo que fortalece el posicionamiento de la Rep\u00fablica Dominicana como sede de grandes eventos deportivos y como punto clave de conexi\u00f3n a\u00e9rea en el continente.<\/p>\n<p class=\"paragraph\"><b>Acerca de Arajet<\/b><\/p>\n<p class=\"paragraph\">Arajet es la aerol\u00ednea bandera de la Rep\u00fablica Dominicana. Desde el inicio de sus operaciones en 2022, opera dos bases \u2014en el Aeropuerto Las Am\u00e9ricas de Santo Domingo y en el Aeropuerto Internacional de Punta Cana\u2014 con una moderna flota de aeronaves Boeing 737 MAX. La aerol\u00ednea ofrece viajes seguros y asequibles hacia y entre la Rep\u00fablica Dominicana y m\u00faltiples destinos en Norte, Centro y Suram\u00e9rica, as\u00ed como en el Caribe. M\u00e1s informaci\u00f3n en www.arajet.com<\/p>\n<div class=\"c-detail__box \">\n<article class=\"c-detail__sumario \">\n<figure class=\"c-detail__sumario__thumb\" style=\"display: block;\">\n            <a href=\"#\" title=\"\">\n                <picture data-size=\"w:140,h:140\" loading=\"lazy\" src=\"https:\/\/imagenes.hoy.com.do\/files\/related_image\/files\/fp\/uploads\/2026\/03\/05\/69aa08301263a.r_d.260-335.jpeg\" data-full-src=\"https:\/\/imagenes.hoy.com.do\/uploads\/2026\/03\/05\/69aa08301263a.jpeg\">\n                    <img loading=\"lazy\" decoding=\"async\" width=\"140\" height=\"140\" alt=\"Boeingg 737 MAX.\" src=\"https:\/\/imagenes.hoy.com.do\/uploads\/2026\/03\/05\/69aa08301263a.jpeg\"\/>\n                <\/picture>\n            <\/a><br \/>\n        <\/figure>\n<\/article>\n<\/div>\n<\/div>\n","protected":false},"excerpt":{"rendered":"<p>\u00a0Arajet y el Comit\u00e9 Organizador de los Juegos Centroamericanos y del Caribe firmaron un acuerdo de colaboraci\u00f3n mediante el cual la aerol\u00ednea dominicana se convierte en la l\u00ednea a\u00e9rea oficial del evento deportivo, reafirmando as\u00ed su compromiso con el desarrollo del deporte, la integraci\u00f3n regional y la promoci\u00f3n de la Rep\u00fablica Dominicana como hub estrat\u00e9gico<\/p>\n","protected":false},"author":1,"featured_media":26912,"comment_status":"open","ping_status":"open","sticky":false,"template":"","format":"standard","meta":{"footnotes":""},"categories":[2],"tags":[],"class_list":["post-26911","post","type-post","status-publish","format-standard","has-post-thumbnail","hentry","category-deporte"],"_links":{"self":[{"href":"https:\/\/acronoticias.com\/index.php\/wp-json\/wp\/v2\/posts\/26911","targetHints":{"allow":["GET"]}}],"collection":[{"href":"https:\/\/acronoticias.com\/index.php\/wp-json\/wp\/v2\/posts"}],"about":[{"href":"https:\/\/acronoticias.com\/index.php\/wp-json\/wp\/v2\/types\/post"}],"author":[{"embeddable":true,"href":"https:\/\/acronoticias.com\/index.php\/wp-json\/wp\/v2\/users\/1"}],"replies":[{"embeddable":true,"href":"https:\/\/acronoticias.com\/index.php\/wp-json\/wp\/v2\/comments?post=26911"}],"version-history":[{"count":0,"href":"https:\/\/acronoticias.com\/index.php\/wp-json\/wp\/v2\/posts\/26911\/revisions"}],"wp:featuredmedia":[{"embeddable":true,"href":"https:\/\/acronoticias.com\/index.php\/wp-json\/wp\/v2\/media\/26912"}],"wp:attachment":[{"href":"https:\/\/acronoticias.com\/index.php\/wp-json\/wp\/v2\/media?parent=26911"}],"wp:term":[{"taxonomy":"category","embeddable":true,"href":"https:\/\/acronoticias.com\/index.php\/wp-json\/wp\/v2\/categories?post=26911"},{"taxonomy":"post_tag","embeddable":true,"href":"https:\/\/acronoticias.com\/index.php\/wp-json\/wp\/v2\/tags?post=26911"}],"curies":[{"name":"wp","href":"https:\/\/api.w.org\/{rel}","templated":true}]}}