{"id":26909,"date":"2026-03-11T15:41:20","date_gmt":"2026-03-11T15:41:20","guid":{"rendered":"https:\/\/acronoticias.com\/index.php\/2026\/03\/11\/titular-del-sns-supervisa-construccion-de-unidad-de-quemados-pediatrica-del-robert-reid-el-nuevo-diario-republica-dominicana\/"},"modified":"2026-03-11T15:41:20","modified_gmt":"2026-03-11T15:41:20","slug":"titular-del-sns-supervisa-construccion-de-unidad-de-quemados-pediatrica-del-robert-reid-el-nuevo-diario-republica-dominicana","status":"publish","type":"post","link":"https:\/\/acronoticias.com\/index.php\/2026\/03\/11\/titular-del-sns-supervisa-construccion-de-unidad-de-quemados-pediatrica-del-robert-reid-el-nuevo-diario-republica-dominicana\/","title":{"rendered":"Titular del SNS supervisa construcci\u00f3n de Unidad de Quemados Pedi\u00e1trica del Robert Reid \u2013 El Nuevo Diario (Rep\u00fablica Dominicana)"},"content":{"rendered":"<p><i class=\"bi bi-camera-fill\" style=\"font-size:18px; color:var(--rojo)\"\/> Julio Landr\u00f3n mientras supervisa la obra. (Foto: SNS)<\/p>\n<div>\n<div id=\"gemini-summary-wrapper\" class=\"mb-3\">\n                <button id=\"btn-get-summary\" class=\"gemini-btn\" data-post-id=\"3044953\" data-post-title=\"Titular del SNS supervisa construcci\u00f3n de Unidad de Quemados Pedi\u00e1trica del Robert Reid\"><br \/>\n                    Leer resumen <b class=\"d-none d-md-inline\">de la noticia<\/b> (IA) <span>CLICK AQU\u00cd<\/span><br \/>\n                <\/button><\/p>\n<div id=\"gemini-loading\" class=\"mb-3\">\n<p>                    <span>Analizando noticia&#8230; por favor espera.<\/span>\n                <\/div>\n<\/p><\/div>\n<p data-start=\"0\" data-end=\"270\">EL NUEVO DIARIO, SANTO DOMINGO.\u2013 El director del Servicio Nacional de Salud (SNS), Julio Landr\u00f3n, supervis\u00f3 este martes los avances en la construcci\u00f3n de la Unidad de Quemados Pedi\u00e1trica y del edificio de Servicios M\u00faltiples del Hospital Infantil Dr. Robert Reid Cabral.<\/p>\n<p data-start=\"272\" data-end=\"488\">En su visita de inspecci\u00f3n, el doctor Julio Landr\u00f3n convers\u00f3 con parte del personal encargado de la obra, de quienes recibi\u00f3 los detalles t\u00e9cnicos del desarrollo de los trabajos, que avanzan en la etapa de obra gris.<\/p>\n<p data-start=\"490\" data-end=\"789\" data-is-last-node=\"\" data-is-only-node=\"\">De acuerdo con una nota de prensa, el titular del SNS comunic\u00f3 a los ingenieros que existe un inter\u00e9s prioritario para que, a m\u00e1s tardar en agosto de este a\u00f1o, la poblaci\u00f3n pueda contar con una nueva Unidad de Quemados Pedi\u00e1trica para brindar atenci\u00f3n oportuna y especializada a los m\u00e1s vulnerables.<\/p>\n<figure id=\"attachment_3044976\" aria-describedby=\"caption-attachment-3044976\" style=\"width: 2560px\" class=\"wp-caption alignnone\"><img loading=\"lazy\" data-recalc-dims=\"1\" data-dominant-color=\"b2b7b7\" data-has-transparency=\"false\" style=\"--dominant-color: #b2b7b7;\" decoding=\"async\" class=\"size-full wp-image-3044976 not-transparent\" src=\"https:\/\/i0.wp.com\/nuevodiario-assets.s3.us-east-2.amazonaws.com\/wp-content\/uploads\/2026\/03\/Titular-del-SNS-supervisa-construccion-de-Unidad-de-Quemados-Pediatrica-del-Robert-Reid-2-scaled.jpeg?resize=640%2C427&amp;quality=100&amp;ssl=1\" alt=\"\" width=\"640\" height=\"427\" srcset=\"https:\/\/nuevodiario-assets.s3.us-east-2.amazonaws.com\/wp-content\/uploads\/2026\/03\/Titular-del-SNS-supervisa-construccion-de-Unidad-de-Quemados-Pediatrica-del-Robert-Reid-2-scaled.jpeg 2560w, https:\/\/nuevodiario-assets.s3.us-east-2.amazonaws.com\/wp-content\/uploads\/2026\/03\/Titular-del-SNS-supervisa-construccion-de-Unidad-de-Quemados-Pediatrica-del-Robert-Reid-2-scaled.jpeg 400w, https:\/\/nuevodiario-assets.s3.us-east-2.amazonaws.com\/wp-content\/uploads\/2026\/03\/Titular-del-SNS-supervisa-construccion-de-Unidad-de-Quemados-Pediatrica-del-Robert-Reid-2-scaled.jpeg 800w, https:\/\/nuevodiario-assets.s3.us-east-2.amazonaws.com\/wp-content\/uploads\/2026\/03\/Titular-del-SNS-supervisa-construccion-de-Unidad-de-Quemados-Pediatrica-del-Robert-Reid-2-scaled.jpeg 768w, https:\/\/nuevodiario-assets.s3.us-east-2.amazonaws.com\/wp-content\/uploads\/2026\/03\/Titular-del-SNS-supervisa-construccion-de-Unidad-de-Quemados-Pediatrica-del-Robert-Reid-2-scaled.jpeg 1536w, https:\/\/nuevodiario-assets.s3.us-east-2.amazonaws.com\/wp-content\/uploads\/2026\/03\/Titular-del-SNS-supervisa-construccion-de-Unidad-de-Quemados-Pediatrica-del-Robert-Reid-2-scaled.jpeg 2048w, https:\/\/nuevodiario-assets.s3.us-east-2.amazonaws.com\/wp-content\/uploads\/2026\/03\/Titular-del-SNS-supervisa-construccion-de-Unidad-de-Quemados-Pediatrica-del-Robert-Reid-2-scaled.jpeg 600w, https:\/\/nuevodiario-assets.s3.us-east-2.amazonaws.com\/wp-content\/uploads\/2026\/03\/Titular-del-SNS-supervisa-construccion-de-Unidad-de-Quemados-Pediatrica-del-Robert-Reid-2-scaled.jpeg 1280w, https:\/\/nuevodiario-assets.s3.us-east-2.amazonaws.com\/wp-content\/uploads\/2026\/03\/Titular-del-SNS-supervisa-construccion-de-Unidad-de-Quemados-Pediatrica-del-Robert-Reid-2-scaled.jpeg 1920w\" sizes=\"auto, (max-width: 640px) 100vw, 640px\"\/><figcaption id=\"caption-attachment-3044976\" class=\"wp-caption-text\"><em><strong>Julio Landr\u00f3n mientras supervisa la obra. (Foto: SNS)<\/strong><\/em><\/figcaption><\/figure>\n<p data-start=\"0\" data-end=\"171\">Destac\u00f3 que esta nueva Unidad de Quemados Pedi\u00e1trica est\u00e1 destinada a ofrecer un entorno seguro y especializado para el tratamiento de quemaduras en pacientes pedi\u00e1tricos.<\/p>\n<p data-start=\"173\" data-end=\"649\">La construcci\u00f3n de la nueva unidad tendr\u00e1 una inversi\u00f3n de RD$447,864,924.27 y contar\u00e1 con una amplia gama de instalaciones y equipos modernos, entre estos: 15 cub\u00edculos en la Unidad de Cuidados Intensivos, ocho aislados; ocho habitaciones de internamiento, laboratorio, esterilizaci\u00f3n, tres quir\u00f3fanos, cuatro camas prequir\u00fargicas, cuatro camas posquir\u00fargicas y tres consultorios polivalentes. Igualmente, tendr\u00e1 su UCI interna con siete cub\u00edculos y habitaciones para madres.<\/p>\n<p data-start=\"651\" data-end=\"793\">Tambi\u00e9n contar\u00e1 con su propia \u00e1rea de Emergencia, con dos consultorios, cuatro estaciones de cura, \u00e1reas de hidroterapia, cocina y lavander\u00eda.<\/p>\n<p data-start=\"795\" data-end=\"952\" data-is-last-node=\"\" data-is-only-node=\"\">La construcci\u00f3n de la Unidad de Quemados en el Hospital Infantil Doctor Robert Reid Cabral es una iniciativa de la Oficina de la Primera Dama, Raquel Arbaje.<\/p>\n<p><h3 class=\"jp-relatedposts-headline\"><em>Relacionado<\/em><\/h3>\n<\/p>\n<p>\t\t\t\t\t\t<!-- .entry-footer --><br \/>\n\t\t\t\t\t\t<!-- \n\n<div data-type=\"_mgwidget\" data-widget-id=\"1743501\"><\/div>\n\n  -->\n\t\t\t\t\t<\/div>\n","protected":false},"excerpt":{"rendered":"<p>Julio Landr\u00f3n mientras supervisa la obra. (Foto: SNS) Leer resumen de la noticia (IA) CLICK AQU\u00cd Analizando noticia&#8230; por favor espera. EL NUEVO DIARIO, SANTO DOMINGO.\u2013 El director del Servicio Nacional de Salud (SNS), Julio Landr\u00f3n, supervis\u00f3 este martes los avances en la construcci\u00f3n de la Unidad de Quemados Pedi\u00e1trica y del edificio de Servicios<\/p>\n","protected":false},"author":1,"featured_media":26910,"comment_status":"open","ping_status":"open","sticky":false,"template":"","format":"standard","meta":{"footnotes":""},"categories":[1],"tags":[],"class_list":["post-26909","post","type-post","status-publish","format-standard","has-post-thumbnail","hentry","category-nacionales"],"_links":{"self":[{"href":"https:\/\/acronoticias.com\/index.php\/wp-json\/wp\/v2\/posts\/26909","targetHints":{"allow":["GET"]}}],"collection":[{"href":"https:\/\/acronoticias.com\/index.php\/wp-json\/wp\/v2\/posts"}],"about":[{"href":"https:\/\/acronoticias.com\/index.php\/wp-json\/wp\/v2\/types\/post"}],"author":[{"embeddable":true,"href":"https:\/\/acronoticias.com\/index.php\/wp-json\/wp\/v2\/users\/1"}],"replies":[{"embeddable":true,"href":"https:\/\/acronoticias.com\/index.php\/wp-json\/wp\/v2\/comments?post=26909"}],"version-history":[{"count":0,"href":"https:\/\/acronoticias.com\/index.php\/wp-json\/wp\/v2\/posts\/26909\/revisions"}],"wp:featuredmedia":[{"embeddable":true,"href":"https:\/\/acronoticias.com\/index.php\/wp-json\/wp\/v2\/media\/26910"}],"wp:attachment":[{"href":"https:\/\/acronoticias.com\/index.php\/wp-json\/wp\/v2\/media?parent=26909"}],"wp:term":[{"taxonomy":"category","embeddable":true,"href":"https:\/\/acronoticias.com\/index.php\/wp-json\/wp\/v2\/categories?post=26909"},{"taxonomy":"post_tag","embeddable":true,"href":"https:\/\/acronoticias.com\/index.php\/wp-json\/wp\/v2\/tags?post=26909"}],"curies":[{"name":"wp","href":"https:\/\/api.w.org\/{rel}","templated":true}]}}