{"id":26907,"date":"2026-03-11T15:25:42","date_gmt":"2026-03-11T15:25:42","guid":{"rendered":"https:\/\/acronoticias.com\/index.php\/2026\/03\/11\/ministro-del-mescyt-y-adp-realizan-encuentro-para-transformar-sistema-educativo-el-nuevo-diario-republica-dominicana\/"},"modified":"2026-03-11T15:25:42","modified_gmt":"2026-03-11T15:25:42","slug":"ministro-del-mescyt-y-adp-realizan-encuentro-para-transformar-sistema-educativo-el-nuevo-diario-republica-dominicana","status":"publish","type":"post","link":"https:\/\/acronoticias.com\/index.php\/2026\/03\/11\/ministro-del-mescyt-y-adp-realizan-encuentro-para-transformar-sistema-educativo-el-nuevo-diario-republica-dominicana\/","title":{"rendered":"Ministro del Mescyt y ADP realizan encuentro para transformar sistema educativo \u2013 El Nuevo Diario (Rep\u00fablica Dominicana)"},"content":{"rendered":"<p><i class=\"bi bi-camera-fill\" style=\"font-size:18px; color:var(--rojo)\"\/> Encuentro entre ADP y Mescyt. (Foto: fuente externa) <\/p>\n<div>\n<div id=\"gemini-summary-wrapper\" class=\"mb-3\">\n                <button id=\"btn-get-summary\" class=\"gemini-btn\" data-post-id=\"3044973\" data-post-title=\"Ministro del Mescyt y ADP realizan encuentro para transformar sistema educativo\"><br \/>\n                    Leer resumen <b class=\"d-none d-md-inline\">de la noticia<\/b> (IA) <span>CLICK AQU\u00cd<\/span><br \/>\n                <\/button><\/p>\n<div id=\"gemini-loading\" class=\"mb-3\">\n<p>                    <span>Analizando noticia&#8230; por favor espera.<\/span>\n                <\/div>\n<\/p><\/div>\n<p>EL NUEVO DIARIO, SANTO DOMINGO.- El Comit\u00e9 Ejecutivo Nacional (CEN) de la Asociaci\u00f3n Dominicana de Profesores (ADP) y el ministro de Educaci\u00f3n Superior, Ciencia y Tecnolog\u00eda (MESCyT), Rafael Santos, se reunieron para discutir la reforma del sistema educativo nacional, en un encuentro donde la ADP entreg\u00f3 un documento titulado \u201cLlamado al magisterio nacional y la ADP\u201d que busca abrir un proceso de di\u00e1logo.<\/p>\n<p>De acuerdo con una nota de prensa, el presidente de la ADP, profesor Eduardo Hidalgo, enfatiz\u00f3 el rechazo de la asociaci\u00f3n a la fusi\u00f3n del Ministerio de Educaci\u00f3n (Minerd) y el MESCyT, celebrando que se haya postergado el proyecto de ley en el Congreso Nacional para permitir un debate m\u00e1s amplio y consensuado sobre la transformaci\u00f3n educativa.<\/p>\n<p>El encuentro, realizado a petici\u00f3n del ministro Santos en la sede del MESCyT, cont\u00f3 con la participaci\u00f3n de expresidentes y exsecretarios generales de la ADP, as\u00ed como de los viceministros del MESCyT. Santos resalt\u00f3 la relaci\u00f3n \u00abprofunda e indisoluble\u00bb entre el MESCyT y la ADP, reconociendo el papel hist\u00f3rico del gremio magisterial en la defensa de la educaci\u00f3n y los docentes.<\/p>\n<p>Hidalgo se\u00f1al\u00f3 que la ADP analizar\u00e1 el documento presentado y lo incorporar\u00e1 al debate institucional. Record\u00f3 la participaci\u00f3n activa de la ADP en debates educativos anteriores, incluyendo el Congreso del Plan Decenal de Educaci\u00f3n y la elaboraci\u00f3n del curr\u00edculo vigente. Subray\u00f3 que la ADP siempre ha buscado un trato respetuoso y de igualdad para contribuir de manera activa y propositiva al debate educativo.<\/p>\n<p>Hidalgo inform\u00f3 que, debido a la organizaci\u00f3n del primer Congreso Pedag\u00f3gico, la ADP no podr\u00e1 revisar el documento en las pr\u00f3ximas dos semanas. El ministro Santos, por su parte, destac\u00f3 la importancia de la postura de la ADP y su papel en el futuro de la educaci\u00f3n dominicana, recordando su propia trayectoria dentro de la organizaci\u00f3n.<\/p>\n<p>Santos Bad\u00eda reafirm\u00f3 la importancia del di\u00e1logo respetuoso y plural para fortalecer las pol\u00edticas p\u00fablicas educativas, enfatizando que las diferencias de criterio son inherentes a una sociedad democr\u00e1tica. \u00abDonde hay vida hay debate, hay intercambio de ideas. El consenso es f\u00e1cil cuando todos piensan igual; lo verdaderamente importante es saber escuchar y respetar las posiciones distintas\u00bb, concluy\u00f3.<\/p>\n<p><h3 class=\"jp-relatedposts-headline\"><em>Relacionado<\/em><\/h3>\n<\/p>\n<p>\t\t\t\t\t\t<!-- .entry-footer --><br \/>\n\t\t\t\t\t\t<!-- \n\n<div data-type=\"_mgwidget\" data-widget-id=\"1743501\"><\/div>\n\n  -->\n\t\t\t\t\t<\/div>\n","protected":false},"excerpt":{"rendered":"<p>Encuentro entre ADP y Mescyt. (Foto: fuente externa) Leer resumen de la noticia (IA) CLICK AQU\u00cd Analizando noticia&#8230; por favor espera. EL NUEVO DIARIO, SANTO DOMINGO.- El Comit\u00e9 Ejecutivo Nacional (CEN) de la Asociaci\u00f3n Dominicana de Profesores (ADP) y el ministro de Educaci\u00f3n Superior, Ciencia y Tecnolog\u00eda (MESCyT), Rafael Santos, se reunieron para discutir la<\/p>\n","protected":false},"author":1,"featured_media":26908,"comment_status":"open","ping_status":"open","sticky":false,"template":"","format":"standard","meta":{"footnotes":""},"categories":[1],"tags":[],"class_list":["post-26907","post","type-post","status-publish","format-standard","has-post-thumbnail","hentry","category-nacionales"],"_links":{"self":[{"href":"https:\/\/acronoticias.com\/index.php\/wp-json\/wp\/v2\/posts\/26907","targetHints":{"allow":["GET"]}}],"collection":[{"href":"https:\/\/acronoticias.com\/index.php\/wp-json\/wp\/v2\/posts"}],"about":[{"href":"https:\/\/acronoticias.com\/index.php\/wp-json\/wp\/v2\/types\/post"}],"author":[{"embeddable":true,"href":"https:\/\/acronoticias.com\/index.php\/wp-json\/wp\/v2\/users\/1"}],"replies":[{"embeddable":true,"href":"https:\/\/acronoticias.com\/index.php\/wp-json\/wp\/v2\/comments?post=26907"}],"version-history":[{"count":0,"href":"https:\/\/acronoticias.com\/index.php\/wp-json\/wp\/v2\/posts\/26907\/revisions"}],"wp:featuredmedia":[{"embeddable":true,"href":"https:\/\/acronoticias.com\/index.php\/wp-json\/wp\/v2\/media\/26908"}],"wp:attachment":[{"href":"https:\/\/acronoticias.com\/index.php\/wp-json\/wp\/v2\/media?parent=26907"}],"wp:term":[{"taxonomy":"category","embeddable":true,"href":"https:\/\/acronoticias.com\/index.php\/wp-json\/wp\/v2\/categories?post=26907"},{"taxonomy":"post_tag","embeddable":true,"href":"https:\/\/acronoticias.com\/index.php\/wp-json\/wp\/v2\/tags?post=26907"}],"curies":[{"name":"wp","href":"https:\/\/api.w.org\/{rel}","templated":true}]}}