{"id":26899,"date":"2026-03-11T14:33:43","date_gmt":"2026-03-11T14:33:43","guid":{"rendered":"https:\/\/acronoticias.com\/index.php\/2026\/03\/11\/afirman-jovenes-que-se-identifican-como-therians-buscan-una-identidad-espiritual-el-nuevo-diario-republica-dominicana\/"},"modified":"2026-03-11T14:33:43","modified_gmt":"2026-03-11T14:33:43","slug":"afirman-jovenes-que-se-identifican-como-therians-buscan-una-identidad-espiritual-el-nuevo-diario-republica-dominicana","status":"publish","type":"post","link":"https:\/\/acronoticias.com\/index.php\/2026\/03\/11\/afirman-jovenes-que-se-identifican-como-therians-buscan-una-identidad-espiritual-el-nuevo-diario-republica-dominicana\/","title":{"rendered":"Afirman j\u00f3venes que se identifican como therians buscan una identidad espiritual \u2013 El Nuevo Diario (Rep\u00fablica Dominicana)"},"content":{"rendered":"<p><i class=\"bi bi-camera-fill\" style=\"font-size:18px; color:var(--rojo)\"\/> Octavio P\u00e9rez, comunitario evang\u00e9lico. (Foto: Emmanuel Blanco)<\/p>\n<div>\n<div id=\"gemini-summary-wrapper\" class=\"mb-3\">\n                <button id=\"btn-get-summary\" class=\"gemini-btn\" data-post-id=\"3044926\" data-post-title=\"Afirman j\u00f3venes que se identifican como therians buscan una identidad espiritual\"><br \/>\n                    Leer resumen <b class=\"d-none d-md-inline\">de la noticia<\/b> (IA) <span>CLICK AQU\u00cd<\/span><br \/>\n                <\/button><\/p>\n<div id=\"gemini-loading\" class=\"mb-3\">\n<p>                    <span>Analizando noticia&#8230; por favor espera.<\/span>\n                <\/div>\n<\/p><\/div>\n<p>EL NUEVO DIARIO, SANTO DOMINGO. \u2013 El comunitario evang\u00e9lico Octavio P\u00e9rez abord\u00f3 el fen\u00f3meno de los j\u00f3venes que se identifican como therians, se\u00f1alando que, desde su perspectiva, muchos de ellos atraviesan una b\u00fasqueda de identidad y sentido en sus vidas.<\/p>\n<p>P\u00e9rez indic\u00f3 que no considera que estos j\u00f3venes necesariamente est\u00e9n confundidos, sino que podr\u00edan estar tratando de encontrar una identidad personal. Sin embargo, afirm\u00f3 que, desde su visi\u00f3n de fe, ese proceso de b\u00fasqueda tambi\u00e9n puede estar relacionado con un vac\u00edo espiritual que, seg\u00fan dijo, \u201csolo puede ser llenado por Dios\u201d.<\/p>\n<p>El l\u00edder comunitario tambi\u00e9n plante\u00f3 que la psicolog\u00eda y la religiosidad pueden complementarse para ayudar a las personas que enfrentan conflictos internos o emocionales. En ese sentido, sostuvo que acudir a profesionales de la salud mental no contradice la fe, destacando que la ciencia tambi\u00e9n forma parte de la creaci\u00f3n divina.<\/p>\n<p>P\u00e9rez habl\u00f3 en esos t\u00e9rminos al ser entrevistado por las comunicadoras Joysi Melenciano y Wendy Chevalie, en el programa \u201cPol\u00edtica con 6to. Sentido\u201d, transmitido por la plataforma digital El Nuevo Diario TV.<\/p>\n<p>(Ver programa)<\/p>\n<p><a href=\"https:\/\/elnuevodiario.com.do\/tv\/politica-con-6to-sentido-therian-de-identidad-personal-a-debate-politico\/\">Pol\u00edtica Con 6to. Sentido \u2013 Therian: de identidad personal a debate pol\u00edtico \u2013 El Nuevo Diario (Rep\u00fablica Dominicana)<\/a><\/p>\n<p>Asimismo, subray\u00f3 la importancia del rol de la familia en la formaci\u00f3n de los j\u00f3venes. A su juicio, los valores y principios ense\u00f1ados durante la infancia influyen de manera directa en la forma en que los ni\u00f1os y adolescentes desarrollan su identidad y toman decisiones en el futuro.<\/p>\n<p>Durante sus declaraciones, P\u00e9rez mencion\u00f3 ejemplos b\u00edblicos para explicar la relaci\u00f3n entre espiritualidad y salud mental, citando relatos como el del rey Nabucodonosor y el del endemoniado gadareno, que en su interpretaci\u00f3n reflejan procesos de transformaci\u00f3n a partir del reconocimiento de Dios.<\/p>\n<p>El comunitario envi\u00f3 un mensaje a la juventud, se\u00f1alando que siempre existe la posibilidad de cambio y esperanza. \u201cEn Cristo se puede encontrar fortaleza para enfrentar los desaf\u00edos de la vida\u201d, agreg\u00f3.<\/p>\n<p><h3 class=\"jp-relatedposts-headline\"><em>Relacionado<\/em><\/h3>\n<\/p>\n<p>\t\t\t\t\t\t<!-- .entry-footer --><br \/>\n\t\t\t\t\t\t<!-- \n\n<div data-type=\"_mgwidget\" data-widget-id=\"1743501\"><\/div>\n\n  -->\n\t\t\t\t\t<\/div>\n","protected":false},"excerpt":{"rendered":"<p>Octavio P\u00e9rez, comunitario evang\u00e9lico. (Foto: Emmanuel Blanco) Leer resumen de la noticia (IA) CLICK AQU\u00cd Analizando noticia&#8230; por favor espera. EL NUEVO DIARIO, SANTO DOMINGO. \u2013 El comunitario evang\u00e9lico Octavio P\u00e9rez abord\u00f3 el fen\u00f3meno de los j\u00f3venes que se identifican como therians, se\u00f1alando que, desde su perspectiva, muchos de ellos atraviesan una b\u00fasqueda de identidad<\/p>\n","protected":false},"author":1,"featured_media":26900,"comment_status":"open","ping_status":"open","sticky":false,"template":"","format":"standard","meta":{"footnotes":""},"categories":[1],"tags":[],"class_list":["post-26899","post","type-post","status-publish","format-standard","has-post-thumbnail","hentry","category-nacionales"],"_links":{"self":[{"href":"https:\/\/acronoticias.com\/index.php\/wp-json\/wp\/v2\/posts\/26899","targetHints":{"allow":["GET"]}}],"collection":[{"href":"https:\/\/acronoticias.com\/index.php\/wp-json\/wp\/v2\/posts"}],"about":[{"href":"https:\/\/acronoticias.com\/index.php\/wp-json\/wp\/v2\/types\/post"}],"author":[{"embeddable":true,"href":"https:\/\/acronoticias.com\/index.php\/wp-json\/wp\/v2\/users\/1"}],"replies":[{"embeddable":true,"href":"https:\/\/acronoticias.com\/index.php\/wp-json\/wp\/v2\/comments?post=26899"}],"version-history":[{"count":0,"href":"https:\/\/acronoticias.com\/index.php\/wp-json\/wp\/v2\/posts\/26899\/revisions"}],"wp:featuredmedia":[{"embeddable":true,"href":"https:\/\/acronoticias.com\/index.php\/wp-json\/wp\/v2\/media\/26900"}],"wp:attachment":[{"href":"https:\/\/acronoticias.com\/index.php\/wp-json\/wp\/v2\/media?parent=26899"}],"wp:term":[{"taxonomy":"category","embeddable":true,"href":"https:\/\/acronoticias.com\/index.php\/wp-json\/wp\/v2\/categories?post=26899"},{"taxonomy":"post_tag","embeddable":true,"href":"https:\/\/acronoticias.com\/index.php\/wp-json\/wp\/v2\/tags?post=26899"}],"curies":[{"name":"wp","href":"https:\/\/api.w.org\/{rel}","templated":true}]}}