{"id":26891,"date":"2026-03-11T13:45:40","date_gmt":"2026-03-11T13:45:40","guid":{"rendered":"https:\/\/acronoticias.com\/index.php\/2026\/03\/11\/congreso-iberoamericano-por-la-vida-y-la-familia-se-realizara-en-rd-el-nuevo-diario-republica-dominicana\/"},"modified":"2026-03-11T13:45:40","modified_gmt":"2026-03-11T13:45:40","slug":"congreso-iberoamericano-por-la-vida-y-la-familia-se-realizara-en-rd-el-nuevo-diario-republica-dominicana","status":"publish","type":"post","link":"https:\/\/acronoticias.com\/index.php\/2026\/03\/11\/congreso-iberoamericano-por-la-vida-y-la-familia-se-realizara-en-rd-el-nuevo-diario-republica-dominicana\/","title":{"rendered":"Congreso Iberoamericano por la Vida y la Familia se realizar\u00e1 en RD \u2013 El Nuevo Diario (Rep\u00fablica Dominicana)"},"content":{"rendered":"<p><i class=\"bi bi-camera-fill\" style=\"font-size:18px; color:var(--rojo)\"\/> Congreso Iberoamericano por la Vida y la Familia se realizar\u00e1 en RD. (Foto: prensa Congreso Iberoamericano por la Vida y la Familia).<\/p>\n<div>\n<div id=\"gemini-summary-wrapper\" class=\"mb-3\">\n                <button id=\"btn-get-summary\" class=\"gemini-btn\" data-post-id=\"3044751\" data-post-title=\"Congreso Iberoamericano por la Vida y la Familia se realizar\u00e1 en RD\"><br \/>\n                    Leer resumen <b class=\"d-none d-md-inline\">de la noticia<\/b> (IA) <span>CLICK AQU\u00cd<\/span><br \/>\n                <\/button><\/p>\n<div id=\"gemini-loading\" class=\"mb-3\">\n<p>                    <span>Analizando noticia&#8230; por favor espera.<\/span>\n                <\/div>\n<\/p><\/div>\n<p><strong>EL NUEVO DIARIO, SANTO DOMINGO.\u2013 <\/strong>La Rep\u00fablica Dominicana ser\u00e1 sede de la novena edici\u00f3n del <span class=\"hover:entity-accent entity-underline inline cursor-pointer align-baseline\"><span class=\"whitespace-normal\">Congreso Iberoamericano por la Vida y la Familia<\/span><\/span>, que se desarrollar\u00e1 a partir de este mi\u00e9rcoles 11 hasta el 13 de marzo de 2026, bajo el lema \u201cCon la Biblia en el centro\u201d.<\/p>\n<p data-start=\"170\" data-end=\"600\">La apertura tendr\u00e1 lugar a las 9:00 de la ma\u00f1ana con un encuentro para legisladores e invitados en el Sal\u00f3n de la Asamblea del <span class=\"hover:entity-accent entity-underline inline cursor-pointer align-baseline\"><span class=\"whitespace-normal\">Congreso Nacional de la Rep\u00fablica Dominicana<\/span><\/span>. La actividad estar\u00e1 encabezada por la vicepresidenta <span class=\"hover:entity-accent entity-underline inline cursor-pointer align-baseline\"><span class=\"whitespace-normal\">Raquel Pe\u00f1a<\/span><\/span> y los presidentes de ambas c\u00e1maras legislativas, el senador <span class=\"hover:entity-accent entity-underline inline cursor-pointer align-baseline\"><span class=\"whitespace-normal\">Ricardo de los Santos<\/span><\/span> y el diputado <span class=\"hover:entity-accent entity-underline inline cursor-pointer align-baseline\"><span class=\"whitespace-normal\">Alfredo Pacheco, seg\u00fan detalla un comunicado de prensa.<\/span><\/span><\/p>\n<p data-start=\"170\" data-end=\"600\">\u201cEste congreso representa mucho m\u00e1s que un evento acad\u00e9mico; es una firme declaraci\u00f3n de principios en favor de la patria y la instituci\u00f3n familiar\u201d, expres\u00f3 <span class=\"hover:entity-accent entity-underline inline cursor-pointer align-baseline\"><span class=\"whitespace-normal\">Omayra \u00c1lvarez, parte de la organizaci\u00f3n.<\/span><\/span><\/p>\n<p data-start=\"602\" data-end=\"774\">A\u00f1ade que en horas de la tarde, las actividades se trasladar\u00e1n al Hotel Catalonia Santo Domingo, donde se desarrollar\u00e1 la agenda de actividades.<\/p>\n<p data-start=\"776\" data-end=\"1064\">En ese sentido, se\u00f1ala que entre las conferencias programadas figura la participaci\u00f3n del polit\u00f3logo y escritor argentino <span class=\"hover:entity-accent entity-underline inline cursor-pointer align-baseline\"><span class=\"whitespace-normal\">Agust\u00edn Laje<\/span><\/span>, quien presentar\u00e1 la conferencia <em>\u201cGlobalismo: \u00bfControl Total?<\/em>\u201d, centrada en el impacto de agendas internacionales en la soberan\u00eda de las familias.<\/p>\n<p data-start=\"776\" data-end=\"1064\">Seg\u00fan los convocantes, el evento cuenta con el respaldo de organizaciones que promueven pol\u00edticas p\u00fablicas relacionadas con la vida, la libertad de conciencia y la libertad religiosa.<\/p>\n<p data-start=\"1066\" data-end=\"1249\">Tambi\u00e9n puntualizan que participar\u00e1 el reconocido activista <span class=\"hover:entity-accent entity-underline inline cursor-pointer align-baseline\"><span class=\"whitespace-normal\">Rigoberto Hidalgo<\/span><\/span> con la ponencia<em> \u201cEl fundamento de la dignidad humana\u201d<\/em>, orientada al valor de la vida humana desde su concepci\u00f3n.<\/p>\n<p data-start=\"1251\" data-end=\"1506\">Asimismo, afirma que las jornadas oficiales continuar\u00e1n el jueves 12 a partir de las 9:00 de la ma\u00f1ana con sesiones plenarias, paneles de discusi\u00f3n y mesas de trabajo t\u00e9cnico. Las conferencias magistrales abiertas al p\u00fablico se realizar\u00e1n en horario nocturno.<\/p>\n<p data-start=\"1798\" data-end=\"1968\">Adem\u00e1s, indican que el registro y la adquisici\u00f3n de entradas se podr\u00e1n realizar a trav\u00e9s del portal oficial del congreso y mediante la plataforma de boleter\u00eda <span class=\"hover:entity-accent entity-underline inline cursor-pointer align-baseline\"><span class=\"whitespace-normal\">TodoTickets, con un valor de RD$1,000 para la conferencia de\u00a0 Rigoberto Hidalgo, mientras que la de Agust\u00edn Laje ser\u00e1 RD$2,500<\/span><\/span>.<\/p>\n<p data-start=\"2355\" data-end=\"2652\">El <span class=\"hover:entity-accent entity-underline inline cursor-pointer align-baseline\"><span class=\"whitespace-normal\">Congreso Iberoamericano por la Vida y la Familia<\/span><\/span> es una iniciativa internacional presidida por el mexicano <span class=\"hover:entity-accent entity-underline inline cursor-pointer align-baseline\"><span class=\"whitespace-normal\">Jos\u00e9 Luis Lara S\u00e1nchez<\/span><\/span>. En su direcci\u00f3n tambi\u00e9n participa el diputado uruguayo <span class=\"hover:entity-accent entity-underline inline cursor-pointer align-baseline\"><span class=\"whitespace-normal\">\u00c1lvaro Dastugue<\/span><\/span>, quien preside la <span class=\"hover:entity-accent entity-underline inline cursor-pointer align-baseline\"><span class=\"whitespace-normal\">Uni\u00f3n Iberoamericana de Parlamentarios Cristianos<\/span><\/span>.<\/p>\n<p data-start=\"2654\" data-end=\"2849\" data-is-last-node=\"\" data-is-only-node=\"\">La organizaci\u00f3n agrupa a l\u00edderes, acad\u00e9micos y ciudadanos con el objetivo de incidir en la cultura y en la legislaci\u00f3n de pa\u00edses hispanohablantes a partir de principios y valores judeocristianos.<\/p>\n<p data-start=\"2654\" data-end=\"2849\" data-is-last-node=\"\" data-is-only-node=\"\">NLP\/<\/p>\n<p>\u00a0<\/p>\n<p><h3 class=\"jp-relatedposts-headline\"><em>Relacionado<\/em><\/h3>\n<\/p>\n<p>\t\t\t\t\t\t<!-- .entry-footer --><br \/>\n\t\t\t\t\t\t<!-- \n\n<div data-type=\"_mgwidget\" data-widget-id=\"1743501\"><\/div>\n\n  -->\n\t\t\t\t\t<\/div>\n","protected":false},"excerpt":{"rendered":"<p>Congreso Iberoamericano por la Vida y la Familia se realizar\u00e1 en RD. (Foto: prensa Congreso Iberoamericano por la Vida y la Familia). Leer resumen de la noticia (IA) CLICK AQU\u00cd Analizando noticia&#8230; por favor espera. EL NUEVO DIARIO, SANTO DOMINGO.\u2013 La Rep\u00fablica Dominicana ser\u00e1 sede de la novena edici\u00f3n del Congreso Iberoamericano por la Vida<\/p>\n","protected":false},"author":1,"featured_media":26892,"comment_status":"open","ping_status":"open","sticky":false,"template":"","format":"standard","meta":{"footnotes":""},"categories":[1],"tags":[],"class_list":["post-26891","post","type-post","status-publish","format-standard","has-post-thumbnail","hentry","category-nacionales"],"_links":{"self":[{"href":"https:\/\/acronoticias.com\/index.php\/wp-json\/wp\/v2\/posts\/26891","targetHints":{"allow":["GET"]}}],"collection":[{"href":"https:\/\/acronoticias.com\/index.php\/wp-json\/wp\/v2\/posts"}],"about":[{"href":"https:\/\/acronoticias.com\/index.php\/wp-json\/wp\/v2\/types\/post"}],"author":[{"embeddable":true,"href":"https:\/\/acronoticias.com\/index.php\/wp-json\/wp\/v2\/users\/1"}],"replies":[{"embeddable":true,"href":"https:\/\/acronoticias.com\/index.php\/wp-json\/wp\/v2\/comments?post=26891"}],"version-history":[{"count":0,"href":"https:\/\/acronoticias.com\/index.php\/wp-json\/wp\/v2\/posts\/26891\/revisions"}],"wp:featuredmedia":[{"embeddable":true,"href":"https:\/\/acronoticias.com\/index.php\/wp-json\/wp\/v2\/media\/26892"}],"wp:attachment":[{"href":"https:\/\/acronoticias.com\/index.php\/wp-json\/wp\/v2\/media?parent=26891"}],"wp:term":[{"taxonomy":"category","embeddable":true,"href":"https:\/\/acronoticias.com\/index.php\/wp-json\/wp\/v2\/categories?post=26891"},{"taxonomy":"post_tag","embeddable":true,"href":"https:\/\/acronoticias.com\/index.php\/wp-json\/wp\/v2\/tags?post=26891"}],"curies":[{"name":"wp","href":"https:\/\/api.w.org\/{rel}","templated":true}]}}