{"id":26885,"date":"2026-03-11T13:13:53","date_gmt":"2026-03-11T13:13:53","guid":{"rendered":"https:\/\/acronoticias.com\/index.php\/2026\/03\/11\/miguel-ferrera-lamenta-crimen-de-ciudadano-aleman-en-la-romana-y-pide-mayor-atencion-a-la-juventud-el-nuevo-diario-republica-dominicana\/"},"modified":"2026-03-11T13:13:53","modified_gmt":"2026-03-11T13:13:53","slug":"miguel-ferrera-lamenta-crimen-de-ciudadano-aleman-en-la-romana-y-pide-mayor-atencion-a-la-juventud-el-nuevo-diario-republica-dominicana","status":"publish","type":"post","link":"https:\/\/acronoticias.com\/index.php\/2026\/03\/11\/miguel-ferrera-lamenta-crimen-de-ciudadano-aleman-en-la-romana-y-pide-mayor-atencion-a-la-juventud-el-nuevo-diario-republica-dominicana\/","title":{"rendered":"Miguel Ferrera lamenta crimen de ciudadano alem\u00e1n en La Romana y pide mayor atenci\u00f3n a la juventud \u2013 El Nuevo Diario (Rep\u00fablica Dominicana)"},"content":{"rendered":"<div>\n<div id=\"gemini-summary-wrapper\" class=\"mb-3\">\n                <button id=\"btn-get-summary\" class=\"gemini-btn\" data-post-id=\"3044760\" data-post-title=\"Miguel Ferrera lamenta crimen de ciudadano alem\u00e1n en La Romana y pide mayor atenci\u00f3n a la juventud\"><br \/>\n                    Leer resumen <b class=\"d-none d-md-inline\">de la noticia<\/b> (IA) <span>CLICK AQU\u00cd<\/span><br \/>\n                <\/button><\/p>\n<div id=\"gemini-loading\" class=\"mb-3\">\n<p>                    <span>Analizando noticia&#8230; por favor espera.<\/span>\n                <\/div>\n<\/p><\/div>\n<p><strong>EL NUEVO DIARIO,SANTIAGO.-<\/strong>El dirigente pol\u00edtico <strong>Miguel Ferrera,<\/strong> expres\u00f3 su preocupaci\u00f3n por el asesinato de un ciudadano alem\u00e1n ocurrido recientemente en <strong>La Romana<\/strong>, hecho en el que est\u00e1n involucrados varios menores de edad.<\/p>\n<p>La v\u00edctima fue identificada como <strong>Wolfgang Enderling Wdol<\/strong>, de <strong>70 a\u00f1os<\/strong>, quien perdi\u00f3 la vida luego de ser atacado dentro de su vivienda por varios individuos que presuntamente ingresaron con la intenci\u00f3n de robarle.<\/p>\n<p>De acuerdo con los reportes preliminares, dos menores de <strong>16 y 17 a\u00f1os<\/strong> fueron apresados por su presunta participaci\u00f3n en el crimen, mientras que las autoridades contin\u00faan la b\u00fasqueda de <strong>otros dos c\u00f3mplices<\/strong> que permanecen pr\u00f3fugos. El hecho ocurri\u00f3 en el sector <strong>Pica Piedra<\/strong>, donde el extranjero resid\u00eda.<\/p>\n<p>Seg\u00fan las investigaciones, los agresores habr\u00edan entrado a la vivienda para despojar al ciudadano alem\u00e1n de <strong>dos tel\u00e9fonos celulares<\/strong>. Durante el asalto, la v\u00edctima se resisti\u00f3 y fue <strong>apu\u00f1alada con armas blancas<\/strong>, heridas que finalmente le provocaron la muerte.<\/p>\n<p>Ferrera calific\u00f3 el hecho como <strong>\u201clamentable y preocupante\u201d<\/strong>, no solo por la gravedad del crimen, sino por la participaci\u00f3n de adolescentes en un acto de esta magnitud.<\/p>\n<p>\u201cEl problema no es solo el crimen en s\u00ed, que es de una gravedad capital, sino que dos menores de 16 y 17 a\u00f1os hayan sido convocados para cometer un hecho de esta naturaleza\u201d, expres\u00f3 el dirigente.<\/p>\n<p>Asimismo, se\u00f1al\u00f3 que este tipo de situaciones refleja una problem\u00e1tica social m\u00e1s profunda relacionada con el <strong>distanciamiento entre padres e hijos<\/strong>, as\u00ed como la influencia negativa que, seg\u00fan indic\u00f3, pueden tener algunos contenidos difundidos en redes sociales sobre los j\u00f3venes.<\/p>\n<p>Ferrera tambi\u00e9n lament\u00f3 el impacto del hecho tanto para la familia de la v\u00edctima como para los propios adolescentes involucrados.<\/p>\n<p>\u201cEs una pena tanto para el extranjero que perdi\u00f3 la vida como para las familias de estos j\u00f3venes, que por su edad ni siquiera podemos mencionar sus nombres\u201d, manifest\u00f3.<\/p>\n<p>El dirigente valor\u00f3 el trabajo de investigaci\u00f3n realizado por la <strong>Polic\u00eda Nacional<\/strong>, que permiti\u00f3 la captura de los menores implicados, y exhort\u00f3 a que los dem\u00e1s responsables sean apresados y sometidos a la justicia.<\/p>\n<p>Finalmente, hizo un llamado a las familias dominicanas a prestar mayor atenci\u00f3n al desarrollo y orientaci\u00f3n de los j\u00f3venes, al considerar que la prevenci\u00f3n dentro del hogar es fundamental para evitar que menores terminen involucrados en hechos delictivos.<\/p>\n<p>\u00a0<\/p>\n<p>\u00a0<\/p>\n<p><h3 class=\"jp-relatedposts-headline\"><em>Relacionado<\/em><\/h3>\n<\/p>\n<p>\t\t\t\t\t\t<!-- .entry-footer --><br \/>\n\t\t\t\t\t\t<!-- \n\n<div data-type=\"_mgwidget\" data-widget-id=\"1743501\"><\/div>\n\n  -->\n\t\t\t\t\t<\/div>\n","protected":false},"excerpt":{"rendered":"<p>Leer resumen de la noticia (IA) CLICK AQU\u00cd Analizando noticia&#8230; por favor espera. EL NUEVO DIARIO,SANTIAGO.-El dirigente pol\u00edtico Miguel Ferrera, expres\u00f3 su preocupaci\u00f3n por el asesinato de un ciudadano alem\u00e1n ocurrido recientemente en La Romana, hecho en el que est\u00e1n involucrados varios menores de edad. La v\u00edctima fue identificada como Wolfgang Enderling Wdol, de 70<\/p>\n","protected":false},"author":1,"featured_media":26886,"comment_status":"open","ping_status":"open","sticky":false,"template":"","format":"standard","meta":{"footnotes":""},"categories":[1],"tags":[],"class_list":["post-26885","post","type-post","status-publish","format-standard","has-post-thumbnail","hentry","category-nacionales"],"_links":{"self":[{"href":"https:\/\/acronoticias.com\/index.php\/wp-json\/wp\/v2\/posts\/26885","targetHints":{"allow":["GET"]}}],"collection":[{"href":"https:\/\/acronoticias.com\/index.php\/wp-json\/wp\/v2\/posts"}],"about":[{"href":"https:\/\/acronoticias.com\/index.php\/wp-json\/wp\/v2\/types\/post"}],"author":[{"embeddable":true,"href":"https:\/\/acronoticias.com\/index.php\/wp-json\/wp\/v2\/users\/1"}],"replies":[{"embeddable":true,"href":"https:\/\/acronoticias.com\/index.php\/wp-json\/wp\/v2\/comments?post=26885"}],"version-history":[{"count":0,"href":"https:\/\/acronoticias.com\/index.php\/wp-json\/wp\/v2\/posts\/26885\/revisions"}],"wp:featuredmedia":[{"embeddable":true,"href":"https:\/\/acronoticias.com\/index.php\/wp-json\/wp\/v2\/media\/26886"}],"wp:attachment":[{"href":"https:\/\/acronoticias.com\/index.php\/wp-json\/wp\/v2\/media?parent=26885"}],"wp:term":[{"taxonomy":"category","embeddable":true,"href":"https:\/\/acronoticias.com\/index.php\/wp-json\/wp\/v2\/categories?post=26885"},{"taxonomy":"post_tag","embeddable":true,"href":"https:\/\/acronoticias.com\/index.php\/wp-json\/wp\/v2\/tags?post=26885"}],"curies":[{"name":"wp","href":"https:\/\/api.w.org\/{rel}","templated":true}]}}