{"id":26881,"date":"2026-03-11T12:44:29","date_gmt":"2026-03-11T12:44:29","guid":{"rendered":"https:\/\/acronoticias.com\/index.php\/2026\/03\/11\/jose-a-kast-jura-hoy-presidente-de-chile\/"},"modified":"2026-03-11T12:44:29","modified_gmt":"2026-03-11T12:44:29","slug":"jose-a-kast-jura-hoy-presidente-de-chile","status":"publish","type":"post","link":"https:\/\/acronoticias.com\/index.php\/2026\/03\/11\/jose-a-kast-jura-hoy-presidente-de-chile\/","title":{"rendered":"Jos\u00e9 A. Kast jura hoy presidente de Chile"},"content":{"rendered":"<div>\n<div class=\"c-detail__author full\">\n<div>\n<div class=\"c-detail__author__thumb\">\n<figure>\n                                <picture src=\"https:\/\/imagenes.hoy.com.do\/files\/image_square_xs\/uploads\/2025\/11\/18\/691c7d2b0f1b1.png\" data-size=\"w:40,h:40\">\n                                    <img decoding=\"async\" loading=\"lazy\" alt=\"Agencia AP\" width=\"40\" height=\"40\" src=\"https:\/\/imagenes.hoy.com.do\/files\/image_square_xs\/uploads\/2025\/11\/18\/691c7d2b0f1b1.png\"\/>\n                                <\/picture>\n                                <\/figure>\n<\/div>\n<\/div>\n<\/div>\n<p>                                                                                            <!-- --><\/p>\n<p class=\"paragraph\">SANTIAGO.- AP<\/p>\n<p class=\"paragraph\">El ultraconservador Jos\u00e9 Antonio Kast asumir\u00e1 el mi\u00e9rcoles el poder en Chile marcando el giro m\u00e1s pronunciado a la derecha de la naci\u00f3n desde el regreso de la democracia, con la promesa de contener la delincuencia y la ola migrantes que arribaron al pa\u00eds en los \u00faltimos a\u00f1os.<\/p>\n<p class=\"paragraph\">Kast, un abogado de 60 a\u00f1os y l\u00edder del Partido Republicano, fue elegido presidente al superar de forma rotunda a la candidata oficialista, la comunista Jeannette Jara, gracias a su discurso de mano dura.<\/p>\n<div class=\"c-detail__box \">\n<article class=\"c-detail__sumario \">\n<figure class=\"c-detail__sumario__thumb\" style=\"display: block;\">\n            <a href=\"#\" title=\"\">\n                <picture data-size=\"w:140,h:140\" loading=\"lazy\" src=\"https:\/\/imagenes.hoy.com.do\/files\/related_image\/files\/fp\/uploads\/2026\/03\/10\/69b0a9715249e.r_d.1216-747.jpeg\" data-full-src=\"https:\/\/imagenes.hoy.com.do\/uploads\/2026\/03\/10\/69b0a9715249e.jpeg\">\n                    <img loading=\"lazy\" decoding=\"async\" width=\"140\" height=\"140\" alt=\"Posteriormente, el jefe de Estado dominicano asistir\u00e1 a una recepci\u00f3n ofrecida por el presidente Gabriel Boric para las delegaciones internacionales invitadas.\" src=\"https:\/\/imagenes.hoy.com.do\/uploads\/2026\/03\/10\/69b0a9715249e.jpeg\"\/>\n                <\/picture>\n            <\/a><br \/>\n        <\/figure>\n<\/article>\n<\/div>\n<p class=\"paragraph\">Llega al poder, adem\u00e1s, en medio de una encrucijada geopol\u00edtica, marcada por el pulso firme entre Estados Unidos, que busca recuperar su influencia en Am\u00e9rica Latina, y China, principal socio comercial no s\u00f3lo de Chile sino de gran parte de los pa\u00edses de la regi\u00f3n. A lo largo de la campa\u00f1a Kast evit\u00f3 pronunciarse sobre temas pol\u00e9micos, tanto dentro como fuera de la esfera nacional.<\/p>\n<\/div>\n","protected":false},"excerpt":{"rendered":"<p>SANTIAGO.- AP El ultraconservador Jos\u00e9 Antonio Kast asumir\u00e1 el mi\u00e9rcoles el poder en Chile marcando el giro m\u00e1s pronunciado a la derecha de la naci\u00f3n desde el regreso de la democracia, con la promesa de contener la delincuencia y la ola migrantes que arribaron al pa\u00eds en los \u00faltimos a\u00f1os. Kast, un abogado de 60<\/p>\n","protected":false},"author":1,"featured_media":26882,"comment_status":"open","ping_status":"open","sticky":false,"template":"","format":"standard","meta":{"footnotes":""},"categories":[3],"tags":[],"class_list":["post-26881","post","type-post","status-publish","format-standard","has-post-thumbnail","hentry","category-internacionales"],"_links":{"self":[{"href":"https:\/\/acronoticias.com\/index.php\/wp-json\/wp\/v2\/posts\/26881","targetHints":{"allow":["GET"]}}],"collection":[{"href":"https:\/\/acronoticias.com\/index.php\/wp-json\/wp\/v2\/posts"}],"about":[{"href":"https:\/\/acronoticias.com\/index.php\/wp-json\/wp\/v2\/types\/post"}],"author":[{"embeddable":true,"href":"https:\/\/acronoticias.com\/index.php\/wp-json\/wp\/v2\/users\/1"}],"replies":[{"embeddable":true,"href":"https:\/\/acronoticias.com\/index.php\/wp-json\/wp\/v2\/comments?post=26881"}],"version-history":[{"count":0,"href":"https:\/\/acronoticias.com\/index.php\/wp-json\/wp\/v2\/posts\/26881\/revisions"}],"wp:featuredmedia":[{"embeddable":true,"href":"https:\/\/acronoticias.com\/index.php\/wp-json\/wp\/v2\/media\/26882"}],"wp:attachment":[{"href":"https:\/\/acronoticias.com\/index.php\/wp-json\/wp\/v2\/media?parent=26881"}],"wp:term":[{"taxonomy":"category","embeddable":true,"href":"https:\/\/acronoticias.com\/index.php\/wp-json\/wp\/v2\/categories?post=26881"},{"taxonomy":"post_tag","embeddable":true,"href":"https:\/\/acronoticias.com\/index.php\/wp-json\/wp\/v2\/tags?post=26881"}],"curies":[{"name":"wp","href":"https:\/\/api.w.org\/{rel}","templated":true}]}}