{"id":26879,"date":"2026-03-11T12:41:11","date_gmt":"2026-03-11T12:41:11","guid":{"rendered":"https:\/\/acronoticias.com\/index.php\/2026\/03\/11\/vicepresidenta-encabeza-graduacion-de-116-empresarias-del-programa-mujeres-avanza\/"},"modified":"2026-03-11T12:41:11","modified_gmt":"2026-03-11T12:41:11","slug":"vicepresidenta-encabeza-graduacion-de-116-empresarias-del-programa-mujeres-avanza","status":"publish","type":"post","link":"https:\/\/acronoticias.com\/index.php\/2026\/03\/11\/vicepresidenta-encabeza-graduacion-de-116-empresarias-del-programa-mujeres-avanza\/","title":{"rendered":"Vicepresidenta encabeza graduaci\u00f3n de 116 empresarias del programa MujerEs Avanza"},"content":{"rendered":"<div data-td-block-uid=\"tdi_101\">\n<div class=\"tdb-block-inner td-fix-index\">\n<p><strong>SANTO DOMINGO.<\/strong> Un grupo de 116 mujeres empresarias recibi\u00f3 este martes su certificaci\u00f3n tras completar el programa de formaci\u00f3n MujerEs Avanza, una iniciativa p\u00fablico-privada dise\u00f1ada para fortalecer el liderazgo femenino y la competitividad de las micro, peque\u00f1as y medianas empresas en la Rep\u00fablica Dominicana.<\/p>\n<p>El acto fue encabezado por la vicepresidenta de la Rep\u00fablica, Raquel Pe\u00f1a, quien destac\u00f3 que la alianza entre la C\u00e1mara de Comercio y Producci\u00f3n de Santo Domingo, el Ministerio de Industria, Comercio y Mipymes (MICM) y la PUCMM es un modelo de colaboraci\u00f3n para generar oportunidades transformadoras en el desarrollo empresarial.<\/p>\n<figure class=\"wp-block-image size-large\"><img data-recalc-dims=\"1\" fetchpriority=\"high\" decoding=\"async\" width=\"696\" height=\"464\" data-attachment-id=\"490145\" data-permalink=\"https:\/\/rnn.com.do\/vicepresidenta-encabeza-graduacion-de-116-empresarias-del-programa-mujeres-avanza\/whatsapp-image-2026-03-10-at-5-46-05-pm\/\" data-orig-file=\"https:\/\/i0.wp.com\/rnn.com.do\/wp-content\/uploads\/2026\/03\/WhatsApp-Image-2026-03-10-at-5.46.05-PM.jpeg?fit=1600%2C1066&amp;ssl=1\" data-orig-size=\"1600,1066\" data-comments-opened=\"1\" data-image-meta=\"{&quot;aperture&quot;:&quot;0&quot;,&quot;credit&quot;:&quot;&quot;,&quot;camera&quot;:&quot;&quot;,&quot;caption&quot;:&quot;&quot;,&quot;created_timestamp&quot;:&quot;0&quot;,&quot;copyright&quot;:&quot;&quot;,&quot;focal_length&quot;:&quot;0&quot;,&quot;iso&quot;:&quot;0&quot;,&quot;shutter_speed&quot;:&quot;0&quot;,&quot;title&quot;:&quot;&quot;,&quot;orientation&quot;:&quot;0&quot;}\" data-image-title=\"WhatsApp Image 2026-03-10 at 5.46.05 PM\" data-image-description=\"\" data-image-caption=\"\" data-medium-file=\"https:\/\/i0.wp.com\/rnn.com.do\/wp-content\/uploads\/2026\/03\/WhatsApp-Image-2026-03-10-at-5.46.05-PM.jpeg?fit=300%2C200&amp;ssl=1\" data-large-file=\"https:\/\/i0.wp.com\/rnn.com.do\/wp-content\/uploads\/2026\/03\/WhatsApp-Image-2026-03-10-at-5.46.05-PM.jpeg?fit=696%2C464&amp;ssl=1\" src=\"https:\/\/i0.wp.com\/rnn.com.do\/wp-content\/uploads\/2026\/03\/WhatsApp-Image-2026-03-10-at-5.46.05-PM.jpeg?resize=696%2C464&amp;ssl=1\" alt=\"\" class=\"wp-image-490145\" srcset=\"https:\/\/i0.wp.com\/rnn.com.do\/wp-content\/uploads\/2026\/03\/WhatsApp-Image-2026-03-10-at-5.46.05-PM.jpeg?resize=1024%2C682&amp;ssl=1 1024w, https:\/\/i0.wp.com\/rnn.com.do\/wp-content\/uploads\/2026\/03\/WhatsApp-Image-2026-03-10-at-5.46.05-PM.jpeg?resize=300%2C200&amp;ssl=1 300w, https:\/\/i0.wp.com\/rnn.com.do\/wp-content\/uploads\/2026\/03\/WhatsApp-Image-2026-03-10-at-5.46.05-PM.jpeg?resize=768%2C512&amp;ssl=1 768w, https:\/\/i0.wp.com\/rnn.com.do\/wp-content\/uploads\/2026\/03\/WhatsApp-Image-2026-03-10-at-5.46.05-PM.jpeg?resize=1536%2C1023&amp;ssl=1 1536w, https:\/\/i0.wp.com\/rnn.com.do\/wp-content\/uploads\/2026\/03\/WhatsApp-Image-2026-03-10-at-5.46.05-PM.jpeg?resize=630%2C420&amp;ssl=1 630w, https:\/\/i0.wp.com\/rnn.com.do\/wp-content\/uploads\/2026\/03\/WhatsApp-Image-2026-03-10-at-5.46.05-PM.jpeg?resize=150%2C100&amp;ssl=1 150w, https:\/\/i0.wp.com\/rnn.com.do\/wp-content\/uploads\/2026\/03\/WhatsApp-Image-2026-03-10-at-5.46.05-PM.jpeg?resize=696%2C464&amp;ssl=1 696w, https:\/\/i0.wp.com\/rnn.com.do\/wp-content\/uploads\/2026\/03\/WhatsApp-Image-2026-03-10-at-5.46.05-PM.jpeg?resize=1068%2C712&amp;ssl=1 1068w, https:\/\/i0.wp.com\/rnn.com.do\/wp-content\/uploads\/2026\/03\/WhatsApp-Image-2026-03-10-at-5.46.05-PM.jpeg?w=1600&amp;ssl=1 1600w, https:\/\/i0.wp.com\/rnn.com.do\/wp-content\/uploads\/2026\/03\/WhatsApp-Image-2026-03-10-at-5.46.05-PM.jpeg?w=1392&amp;ssl=1 1392w\" sizes=\"(max-width: 696px) 100vw, 696px\"\/><\/figure>\n<p>Lucile Houellemont, presidenta de la C\u00e1mara Santo Domingo, explic\u00f3 que el programa abord\u00f3 desaf\u00edos cr\u00edticos como el acceso a financiamiento, la digitalizaci\u00f3n y la inteligencia artificial aplicada a los negocios. La capacitaci\u00f3n incluy\u00f3 30 horas de formaci\u00f3n sincr\u00f3nica y m\u00e1s de 1,200 horas de asesor\u00eda personalizada, contando con el apoyo de facilitadoras nacionales e internacionales.<\/p>\n<p>Por su parte, la viceministra de Desarrollo Industrial del MICM, Gianna Franjul, subray\u00f3 que la participaci\u00f3n econ\u00f3mica plena de la mujer es una prioridad estrat\u00e9gica para el Estado, mientras que Virginia Flores Sasso, vicerrectora de Investigaci\u00f3n e Innovaci\u00f3n de la PUCMM, resalt\u00f3 el impacto positivo de estas alianzas en la estructura familiar dominicana.<\/p>\n<p>Durante el evento, Houellemont inform\u00f3 que la C\u00e1mara de Comercio de Santo Domingo es el \u00fanico gremio del pa\u00eds con el sello Igualando RD en nivel Oro. Destac\u00f3 que, en 2025, el 73 % de los ascensos en la instituci\u00f3n correspondieron a mujeres, quienes adem\u00e1s ocupan el 50 % de las posiciones gerenciales.<\/p>\n<\/div>\n<\/div>\n","protected":false},"excerpt":{"rendered":"<p>SANTO DOMINGO. Un grupo de 116 mujeres empresarias recibi\u00f3 este martes su certificaci\u00f3n tras completar el programa de formaci\u00f3n MujerEs Avanza, una iniciativa p\u00fablico-privada dise\u00f1ada para fortalecer el liderazgo femenino y la competitividad de las micro, peque\u00f1as y medianas empresas en la Rep\u00fablica Dominicana. El acto fue encabezado por la vicepresidenta de la Rep\u00fablica, Raquel<\/p>\n","protected":false},"author":1,"featured_media":26880,"comment_status":"open","ping_status":"open","sticky":false,"template":"","format":"standard","meta":{"footnotes":""},"categories":[1],"tags":[],"class_list":["post-26879","post","type-post","status-publish","format-standard","has-post-thumbnail","hentry","category-nacionales"],"_links":{"self":[{"href":"https:\/\/acronoticias.com\/index.php\/wp-json\/wp\/v2\/posts\/26879","targetHints":{"allow":["GET"]}}],"collection":[{"href":"https:\/\/acronoticias.com\/index.php\/wp-json\/wp\/v2\/posts"}],"about":[{"href":"https:\/\/acronoticias.com\/index.php\/wp-json\/wp\/v2\/types\/post"}],"author":[{"embeddable":true,"href":"https:\/\/acronoticias.com\/index.php\/wp-json\/wp\/v2\/users\/1"}],"replies":[{"embeddable":true,"href":"https:\/\/acronoticias.com\/index.php\/wp-json\/wp\/v2\/comments?post=26879"}],"version-history":[{"count":0,"href":"https:\/\/acronoticias.com\/index.php\/wp-json\/wp\/v2\/posts\/26879\/revisions"}],"wp:featuredmedia":[{"embeddable":true,"href":"https:\/\/acronoticias.com\/index.php\/wp-json\/wp\/v2\/media\/26880"}],"wp:attachment":[{"href":"https:\/\/acronoticias.com\/index.php\/wp-json\/wp\/v2\/media?parent=26879"}],"wp:term":[{"taxonomy":"category","embeddable":true,"href":"https:\/\/acronoticias.com\/index.php\/wp-json\/wp\/v2\/categories?post=26879"},{"taxonomy":"post_tag","embeddable":true,"href":"https:\/\/acronoticias.com\/index.php\/wp-json\/wp\/v2\/tags?post=26879"}],"curies":[{"name":"wp","href":"https:\/\/api.w.org\/{rel}","templated":true}]}}