{"id":26877,"date":"2026-03-11T12:36:45","date_gmt":"2026-03-11T12:36:45","guid":{"rendered":"https:\/\/acronoticias.com\/index.php\/2026\/03\/11\/jose-berrios-estara-con-puerto-rico-en-la-segunda-ronda-del-clasico-el-nuevo-diario-republica-dominicana\/"},"modified":"2026-03-11T12:36:45","modified_gmt":"2026-03-11T12:36:45","slug":"jose-berrios-estara-con-puerto-rico-en-la-segunda-ronda-del-clasico-el-nuevo-diario-republica-dominicana","status":"publish","type":"post","link":"https:\/\/acronoticias.com\/index.php\/2026\/03\/11\/jose-berrios-estara-con-puerto-rico-en-la-segunda-ronda-del-clasico-el-nuevo-diario-republica-dominicana\/","title":{"rendered":"Jos\u00e9 Berr\u00edos estar\u00e1 con Puerto Rico en la segunda ronda del Cl\u00e1sico \u2013 El Nuevo Diario (Rep\u00fablica Dominicana)"},"content":{"rendered":"<p><i class=\"bi bi-camera-fill\" style=\"font-size:18px; color:var(--rojo)\"\/> Jos\u00e9 Berr\u00edos. MLB.com<\/p>\n<div>\n<div id=\"gemini-summary-wrapper\" class=\"mb-3\">\n                <button id=\"btn-get-summary\" class=\"gemini-btn\" data-post-id=\"3044597\" data-post-title=\"Jos\u00e9 Berr\u00edos estar\u00e1 con Puerto Rico en la segunda ronda del Cl\u00e1sico\"><br \/>\n                    Leer resumen <b class=\"d-none d-md-inline\">de la noticia<\/b> (IA) <span>CLICK AQU\u00cd<\/span><br \/>\n                <\/button><\/p>\n<div id=\"gemini-loading\" class=\"mb-3\">\n<p>                    <span>Analizando noticia&#8230; por favor espera.<\/span>\n                <\/div>\n<\/p><\/div>\n<p>EL NUEVO DIARIO, SAN JUAN, Puerto Rico \u2014 El \u00abTeam Rubio\u00bb tendr\u00e1 un refuerzo para cuando arriban a Houston luego de anunciarse el martes que Jos\u00e9 Berr\u00edos\u00a0recibi\u00f3 el visto bueno para participar en los cuartos de final del Cl\u00e1sico Mundial de B\u00e9isbol.<\/p>\n<p>\u00abEstoy contento de que contamos con Berr\u00edos. Eso es \u2018wow\u2019. Aunque nos hubiese encantado tenerlo en esta primera serie, el saber que tenemos un brazo fuerte en la segunda serie y un caballo porque es uno de nuestros caballos junto con otro caballo como Seth Lugo\u00bb, indic\u00f3 el gerente general Carlos Beltr\u00e1n.<\/p>\n<p>Berr\u00edos, abridor de los Azulejos de Toronto y apodado \u00abLa Makina\u00bb, fue uno de los peloteros que no recibi\u00f3 el visto bueno por cuestiones de la p\u00f3liza de seguro, pero qued\u00f3 latente la posibilidad de que pudiera integrarse en la segunda ronda si se comparaba que estaba saludable durante su actividad en los entrenamientos de primavera.<\/p>\n<p>\u00abAhora tenemos que determinar cu\u00e1l va a ser el plan de trabajo y ataque, de como luce el \u2018match-up\u2019 con el equipo que nos vayamos a enfrentar\u00bb, agreg\u00f3 Beltr\u00e1n. \u00abPero Berrios est\u00e1 super emocionado. Me llam\u00f3 y me dijo \u2018yo estoy aqu\u00ed para lo que ustedes me necesiten y la manera que me necesiten. Yo lo que quiero es ponerme la camisa de Puerto Rico\u2019. As\u00ed en eso estamos\u00bb.<\/p>\n<p>Berr\u00edos tuvo marca de 9-5 con unn efectividad de 4.17 en 166 entradas trabajadas en el 2025, pero termin\u00f3 la campa\u00f1a en la lista de lesionados debido a una inflamaci\u00f3n en el codo que provoc\u00f3 el rechazo de la p\u00f3liza de seguro.<\/p>\n<p>Pero el propio lanzador dijo a principios de esta primavera que era posible que lo aprobaran para la segunda ronda al demostrar que estaba sano y lanzando sin problemas durante el campamento.<\/p>\n<p>En esta primavera tiene r\u00e9cord de 1-0 con una efectividad de 3.38 en tres salidas. Ha permitido ocho hits y cuatro carreras y cuatro bases por bolas con siete ponches en 10.2 entradas.<\/p>\n<p>El manager Yadier Molina se mostr\u00f3 contento con la noticia de la integraci\u00f3n de Berr\u00edos y mencion\u00f3 la posibilidad de que el derecho de los Azulejos lance en el partido de cuartos de final.<\/p>\n<p>\u00abTenemos planes de que Seth Lugo comience ese d\u00eda, pero es una buena noticia para nosotros\u00bb, dijo Molina. \u00ab\u2018Cheito\u2019 (Jos\u00e9 Rosado, coach de lanzadores) ya estuvo en contacto con Jos\u00e9 y vamos a ver el plan. Creo que lo vamos a ver lanzando ese mismo d\u00eda. Esa es la meta, pero no hay nada oficial todav\u00eda\u00bb.<\/p>\n<p>\u00abObviamente tener a Seth Lugo y un Jos\u00e9 Orlando en el mismo juego es algo bueno y con el bullpen ready tenemos un buen chance\u00bb, a\u00f1adi\u00f3.<\/p>\n<p>Berr\u00edos ha visto acci\u00f3n en las pasadas tres ediciones del Cl\u00e1sico Mundial (2013, 2017, 2023) y tiene marca de 1-2 con una efectividad de 13.97 en cinco salidas, dos de ellas como abridor.<\/p>\n<p><h3 class=\"jp-relatedposts-headline\"><em>Relacionado<\/em><\/h3>\n<\/p>\n<p>\t\t\t\t\t\t<!-- .entry-footer --><br \/>\n\t\t\t\t\t\t<!-- \n\n<div data-type=\"_mgwidget\" data-widget-id=\"1743501\"><\/div>\n\n  -->\n\t\t\t\t\t<\/div>\n","protected":false},"excerpt":{"rendered":"<p>Jos\u00e9 Berr\u00edos. MLB.com Leer resumen de la noticia (IA) CLICK AQU\u00cd Analizando noticia&#8230; por favor espera. EL NUEVO DIARIO, SAN JUAN, Puerto Rico \u2014 El \u00abTeam Rubio\u00bb tendr\u00e1 un refuerzo para cuando arriban a Houston luego de anunciarse el martes que Jos\u00e9 Berr\u00edos\u00a0recibi\u00f3 el visto bueno para participar en los cuartos de final del Cl\u00e1sico<\/p>\n","protected":false},"author":1,"featured_media":26878,"comment_status":"open","ping_status":"open","sticky":false,"template":"","format":"standard","meta":{"footnotes":""},"categories":[2],"tags":[],"class_list":["post-26877","post","type-post","status-publish","format-standard","has-post-thumbnail","hentry","category-deporte"],"_links":{"self":[{"href":"https:\/\/acronoticias.com\/index.php\/wp-json\/wp\/v2\/posts\/26877","targetHints":{"allow":["GET"]}}],"collection":[{"href":"https:\/\/acronoticias.com\/index.php\/wp-json\/wp\/v2\/posts"}],"about":[{"href":"https:\/\/acronoticias.com\/index.php\/wp-json\/wp\/v2\/types\/post"}],"author":[{"embeddable":true,"href":"https:\/\/acronoticias.com\/index.php\/wp-json\/wp\/v2\/users\/1"}],"replies":[{"embeddable":true,"href":"https:\/\/acronoticias.com\/index.php\/wp-json\/wp\/v2\/comments?post=26877"}],"version-history":[{"count":0,"href":"https:\/\/acronoticias.com\/index.php\/wp-json\/wp\/v2\/posts\/26877\/revisions"}],"wp:featuredmedia":[{"embeddable":true,"href":"https:\/\/acronoticias.com\/index.php\/wp-json\/wp\/v2\/media\/26878"}],"wp:attachment":[{"href":"https:\/\/acronoticias.com\/index.php\/wp-json\/wp\/v2\/media?parent=26877"}],"wp:term":[{"taxonomy":"category","embeddable":true,"href":"https:\/\/acronoticias.com\/index.php\/wp-json\/wp\/v2\/categories?post=26877"},{"taxonomy":"post_tag","embeddable":true,"href":"https:\/\/acronoticias.com\/index.php\/wp-json\/wp\/v2\/tags?post=26877"}],"curies":[{"name":"wp","href":"https:\/\/api.w.org\/{rel}","templated":true}]}}