{"id":26875,"date":"2026-03-11T12:25:32","date_gmt":"2026-03-11T12:25:32","guid":{"rendered":"https:\/\/acronoticias.com\/index.php\/2026\/03\/11\/pasajeros-destacan-seguridad-y-comodidad-nuevo-corredor-se-quejan-distancia-paradas\/"},"modified":"2026-03-11T12:25:32","modified_gmt":"2026-03-11T12:25:32","slug":"pasajeros-destacan-seguridad-y-comodidad-nuevo-corredor-se-quejan-distancia-paradas","status":"publish","type":"post","link":"https:\/\/acronoticias.com\/index.php\/2026\/03\/11\/pasajeros-destacan-seguridad-y-comodidad-nuevo-corredor-se-quejan-distancia-paradas\/","title":{"rendered":"Pasajeros destacan seguridad y comodidad nuevo corredor; se quejan distancia paradas"},"content":{"rendered":"<div data-td-block-uid=\"tdi_101\">\n<div class=\"tdb-block-inner td-fix-index\">\n<p>El <strong>Corredor Independencia<\/strong> inici\u00f3 este martes su etapa de <strong>operaci\u00f3n formal <\/strong>con el cobro de la tarifa a los pasajeros, luego de concluir la fase de prueba o \u201c<strong>marcha en blanco<\/strong>\u201d que se extendi\u00f3 por varias semanas. Y aunque usuarios destacan la <strong>seguridad y comodidad<\/strong> del nuevo sistema de transporte, persisten las quejas por la <strong>distancia entre las paradas<\/strong>.<\/p>\n<p>Durante el per\u00edodo de evaluaci\u00f3n, el sistema moviliz\u00f3 a m\u00e1s de <strong>840 mil pasajeros<\/strong>, seg\u00fan inform\u00f3 el <strong>Gabinete de Transporte<\/strong>, que destac\u00f3 el proyecto como parte del proceso de <strong>modernizaci\u00f3n del transporte p\u00fablico<\/strong> en el pa\u00eds.<\/p>\n<div class=\"wp-block-media-text is-stacked-on-mobile\" style=\"grid-template-columns:37% auto\">\n<figure class=\"wp-block-media-text__media\"><img data-recalc-dims=\"1\" fetchpriority=\"high\" decoding=\"async\" width=\"696\" height=\"717\" data-attachment-id=\"490099\" data-permalink=\"https:\/\/rnn.com.do\/pasajeros-destacan-seguridad-y-comodidad-nuevo-corredor-se-quejan-distancia-paradas\/hector-baez-corredor-independencia\/\" data-orig-file=\"https:\/\/i0.wp.com\/rnn.com.do\/wp-content\/uploads\/2026\/03\/Hector-Baez-corredor-independencia.jpg?fit=780%2C804&amp;ssl=1\" data-orig-size=\"780,804\" data-comments-opened=\"1\" data-image-meta=\"{&quot;aperture&quot;:&quot;0&quot;,&quot;credit&quot;:&quot;Fernanda&quot;,&quot;camera&quot;:&quot;&quot;,&quot;caption&quot;:&quot;&quot;,&quot;created_timestamp&quot;:&quot;1773152869&quot;,&quot;copyright&quot;:&quot;&quot;,&quot;focal_length&quot;:&quot;0&quot;,&quot;iso&quot;:&quot;0&quot;,&quot;shutter_speed&quot;:&quot;0&quot;,&quot;title&quot;:&quot;&quot;,&quot;orientation&quot;:&quot;0&quot;}\" data-image-title=\"H\u00e9ctor B\u00e1ez, corredor independencia\" data-image-description=\"\" data-image-caption=\"\" data-medium-file=\"https:\/\/i0.wp.com\/rnn.com.do\/wp-content\/uploads\/2026\/03\/Hector-Baez-corredor-independencia.jpg?fit=291%2C300&amp;ssl=1\" data-large-file=\"https:\/\/i0.wp.com\/rnn.com.do\/wp-content\/uploads\/2026\/03\/Hector-Baez-corredor-independencia.jpg?fit=696%2C717&amp;ssl=1\" src=\"https:\/\/i0.wp.com\/rnn.com.do\/wp-content\/uploads\/2026\/03\/Hector-Baez-corredor-independencia.jpg?resize=696%2C717&amp;ssl=1\" alt=\"\" class=\"wp-image-490099 size-full\" srcset=\"https:\/\/i0.wp.com\/rnn.com.do\/wp-content\/uploads\/2026\/03\/Hector-Baez-corredor-independencia.jpg?w=780&amp;ssl=1 780w, https:\/\/i0.wp.com\/rnn.com.do\/wp-content\/uploads\/2026\/03\/Hector-Baez-corredor-independencia.jpg?resize=291%2C300&amp;ssl=1 291w, https:\/\/i0.wp.com\/rnn.com.do\/wp-content\/uploads\/2026\/03\/Hector-Baez-corredor-independencia.jpg?resize=768%2C792&amp;ssl=1 768w, https:\/\/i0.wp.com\/rnn.com.do\/wp-content\/uploads\/2026\/03\/Hector-Baez-corredor-independencia.jpg?resize=407%2C420&amp;ssl=1 407w, https:\/\/i0.wp.com\/rnn.com.do\/wp-content\/uploads\/2026\/03\/Hector-Baez-corredor-independencia.jpg?resize=150%2C155&amp;ssl=1 150w, https:\/\/i0.wp.com\/rnn.com.do\/wp-content\/uploads\/2026\/03\/Hector-Baez-corredor-independencia.jpg?resize=300%2C309&amp;ssl=1 300w, https:\/\/i0.wp.com\/rnn.com.do\/wp-content\/uploads\/2026\/03\/Hector-Baez-corredor-independencia.jpg?resize=696%2C717&amp;ssl=1 696w\" sizes=\"(max-width: 696px) 100vw, 696px\"\/><\/figure>\n<div class=\"wp-block-media-text__content\">\n<p>\u00ab<em>Y entonces obligatoriamente usted tiene que tener su <strong>tarjeta del Metro<\/strong> o de la de ellos, recarga y no hay problema, el <strong>servicio est\u00e1 muy bien<\/strong>. \u00bfC\u00f3mo ha sido el beneficio? Es bueno porque <strong>para la larga distancia<\/strong>, para la corta distancia, bueno, ahora han cambiado las paradas, hay unas paradas que est\u00e1n un poquito m\u00e1s cerca porque hay alguna que queda muy retirada<\/em>\u00ab, asegur\u00f3<strong> H\u00e9ctor Baez, <\/strong>usuario del sistema de transporte.<\/p>\n<\/div>\n<\/div>\n<p>Otros usuarios consultados valoran de manera positiva el servicio, pero se quejan de la <strong>distancia entre una parada y otra<\/strong> y las dificultades que esto representa, especialmente a personas con problemas de movilidad.<\/p>\n<div class=\"wp-block-media-text has-media-on-the-right is-stacked-on-mobile\" style=\"grid-template-columns:auto 29%\">\n<div class=\"wp-block-media-text__content\">\n<p>\u00ab<em>Siempre la gente se va a quejar por olv\u00eddate, aunque sea bueno o malo se van a quejar. \u00bfC\u00f3mo le beneficia a los usuarios? Bueno, yo lo veo muy bien, excelente, por lo menos hay un flujo m\u00e1s de veh\u00edculos, que es lo importante<\/em>\u00ab, se\u00f1al\u00f3 <strong>Raul Molina. <\/strong><\/p>\n<\/div>\n<figure class=\"wp-block-media-text__media\"><img loading=\"lazy\" data-recalc-dims=\"1\" decoding=\"async\" width=\"689\" height=\"764\" data-attachment-id=\"490100\" data-permalink=\"https:\/\/rnn.com.do\/pasajeros-destacan-seguridad-y-comodidad-nuevo-corredor-se-quejan-distancia-paradas\/raul-molina-corredor-independencia\/\" data-orig-file=\"https:\/\/i0.wp.com\/rnn.com.do\/wp-content\/uploads\/2026\/03\/Raul-Molina-corredor-independencia.jpg?fit=689%2C764&amp;ssl=1\" data-orig-size=\"689,764\" data-comments-opened=\"1\" data-image-meta=\"{&quot;aperture&quot;:&quot;0&quot;,&quot;credit&quot;:&quot;Fernanda&quot;,&quot;camera&quot;:&quot;&quot;,&quot;caption&quot;:&quot;&quot;,&quot;created_timestamp&quot;:&quot;1773152900&quot;,&quot;copyright&quot;:&quot;&quot;,&quot;focal_length&quot;:&quot;0&quot;,&quot;iso&quot;:&quot;0&quot;,&quot;shutter_speed&quot;:&quot;0&quot;,&quot;title&quot;:&quot;&quot;,&quot;orientation&quot;:&quot;0&quot;}\" data-image-title=\"Raul Molina, corredor independencia\" data-image-description=\"\" data-image-caption=\"\" data-medium-file=\"https:\/\/i0.wp.com\/rnn.com.do\/wp-content\/uploads\/2026\/03\/Raul-Molina-corredor-independencia.jpg?fit=271%2C300&amp;ssl=1\" data-large-file=\"https:\/\/i0.wp.com\/rnn.com.do\/wp-content\/uploads\/2026\/03\/Raul-Molina-corredor-independencia.jpg?fit=689%2C764&amp;ssl=1\" src=\"https:\/\/i0.wp.com\/rnn.com.do\/wp-content\/uploads\/2026\/03\/Raul-Molina-corredor-independencia.jpg?resize=689%2C764&amp;ssl=1\" alt=\"\" class=\"wp-image-490100 size-full\" srcset=\"https:\/\/i0.wp.com\/rnn.com.do\/wp-content\/uploads\/2026\/03\/Raul-Molina-corredor-independencia.jpg?w=689&amp;ssl=1 689w, https:\/\/i0.wp.com\/rnn.com.do\/wp-content\/uploads\/2026\/03\/Raul-Molina-corredor-independencia.jpg?resize=271%2C300&amp;ssl=1 271w, https:\/\/i0.wp.com\/rnn.com.do\/wp-content\/uploads\/2026\/03\/Raul-Molina-corredor-independencia.jpg?resize=379%2C420&amp;ssl=1 379w, https:\/\/i0.wp.com\/rnn.com.do\/wp-content\/uploads\/2026\/03\/Raul-Molina-corredor-independencia.jpg?resize=150%2C166&amp;ssl=1 150w, https:\/\/i0.wp.com\/rnn.com.do\/wp-content\/uploads\/2026\/03\/Raul-Molina-corredor-independencia.jpg?resize=300%2C333&amp;ssl=1 300w\" sizes=\"auto, (max-width: 689px) 100vw, 689px\"\/><\/figure>\n<\/div>\n<p>Muchos aseguran que los autobuses ofrecen mayor <strong>seguridad<\/strong>, <strong>orden<\/strong> y <strong>limpieza<\/strong> en comparaci\u00f3n con el transporte tradicional que operaba anteriormente en la avenida Independencia.<\/p>\n<div class=\"wp-block-media-text has-media-on-the-right is-stacked-on-mobile\" style=\"grid-template-columns:auto 30%\">\n<div class=\"wp-block-media-text__content\">\n<p>\u00ab<em>Bueno, yo digo ya como yo tengo ya por caminar y eso, pero el servicio es bien, lo \u00fanico es eso, que a veces tenemos que <strong>caminar m\u00e1s o menos de una parada<\/strong> a la otra<\/em>\u00ab, dice<strong> Flor Garc\u00eda. <\/strong><\/p>\n<\/div>\n<figure class=\"wp-block-media-text__media\"><img loading=\"lazy\" data-recalc-dims=\"1\" decoding=\"async\" width=\"608\" height=\"754\" data-attachment-id=\"490097\" data-permalink=\"https:\/\/rnn.com.do\/pasajeros-destacan-seguridad-y-comodidad-nuevo-corredor-se-quejan-distancia-paradas\/flor-garcia-corredor-independencia\/\" data-orig-file=\"https:\/\/i0.wp.com\/rnn.com.do\/wp-content\/uploads\/2026\/03\/Flor-Garcia-corredor-independencia.jpg?fit=608%2C754&amp;ssl=1\" data-orig-size=\"608,754\" data-comments-opened=\"1\" data-image-meta=\"{&quot;aperture&quot;:&quot;0&quot;,&quot;credit&quot;:&quot;Fernanda&quot;,&quot;camera&quot;:&quot;&quot;,&quot;caption&quot;:&quot;&quot;,&quot;created_timestamp&quot;:&quot;1773152930&quot;,&quot;copyright&quot;:&quot;&quot;,&quot;focal_length&quot;:&quot;0&quot;,&quot;iso&quot;:&quot;0&quot;,&quot;shutter_speed&quot;:&quot;0&quot;,&quot;title&quot;:&quot;&quot;,&quot;orientation&quot;:&quot;0&quot;}\" data-image-title=\"Flor Garc\u00eda, corredor independencia\" data-image-description=\"\" data-image-caption=\"\" data-medium-file=\"https:\/\/i0.wp.com\/rnn.com.do\/wp-content\/uploads\/2026\/03\/Flor-Garcia-corredor-independencia.jpg?fit=242%2C300&amp;ssl=1\" data-large-file=\"https:\/\/i0.wp.com\/rnn.com.do\/wp-content\/uploads\/2026\/03\/Flor-Garcia-corredor-independencia.jpg?fit=608%2C754&amp;ssl=1\" src=\"https:\/\/i0.wp.com\/rnn.com.do\/wp-content\/uploads\/2026\/03\/Flor-Garcia-corredor-independencia.jpg?resize=608%2C754&amp;ssl=1\" alt=\"\" class=\"wp-image-490097 size-full\" srcset=\"https:\/\/i0.wp.com\/rnn.com.do\/wp-content\/uploads\/2026\/03\/Flor-Garcia-corredor-independencia.jpg?w=608&amp;ssl=1 608w, https:\/\/i0.wp.com\/rnn.com.do\/wp-content\/uploads\/2026\/03\/Flor-Garcia-corredor-independencia.jpg?resize=242%2C300&amp;ssl=1 242w, https:\/\/i0.wp.com\/rnn.com.do\/wp-content\/uploads\/2026\/03\/Flor-Garcia-corredor-independencia.jpg?resize=339%2C420&amp;ssl=1 339w, https:\/\/i0.wp.com\/rnn.com.do\/wp-content\/uploads\/2026\/03\/Flor-Garcia-corredor-independencia.jpg?resize=150%2C186&amp;ssl=1 150w, https:\/\/i0.wp.com\/rnn.com.do\/wp-content\/uploads\/2026\/03\/Flor-Garcia-corredor-independencia.jpg?resize=300%2C372&amp;ssl=1 300w\" sizes=\"auto, (max-width: 608px) 100vw, 608px\"\/><\/figure>\n<\/div>\n<p>El pasaje tendr\u00e1 un costo de <strong>35 pesos<\/strong>, y podr\u00e1 pagarse mediante tarjetas de d\u00e9bito y cr\u00e9dito sin contacto, tarjetas del sistema de transporte, billeteras electr\u00f3nicas o en efectivo exacto, ya que no se entregar\u00e1 cambio.<\/p>\n<p>Las autoridades tambi\u00e9n informaron que se estar\u00e1n entregando tarjetas gratuitas con una recarga inicial de 40 pesos, equivalentes a un pasaje, hasta agotar existencia.<\/p>\n<\/div>\n<\/div>\n","protected":false},"excerpt":{"rendered":"<p>El Corredor Independencia inici\u00f3 este martes su etapa de operaci\u00f3n formal con el cobro de la tarifa a los pasajeros, luego de concluir la fase de prueba o \u201cmarcha en blanco\u201d que se extendi\u00f3 por varias semanas. Y aunque usuarios destacan la seguridad y comodidad del nuevo sistema de transporte, persisten las quejas por la<\/p>\n","protected":false},"author":1,"featured_media":26876,"comment_status":"open","ping_status":"open","sticky":false,"template":"","format":"standard","meta":{"footnotes":""},"categories":[1],"tags":[],"class_list":["post-26875","post","type-post","status-publish","format-standard","has-post-thumbnail","hentry","category-nacionales"],"_links":{"self":[{"href":"https:\/\/acronoticias.com\/index.php\/wp-json\/wp\/v2\/posts\/26875","targetHints":{"allow":["GET"]}}],"collection":[{"href":"https:\/\/acronoticias.com\/index.php\/wp-json\/wp\/v2\/posts"}],"about":[{"href":"https:\/\/acronoticias.com\/index.php\/wp-json\/wp\/v2\/types\/post"}],"author":[{"embeddable":true,"href":"https:\/\/acronoticias.com\/index.php\/wp-json\/wp\/v2\/users\/1"}],"replies":[{"embeddable":true,"href":"https:\/\/acronoticias.com\/index.php\/wp-json\/wp\/v2\/comments?post=26875"}],"version-history":[{"count":0,"href":"https:\/\/acronoticias.com\/index.php\/wp-json\/wp\/v2\/posts\/26875\/revisions"}],"wp:featuredmedia":[{"embeddable":true,"href":"https:\/\/acronoticias.com\/index.php\/wp-json\/wp\/v2\/media\/26876"}],"wp:attachment":[{"href":"https:\/\/acronoticias.com\/index.php\/wp-json\/wp\/v2\/media?parent=26875"}],"wp:term":[{"taxonomy":"category","embeddable":true,"href":"https:\/\/acronoticias.com\/index.php\/wp-json\/wp\/v2\/categories?post=26875"},{"taxonomy":"post_tag","embeddable":true,"href":"https:\/\/acronoticias.com\/index.php\/wp-json\/wp\/v2\/tags?post=26875"}],"curies":[{"name":"wp","href":"https:\/\/api.w.org\/{rel}","templated":true}]}}