{"id":26871,"date":"2026-03-11T11:53:58","date_gmt":"2026-03-11T11:53:58","guid":{"rendered":"https:\/\/acronoticias.com\/index.php\/2026\/03\/11\/conductor-dormido-choca-contra-cabana-en-hato-mayor-resulta-herido-junto-a-su-acompanante-el-nuevo-diario-republica-dominicana\/"},"modified":"2026-03-11T11:53:58","modified_gmt":"2026-03-11T11:53:58","slug":"conductor-dormido-choca-contra-cabana-en-hato-mayor-resulta-herido-junto-a-su-acompanante-el-nuevo-diario-republica-dominicana","status":"publish","type":"post","link":"https:\/\/acronoticias.com\/index.php\/2026\/03\/11\/conductor-dormido-choca-contra-cabana-en-hato-mayor-resulta-herido-junto-a-su-acompanante-el-nuevo-diario-republica-dominicana\/","title":{"rendered":"Conductor dormido choca contra caba\u00f1a en Hato Mayor; resulta herido junto a su acompa\u00f1ante \u2013 El Nuevo Diario (Rep\u00fablica Dominicana)"},"content":{"rendered":"<div>\n<div id=\"gemini-summary-wrapper\" class=\"mb-3\">\n                <button id=\"btn-get-summary\" class=\"gemini-btn\" data-post-id=\"3044666\" data-post-title=\"Conductor dormido choca contra caba\u00f1a en Hato Mayor; resulta herido junto a su acompa\u00f1ante\"><br \/>\n                    Leer resumen <b class=\"d-none d-md-inline\">de la noticia<\/b> (IA) <span>CLICK AQU\u00cd<\/span><br \/>\n                <\/button><\/p>\n<div id=\"gemini-loading\" class=\"mb-3\">\n<p>                    <span>Analizando noticia&#8230; por favor espera.<\/span>\n                <\/div>\n<\/p><\/div>\n<p data-start=\"0\" data-end=\"313\">EL NUEVO DIARIO, HATO MAYOR.\u2013 Al menos dos j\u00f3venes resultaron lesionados luego de que el conductor perdiera el control del veh\u00edculo que conduc\u00eda e impactara con la parte frontal de la caba\u00f1a Reina M\u00eda, en un hecho ocurrido la tarde de ayer martes en el kil\u00f3metro 2 de la carretera Hato Mayor\u2013San Pedro de Macor\u00eds.<\/p>\n<p data-start=\"315\" data-end=\"586\" data-is-last-node=\"\" data-is-only-node=\"\">Los heridos son Junior Argenis Sosa Matos, de 27 a\u00f1os, quien, seg\u00fan diagn\u00f3stico, presenta trauma a nivel frontal; mientras que H\u00e9ctor Luis Vilorio, de 33 a\u00f1os, presenta laceraciones leves en una pierna. Este \u00faltimo supuestamente era quien conduc\u00eda el cami\u00f3n de embutidos.<\/p>\n<p><iframe loading=\"lazy\" title=\"Reproductor de video VideoPress\" aria-label=\"Reproductor de video VideoPress\" width=\"640\" height=\"360\" src=\"https:\/\/videopress.com\/embed\/Wxpijq8j?hd=1&amp;cover=1&amp;loop=0&amp;autoPlay=0&amp;permalink=1&amp;muted=0&amp;controls=1&amp;playsinline=0&amp;useAverageColor=0&amp;preloadContent=metadata\" frameborder=\"0\" allowfullscreen=\"\" data-resize-to-parent=\"true\" allow=\"clipboard-write\"><\/iframe><\/p>\n<p data-start=\"0\" data-end=\"243\">De acuerdo con las informaciones preliminares, el accidente se produjo supuestamente luego de que el conductor se quedara dormido, lo que provoc\u00f3 que se saliera de la v\u00eda y terminara impactando con las paredes frontales de la caba\u00f1a Reina M\u00eda.<\/p>\n<p data-start=\"245\" data-end=\"408\">Al lugar del accidente acudieron param\u00e9dicos del Sistema de Atenci\u00f3n a Emergencias 9-1-1, quienes trasladaron al joven Junior Argenis Sosa Matos al hospital local.<\/p>\n<p data-start=\"410\" data-end=\"597\">Adem\u00e1s, asistieron miembros del Cuerpo de Bomberos, agentes de la Direcci\u00f3n General de Seguridad de Tr\u00e1nsito y Transporte (Digesett), miembros de la Polic\u00eda Nacional y agentes de RD Vial.<\/p>\n<p data-start=\"599\" data-end=\"725\" data-is-last-node=\"\" data-is-only-node=\"\">Las autoridades informaron que iniciaron las investigaciones de lugar para determinar las reales circunstancias del accidente.<\/p>\n<p><img loading=\"lazy\" data-recalc-dims=\"1\" data-dominant-color=\"b0ab93\" data-has-transparency=\"false\" style=\"--dominant-color: #b0ab93;\" decoding=\"async\" class=\"alignnone wp-image-3044673 size-full not-transparent\" src=\"https:\/\/i0.wp.com\/nuevodiario-assets.s3.us-east-2.amazonaws.com\/wp-content\/uploads\/2026\/03\/AccidenteHatomayor03-scaled.jpg?resize=640%2C394&amp;quality=100&amp;ssl=1\" alt=\"\" width=\"640\" height=\"394\" srcset=\"https:\/\/nuevodiario-assets.s3.us-east-2.amazonaws.com\/wp-content\/uploads\/2026\/03\/AccidenteHatomayor03-scaled.jpg 2560w, https:\/\/nuevodiario-assets.s3.us-east-2.amazonaws.com\/wp-content\/uploads\/2026\/03\/AccidenteHatomayor03-scaled.jpg 400w, https:\/\/nuevodiario-assets.s3.us-east-2.amazonaws.com\/wp-content\/uploads\/2026\/03\/AccidenteHatomayor03-scaled.jpg 800w, https:\/\/nuevodiario-assets.s3.us-east-2.amazonaws.com\/wp-content\/uploads\/2026\/03\/AccidenteHatomayor03-scaled.jpg 768w, https:\/\/nuevodiario-assets.s3.us-east-2.amazonaws.com\/wp-content\/uploads\/2026\/03\/AccidenteHatomayor03-scaled.jpg 1536w, https:\/\/nuevodiario-assets.s3.us-east-2.amazonaws.com\/wp-content\/uploads\/2026\/03\/AccidenteHatomayor03-scaled.jpg 2048w, https:\/\/nuevodiario-assets.s3.us-east-2.amazonaws.com\/wp-content\/uploads\/2026\/03\/AccidenteHatomayor03-scaled.jpg 600w, https:\/\/nuevodiario-assets.s3.us-east-2.amazonaws.com\/wp-content\/uploads\/2026\/03\/AccidenteHatomayor03-scaled.jpg 1280w, https:\/\/nuevodiario-assets.s3.us-east-2.amazonaws.com\/wp-content\/uploads\/2026\/03\/AccidenteHatomayor03-scaled.jpg 1920w\" sizes=\"auto, (max-width: 640px) 100vw, 640px\"\/> <img data-recalc-dims=\"1\" data-dominant-color=\"848078\" data-has-transparency=\"false\" style=\"--dominant-color: #848078;\" loading=\"lazy\" decoding=\"async\" class=\"alignnone wp-image-3044674 size-full not-transparent\" src=\"https:\/\/i0.wp.com\/nuevodiario-assets.s3.us-east-2.amazonaws.com\/wp-content\/uploads\/2026\/03\/AccidenteHatomayor4-scaled.jpg?resize=640%2C375&amp;quality=100&amp;ssl=1\" alt=\"\" width=\"640\" height=\"375\" srcset=\"https:\/\/nuevodiario-assets.s3.us-east-2.amazonaws.com\/wp-content\/uploads\/2026\/03\/AccidenteHatomayor4-scaled.jpg 2560w, https:\/\/nuevodiario-assets.s3.us-east-2.amazonaws.com\/wp-content\/uploads\/2026\/03\/AccidenteHatomayor4-scaled.jpg 400w, https:\/\/nuevodiario-assets.s3.us-east-2.amazonaws.com\/wp-content\/uploads\/2026\/03\/AccidenteHatomayor4-scaled.jpg 800w, https:\/\/nuevodiario-assets.s3.us-east-2.amazonaws.com\/wp-content\/uploads\/2026\/03\/AccidenteHatomayor4-scaled.jpg 768w, https:\/\/nuevodiario-assets.s3.us-east-2.amazonaws.com\/wp-content\/uploads\/2026\/03\/AccidenteHatomayor4-scaled.jpg 1536w, https:\/\/nuevodiario-assets.s3.us-east-2.amazonaws.com\/wp-content\/uploads\/2026\/03\/AccidenteHatomayor4-scaled.jpg 2048w, https:\/\/nuevodiario-assets.s3.us-east-2.amazonaws.com\/wp-content\/uploads\/2026\/03\/AccidenteHatomayor4-scaled.jpg 600w, https:\/\/nuevodiario-assets.s3.us-east-2.amazonaws.com\/wp-content\/uploads\/2026\/03\/AccidenteHatomayor4-scaled.jpg 1280w, https:\/\/nuevodiario-assets.s3.us-east-2.amazonaws.com\/wp-content\/uploads\/2026\/03\/AccidenteHatomayor4-scaled.jpg 1920w\" sizes=\"auto, (max-width: 640px) 100vw, 640px\"\/><\/p>\n<p><h3 class=\"jp-relatedposts-headline\"><em>Relacionado<\/em><\/h3>\n<\/p>\n<p>\t\t\t\t\t\t<!-- .entry-footer --><br \/>\n\t\t\t\t\t\t<!-- \n\n<div data-type=\"_mgwidget\" data-widget-id=\"1743501\"><\/div>\n\n  -->\n\t\t\t\t\t<\/div>\n","protected":false},"excerpt":{"rendered":"<p>Leer resumen de la noticia (IA) CLICK AQU\u00cd Analizando noticia&#8230; por favor espera. EL NUEVO DIARIO, HATO MAYOR.\u2013 Al menos dos j\u00f3venes resultaron lesionados luego de que el conductor perdiera el control del veh\u00edculo que conduc\u00eda e impactara con la parte frontal de la caba\u00f1a Reina M\u00eda, en un hecho ocurrido la tarde de ayer<\/p>\n","protected":false},"author":1,"featured_media":26872,"comment_status":"open","ping_status":"open","sticky":false,"template":"","format":"standard","meta":{"footnotes":""},"categories":[1],"tags":[],"class_list":["post-26871","post","type-post","status-publish","format-standard","has-post-thumbnail","hentry","category-nacionales"],"_links":{"self":[{"href":"https:\/\/acronoticias.com\/index.php\/wp-json\/wp\/v2\/posts\/26871","targetHints":{"allow":["GET"]}}],"collection":[{"href":"https:\/\/acronoticias.com\/index.php\/wp-json\/wp\/v2\/posts"}],"about":[{"href":"https:\/\/acronoticias.com\/index.php\/wp-json\/wp\/v2\/types\/post"}],"author":[{"embeddable":true,"href":"https:\/\/acronoticias.com\/index.php\/wp-json\/wp\/v2\/users\/1"}],"replies":[{"embeddable":true,"href":"https:\/\/acronoticias.com\/index.php\/wp-json\/wp\/v2\/comments?post=26871"}],"version-history":[{"count":0,"href":"https:\/\/acronoticias.com\/index.php\/wp-json\/wp\/v2\/posts\/26871\/revisions"}],"wp:featuredmedia":[{"embeddable":true,"href":"https:\/\/acronoticias.com\/index.php\/wp-json\/wp\/v2\/media\/26872"}],"wp:attachment":[{"href":"https:\/\/acronoticias.com\/index.php\/wp-json\/wp\/v2\/media?parent=26871"}],"wp:term":[{"taxonomy":"category","embeddable":true,"href":"https:\/\/acronoticias.com\/index.php\/wp-json\/wp\/v2\/categories?post=26871"},{"taxonomy":"post_tag","embeddable":true,"href":"https:\/\/acronoticias.com\/index.php\/wp-json\/wp\/v2\/tags?post=26871"}],"curies":[{"name":"wp","href":"https:\/\/api.w.org\/{rel}","templated":true}]}}