{"id":26869,"date":"2026-03-11T11:42:55","date_gmt":"2026-03-11T11:42:55","guid":{"rendered":"https:\/\/acronoticias.com\/index.php\/2026\/03\/11\/sip-dice-libertad-prensa-sufrio-deterioro-dramatico-en-2025\/"},"modified":"2026-03-11T11:42:55","modified_gmt":"2026-03-11T11:42:55","slug":"sip-dice-libertad-prensa-sufrio-deterioro-dramatico-en-2025","status":"publish","type":"post","link":"https:\/\/acronoticias.com\/index.php\/2026\/03\/11\/sip-dice-libertad-prensa-sufrio-deterioro-dramatico-en-2025\/","title":{"rendered":"SIP dice libertad prensa sufri\u00f3 deterioro &#8220;dram\u00e1tico&#8221; en 2025"},"content":{"rendered":"<div>\n<div class=\"c-detail__author full\">\n<div>\n<div class=\"c-detail__author__thumb\">\n<figure>\n                                <picture src=\"https:\/\/imagenes.hoy.com.do\/files\/image_square_xs\/uploads\/2025\/11\/18\/691c7d2b0f1b1.png\" data-size=\"w:40,h:40\">\n                                    <img decoding=\"async\" loading=\"lazy\" alt=\"Agencia AP\" width=\"40\" height=\"40\" src=\"https:\/\/imagenes.hoy.com.do\/files\/image_square_xs\/uploads\/2025\/11\/18\/691c7d2b0f1b1.png\"\/>\n                                <\/picture>\n                                <\/figure>\n<\/div>\n<\/div>\n<\/div>\n<p>                                                                                            <!-- --><\/p>\n<p class=\"paragraph\"><b>BOGOT\u00c1.- AP<\/b><\/p>\n<p class=\"paragraph\"><b>La libertad de prensa en las Am\u00e9ricas sufri\u00f3 en 2025 <\/b>un deterioro \u201cdram\u00e1tico\u201d y fue uno de los peores de los \u00faltimos seis a\u00f1os para el ejercicio del periodismo, advirti\u00f3 el martes la Sociedad Interamericana de Prensa tras evaluar las condiciones del oficio en 23 pa\u00edses de la regi\u00f3n.<\/p>\n<p class=\"paragraph\">\u201cSe trata de uno de los peores a\u00f1os para el periodismo en la regi\u00f3n con homicidios, detenciones arbitrarias, exilios e impunidad agravada en naciones como M\u00e9xico, Honduras, Ecuador, Nicaragua, El Salvador, Guatemala, Colombia, Cuba y Venezuela&#8221;, advirti\u00f3 la SIP en el informe del \u00cdndice de Chapultepec de 2025.<\/p>\n<p class=\"paragraph\">Se trata de una medici\u00f3n anual, disponible desde 2020, que categoriza los pa\u00edses seg\u00fan las condiciones de su libertad de expresi\u00f3n.<\/p>\n<p class=\"paragraph\">Venezuela y Nicaragua son considerados \u201csin libertad de expresi\u00f3n\u201d, seg\u00fan el informe actual, mientras que se encuentran en la franja de \u201calta restricci\u00f3n\u201d Ecuador, Bolivia, Honduras, Per\u00fa, M\u00e9xico, Hait\u00ed, Cuba y El Salvador.<\/p>\n<div class=\"c-detail__box \">\n<article class=\"c-detail__sumario \">\n<figure class=\"c-detail__sumario__thumb\" style=\"display: block;\">\n            <a href=\"#\" title=\"\">\n                <picture data-size=\"w:140,h:140\" loading=\"lazy\" src=\"https:\/\/imagenes.hoy.com.do\/files\/related_image\/uploads\/2026\/03\/10\/69b0a20c37db7.jpeg\" data-full-src=\"https:\/\/imagenes.hoy.com.do\/uploads\/2026\/03\/10\/69b0a20c37db7.jpeg\">\n                    <img loading=\"lazy\" decoding=\"async\" width=\"140\" height=\"140\" alt=\"El gobernante dominicano dijo que esa distinci\u00f3n lo compromete a\u00fan m\u00e1s a continuar profundizando y ampliando las libertades p\u00fablicas en Rep\u00fablica Dominicana.\" src=\"https:\/\/imagenes.hoy.com.do\/uploads\/2026\/03\/10\/69b0a20c37db7.jpeg\"\/>\n                <\/picture>\n            <\/a><br \/>\n        <\/figure>\n<\/article>\n<\/div>\n<p class=\"paragraph\">Estados Unidos fue clasificado como un pa\u00eds \u201cen restricci\u00f3n\u201d, en el que la libertad de expresi\u00f3n y de prensa tuvo un \u201cdeterioro significativo\u201d.<\/p>\n<p class=\"paragraph\"><b>Agresiones.-<\/b><\/p>\n<p class=\"paragraph\">En 2025 se registraron 170 agresiones a periodistas en Estados Unidos, agreg\u00f3 el informe, que subray\u00f3 su preocupaci\u00f3n por los ataques durante la cobertura de procedimientos realizados por agentes del Servicio de Inmigraci\u00f3n y Control de Aduanas (ICE).<\/p>\n<p class=\"paragraph\">El \u00edndice, que se mide en una escala de 0 a 100 puntos, registr\u00f3 en 2025 un promedio de 47 en las Am\u00e9ricas, el nivel m\u00e1s bajo desde que el bar\u00f3metro comenz\u00f3 a elaborarse hace seis ediciones. La SIP asegur\u00f3 que el deterioro en la regi\u00f3n no discrimina ideolog\u00edas en un ambiente de \u201cradicalizaci\u00f3n pol\u00edtica&#8221; e indic\u00f3 que \u201clos presidencialismos autoritarios han marcado la pauta&#8221;.<\/p>\n<\/div>\n","protected":false},"excerpt":{"rendered":"<p>BOGOT\u00c1.- AP La libertad de prensa en las Am\u00e9ricas sufri\u00f3 en 2025 un deterioro \u201cdram\u00e1tico\u201d y fue uno de los peores de los \u00faltimos seis a\u00f1os para el ejercicio del periodismo, advirti\u00f3 el martes la Sociedad Interamericana de Prensa tras evaluar las condiciones del oficio en 23 pa\u00edses de la regi\u00f3n. \u201cSe trata de uno<\/p>\n","protected":false},"author":1,"featured_media":26870,"comment_status":"open","ping_status":"open","sticky":false,"template":"","format":"standard","meta":{"footnotes":""},"categories":[3],"tags":[],"class_list":["post-26869","post","type-post","status-publish","format-standard","has-post-thumbnail","hentry","category-internacionales"],"_links":{"self":[{"href":"https:\/\/acronoticias.com\/index.php\/wp-json\/wp\/v2\/posts\/26869","targetHints":{"allow":["GET"]}}],"collection":[{"href":"https:\/\/acronoticias.com\/index.php\/wp-json\/wp\/v2\/posts"}],"about":[{"href":"https:\/\/acronoticias.com\/index.php\/wp-json\/wp\/v2\/types\/post"}],"author":[{"embeddable":true,"href":"https:\/\/acronoticias.com\/index.php\/wp-json\/wp\/v2\/users\/1"}],"replies":[{"embeddable":true,"href":"https:\/\/acronoticias.com\/index.php\/wp-json\/wp\/v2\/comments?post=26869"}],"version-history":[{"count":0,"href":"https:\/\/acronoticias.com\/index.php\/wp-json\/wp\/v2\/posts\/26869\/revisions"}],"wp:featuredmedia":[{"embeddable":true,"href":"https:\/\/acronoticias.com\/index.php\/wp-json\/wp\/v2\/media\/26870"}],"wp:attachment":[{"href":"https:\/\/acronoticias.com\/index.php\/wp-json\/wp\/v2\/media?parent=26869"}],"wp:term":[{"taxonomy":"category","embeddable":true,"href":"https:\/\/acronoticias.com\/index.php\/wp-json\/wp\/v2\/categories?post=26869"},{"taxonomy":"post_tag","embeddable":true,"href":"https:\/\/acronoticias.com\/index.php\/wp-json\/wp\/v2\/tags?post=26869"}],"curies":[{"name":"wp","href":"https:\/\/api.w.org\/{rel}","templated":true}]}}