{"id":26863,"date":"2026-03-11T11:03:15","date_gmt":"2026-03-11T11:03:15","guid":{"rendered":"https:\/\/acronoticias.com\/index.php\/2026\/03\/11\/preso-de-la-victoria-habria-coordinado-asalto-a-joyeria-en-cristo-rey-hay-dos-detenidos-y-siete-profugos\/"},"modified":"2026-03-11T11:03:15","modified_gmt":"2026-03-11T11:03:15","slug":"preso-de-la-victoria-habria-coordinado-asalto-a-joyeria-en-cristo-rey-hay-dos-detenidos-y-siete-profugos","status":"publish","type":"post","link":"https:\/\/acronoticias.com\/index.php\/2026\/03\/11\/preso-de-la-victoria-habria-coordinado-asalto-a-joyeria-en-cristo-rey-hay-dos-detenidos-y-siete-profugos\/","title":{"rendered":"Preso de La Victoria habr\u00eda coordinado asalto a joyer\u00eda en Cristo Rey; hay dos detenidos y siete pr\u00f3fugos"},"content":{"rendered":"<div data-td-block-uid=\"tdi_101\">\n<div class=\"tdb-block-inner td-fix-index\">\n<p><strong>SANTO DOMINGO.<\/strong> La Polic\u00eda Nacional y el Ministerio P\u00fablico revelaron este martes que un recluso que cumple condena de 30 a\u00f1os en la c\u00e1rcel de La Victoria fue el presunto coordinador del asalto a mano armada contra la joyer\u00eda Popi Oro, ocurrido recientemente en el sector de Cristo Rey.<\/p>\n<p>El interno, identificado como Juan Alexander G\u00e1lvez Marte (a) <strong>\u00abAlex Bronx\u00bb<\/strong>, fue trasladado desde el penal tras un allanamiento en su celda donde se incautaron 28 tel\u00e9fonos celulares. Seg\u00fan las investigaciones, G\u00e1lvez Marte dirigi\u00f3 la operaci\u00f3n delictiva que incluy\u00f3 el robo de joyas y la posterior huida de una banda organizada.<\/p>\n<figure class=\"wp-block-image size-large\"><img data-recalc-dims=\"1\" fetchpriority=\"high\" decoding=\"async\" width=\"696\" height=\"290\" data-attachment-id=\"490151\" data-permalink=\"https:\/\/rnn.com.do\/preso-de-la-victoria-habria-coordinado-asalto-a-joyeria-en-cristo-rey-hay-dos-detenidos-y-siete-profugos\/image-3628\/\" data-orig-file=\"https:\/\/i0.wp.com\/rnn.com.do\/wp-content\/uploads\/2026\/03\/image-58.png?fit=1075%2C447&amp;ssl=1\" data-orig-size=\"1075,447\" data-comments-opened=\"1\" data-image-meta=\"{&quot;aperture&quot;:&quot;0&quot;,&quot;credit&quot;:&quot;&quot;,&quot;camera&quot;:&quot;&quot;,&quot;caption&quot;:&quot;&quot;,&quot;created_timestamp&quot;:&quot;0&quot;,&quot;copyright&quot;:&quot;&quot;,&quot;focal_length&quot;:&quot;0&quot;,&quot;iso&quot;:&quot;0&quot;,&quot;shutter_speed&quot;:&quot;0&quot;,&quot;title&quot;:&quot;&quot;,&quot;orientation&quot;:&quot;0&quot;}\" data-image-title=\"image\" data-image-description=\"\" data-image-caption=\"\" data-medium-file=\"https:\/\/i0.wp.com\/rnn.com.do\/wp-content\/uploads\/2026\/03\/image-58.png?fit=300%2C125&amp;ssl=1\" data-large-file=\"https:\/\/i0.wp.com\/rnn.com.do\/wp-content\/uploads\/2026\/03\/image-58.png?fit=696%2C290&amp;ssl=1\" src=\"https:\/\/i0.wp.com\/rnn.com.do\/wp-content\/uploads\/2026\/03\/image-58.png?resize=696%2C290&amp;ssl=1\" alt=\"\" class=\"wp-image-490151\" srcset=\"https:\/\/i0.wp.com\/rnn.com.do\/wp-content\/uploads\/2026\/03\/image-58.png?resize=1024%2C426&amp;ssl=1 1024w, https:\/\/i0.wp.com\/rnn.com.do\/wp-content\/uploads\/2026\/03\/image-58.png?resize=300%2C125&amp;ssl=1 300w, https:\/\/i0.wp.com\/rnn.com.do\/wp-content\/uploads\/2026\/03\/image-58.png?resize=768%2C319&amp;ssl=1 768w, https:\/\/i0.wp.com\/rnn.com.do\/wp-content\/uploads\/2026\/03\/image-58.png?resize=1010%2C420&amp;ssl=1 1010w, https:\/\/i0.wp.com\/rnn.com.do\/wp-content\/uploads\/2026\/03\/image-58.png?resize=150%2C62&amp;ssl=1 150w, https:\/\/i0.wp.com\/rnn.com.do\/wp-content\/uploads\/2026\/03\/image-58.png?resize=696%2C289&amp;ssl=1 696w, https:\/\/i0.wp.com\/rnn.com.do\/wp-content\/uploads\/2026\/03\/image-58.png?resize=1068%2C444&amp;ssl=1 1068w, https:\/\/i0.wp.com\/rnn.com.do\/wp-content\/uploads\/2026\/03\/image-58.png?w=1075&amp;ssl=1 1075w\" sizes=\"(max-width: 696px) 100vw, 696px\"\/><\/figure>\n<p>Junto al cabecilla, las autoridades arrestaron a Hensy Yoel Reynoso Abreu (a) \u00abHensy\u00bb, se\u00f1alado como lugarteniente de \u00abAlex Bronx\u00bb. A Reynoso Abreu se le acusa de vender una prenda para adquirir el veh\u00edculo utilizado en el asalto.<\/p>\n<figure class=\"wp-block-image size-large\"><img loading=\"lazy\" data-recalc-dims=\"1\" decoding=\"async\" width=\"599\" height=\"1024\" data-attachment-id=\"490152\" data-permalink=\"https:\/\/rnn.com.do\/preso-de-la-victoria-habria-coordinado-asalto-a-joyeria-en-cristo-rey-hay-dos-detenidos-y-siete-profugos\/image-3629\/\" data-orig-file=\"https:\/\/i0.wp.com\/rnn.com.do\/wp-content\/uploads\/2026\/03\/image-59.png?fit=749%2C1280&amp;ssl=1\" data-orig-size=\"749,1280\" data-comments-opened=\"1\" data-image-meta=\"{&quot;aperture&quot;:&quot;0&quot;,&quot;credit&quot;:&quot;&quot;,&quot;camera&quot;:&quot;&quot;,&quot;caption&quot;:&quot;&quot;,&quot;created_timestamp&quot;:&quot;0&quot;,&quot;copyright&quot;:&quot;&quot;,&quot;focal_length&quot;:&quot;0&quot;,&quot;iso&quot;:&quot;0&quot;,&quot;shutter_speed&quot;:&quot;0&quot;,&quot;title&quot;:&quot;&quot;,&quot;orientation&quot;:&quot;0&quot;}\" data-image-title=\"image\" data-image-description=\"\" data-image-caption=\"\" data-medium-file=\"https:\/\/i0.wp.com\/rnn.com.do\/wp-content\/uploads\/2026\/03\/image-59.png?fit=176%2C300&amp;ssl=1\" data-large-file=\"https:\/\/i0.wp.com\/rnn.com.do\/wp-content\/uploads\/2026\/03\/image-59.png?fit=599%2C1024&amp;ssl=1\" src=\"https:\/\/i0.wp.com\/rnn.com.do\/wp-content\/uploads\/2026\/03\/image-59.png?resize=599%2C1024&amp;ssl=1\" alt=\"\" class=\"wp-image-490152\" srcset=\"https:\/\/i0.wp.com\/rnn.com.do\/wp-content\/uploads\/2026\/03\/image-59.png?resize=599%2C1024&amp;ssl=1 599w, https:\/\/i0.wp.com\/rnn.com.do\/wp-content\/uploads\/2026\/03\/image-59.png?resize=176%2C300&amp;ssl=1 176w, https:\/\/i0.wp.com\/rnn.com.do\/wp-content\/uploads\/2026\/03\/image-59.png?resize=246%2C420&amp;ssl=1 246w, https:\/\/i0.wp.com\/rnn.com.do\/wp-content\/uploads\/2026\/03\/image-59.png?resize=150%2C256&amp;ssl=1 150w, https:\/\/i0.wp.com\/rnn.com.do\/wp-content\/uploads\/2026\/03\/image-59.png?resize=300%2C513&amp;ssl=1 300w, https:\/\/i0.wp.com\/rnn.com.do\/wp-content\/uploads\/2026\/03\/image-59.png?resize=696%2C1189&amp;ssl=1 696w, https:\/\/i0.wp.com\/rnn.com.do\/wp-content\/uploads\/2026\/03\/image-59.png?w=749&amp;ssl=1 749w\" sizes=\"auto, (max-width: 599px) 100vw, 599px\"\/><\/figure>\n<p><strong>Pr\u00f3fugos y evidencias<\/strong><\/p>\n<p>La uniformada identific\u00f3 a otros siete implicados que permanecen pr\u00f3fugos: los gemelos Wilmer y Wilner Rafael Solano Garc\u00eda (conocidos como \u00abEl Mello Sangriento\u00bb y \u00abEl Mello Loco\u00bb), \u00abDeiby el Sicario\u00bb, \u00abLenin\u00bb, \u00abEl Mocho\u00bb, \u00abEl Grande\u00bb y \u00abJustin El Boricua\u00bb. A todos se les exhorta a entregarse por la v\u00eda correspondiente.<\/p>\n<p>Asimismo, se confirm\u00f3 que uno de los participantes, Sebasti\u00e1n Ortiz Maldonado (a) \u00abGilbert\u00bb, falleci\u00f3 al d\u00eda siguiente del robo durante un tiroteo en un centro de diversi\u00f3n en Nisib\u00f3n, provincia La Altagracia, donde tambi\u00e9n muri\u00f3 el propietario del local.<\/p>\n<p>En el proceso investigativo se recuperaron 10 cadenas de oro y exhibidores, res m\u00e1scaras de personas envejecientes, pasamonta\u00f1as y una peluca rubia, dos yipetas Mitsubishi Endeavor, una de ellas colisionada durante la huida, un radiocomunicador y municiones de calibre 40.<\/p>\n<\/div>\n<\/div>\n","protected":false},"excerpt":{"rendered":"<p>SANTO DOMINGO. La Polic\u00eda Nacional y el Ministerio P\u00fablico revelaron este martes que un recluso que cumple condena de 30 a\u00f1os en la c\u00e1rcel de La Victoria fue el presunto coordinador del asalto a mano armada contra la joyer\u00eda Popi Oro, ocurrido recientemente en el sector de Cristo Rey. El interno, identificado como Juan Alexander<\/p>\n","protected":false},"author":1,"featured_media":26864,"comment_status":"open","ping_status":"open","sticky":false,"template":"","format":"standard","meta":{"footnotes":""},"categories":[1],"tags":[],"class_list":["post-26863","post","type-post","status-publish","format-standard","has-post-thumbnail","hentry","category-nacionales"],"_links":{"self":[{"href":"https:\/\/acronoticias.com\/index.php\/wp-json\/wp\/v2\/posts\/26863","targetHints":{"allow":["GET"]}}],"collection":[{"href":"https:\/\/acronoticias.com\/index.php\/wp-json\/wp\/v2\/posts"}],"about":[{"href":"https:\/\/acronoticias.com\/index.php\/wp-json\/wp\/v2\/types\/post"}],"author":[{"embeddable":true,"href":"https:\/\/acronoticias.com\/index.php\/wp-json\/wp\/v2\/users\/1"}],"replies":[{"embeddable":true,"href":"https:\/\/acronoticias.com\/index.php\/wp-json\/wp\/v2\/comments?post=26863"}],"version-history":[{"count":0,"href":"https:\/\/acronoticias.com\/index.php\/wp-json\/wp\/v2\/posts\/26863\/revisions"}],"wp:featuredmedia":[{"embeddable":true,"href":"https:\/\/acronoticias.com\/index.php\/wp-json\/wp\/v2\/media\/26864"}],"wp:attachment":[{"href":"https:\/\/acronoticias.com\/index.php\/wp-json\/wp\/v2\/media?parent=26863"}],"wp:term":[{"taxonomy":"category","embeddable":true,"href":"https:\/\/acronoticias.com\/index.php\/wp-json\/wp\/v2\/categories?post=26863"},{"taxonomy":"post_tag","embeddable":true,"href":"https:\/\/acronoticias.com\/index.php\/wp-json\/wp\/v2\/tags?post=26863"}],"curies":[{"name":"wp","href":"https:\/\/api.w.org\/{rel}","templated":true}]}}