{"id":26855,"date":"2026-03-11T10:27:00","date_gmt":"2026-03-11T10:27:00","guid":{"rendered":"https:\/\/acronoticias.com\/index.php\/2026\/03\/11\/abinader-llega-a-chile-para-la-toma-de-posesion-de-jose-antonio-kast\/"},"modified":"2026-03-11T10:27:00","modified_gmt":"2026-03-11T10:27:00","slug":"abinader-llega-a-chile-para-la-toma-de-posesion-de-jose-antonio-kast","status":"publish","type":"post","link":"https:\/\/acronoticias.com\/index.php\/2026\/03\/11\/abinader-llega-a-chile-para-la-toma-de-posesion-de-jose-antonio-kast\/","title":{"rendered":"Abinader llega a Chile para la toma de posesi\u00f3n de Jos\u00e9 Antonio Kast"},"content":{"rendered":"<div data-td-block-uid=\"tdi_101\">\n<div class=\"tdb-block-inner td-fix-index\">\n<p><strong>SANTIAGO DE CHILE. <\/strong>El presidente Luis Abinader arrib\u00f3 este martes a las 6:30 p.m., (hora local) al Aeropuerto Arturo Merino Ben\u00edtez, para participar en los actos de traspaso de mando en los que Jos\u00e9 Antonio Kast asumir\u00e1 la presidencia de Chile este 11 de marzo.<\/p>\n<p>El mandatario dominicano viaj\u00f3 acompa\u00f1ado por la primera dama, Raquel Arbaje; el ministro de Relaciones Exteriores, Roberto \u00c1lvarez, y su hija Adriana Abinader Arbaje. A su llegada, la agenda oficial inici\u00f3 con un saludo protocolar y una recepci\u00f3n ofrecida por el presidente saliente, Gabriel Boric, en el Palacio de La Moneda junto a otros jefes de Estado.<\/p>\n<p>Los eventos centrales continuar\u00e1n el mi\u00e9rcoles en el Sal\u00f3n de Honor del Congreso Nacional, en Valpara\u00edso, donde se llevar\u00e1 a cabo la solemne ceremonia de transmisi\u00f3n de mando presidencial y la juramentaci\u00f3n del nuevo gabinete. Posteriormente, Abinader asistir\u00e1 a un almuerzo en honor a las delegaciones internacionales, ofrecido por el nuevo presidente Jos\u00e9 Antonio Kast y la primera dama chilena, Mar\u00eda P\u00eda Adriasola de Kast.<br \/>Presencia internacional<\/p>\n<p>Seg\u00fan la Canciller\u00eda chilena, el gobernante dominicano figura entre los l\u00edderes regionales confirmados, junto al rey Felipe VI de Espa\u00f1a. <\/p>\n<p>Al evento tambi\u00e9n asistir\u00e1n los presidentes de Argentina, Javier Milei; Ecuador, Daniel Noboa; Paraguay, Santiago Pe\u00f1a; Uruguay, Yamand\u00fa Orsi, y el primer ministro de Hait\u00ed, Alix Fils-Aim\u00e9, entre otros altos representantes de Europa y Am\u00e9rica Latina.<\/p>\n<\/div>\n<\/div>\n","protected":false},"excerpt":{"rendered":"<p>SANTIAGO DE CHILE. El presidente Luis Abinader arrib\u00f3 este martes a las 6:30 p.m., (hora local) al Aeropuerto Arturo Merino Ben\u00edtez, para participar en los actos de traspaso de mando en los que Jos\u00e9 Antonio Kast asumir\u00e1 la presidencia de Chile este 11 de marzo. El mandatario dominicano viaj\u00f3 acompa\u00f1ado por la primera dama, Raquel<\/p>\n","protected":false},"author":1,"featured_media":26856,"comment_status":"open","ping_status":"open","sticky":false,"template":"","format":"standard","meta":{"footnotes":""},"categories":[1],"tags":[],"class_list":["post-26855","post","type-post","status-publish","format-standard","has-post-thumbnail","hentry","category-nacionales"],"_links":{"self":[{"href":"https:\/\/acronoticias.com\/index.php\/wp-json\/wp\/v2\/posts\/26855","targetHints":{"allow":["GET"]}}],"collection":[{"href":"https:\/\/acronoticias.com\/index.php\/wp-json\/wp\/v2\/posts"}],"about":[{"href":"https:\/\/acronoticias.com\/index.php\/wp-json\/wp\/v2\/types\/post"}],"author":[{"embeddable":true,"href":"https:\/\/acronoticias.com\/index.php\/wp-json\/wp\/v2\/users\/1"}],"replies":[{"embeddable":true,"href":"https:\/\/acronoticias.com\/index.php\/wp-json\/wp\/v2\/comments?post=26855"}],"version-history":[{"count":0,"href":"https:\/\/acronoticias.com\/index.php\/wp-json\/wp\/v2\/posts\/26855\/revisions"}],"wp:featuredmedia":[{"embeddable":true,"href":"https:\/\/acronoticias.com\/index.php\/wp-json\/wp\/v2\/media\/26856"}],"wp:attachment":[{"href":"https:\/\/acronoticias.com\/index.php\/wp-json\/wp\/v2\/media?parent=26855"}],"wp:term":[{"taxonomy":"category","embeddable":true,"href":"https:\/\/acronoticias.com\/index.php\/wp-json\/wp\/v2\/categories?post=26855"},{"taxonomy":"post_tag","embeddable":true,"href":"https:\/\/acronoticias.com\/index.php\/wp-json\/wp\/v2\/tags?post=26855"}],"curies":[{"name":"wp","href":"https:\/\/api.w.org\/{rel}","templated":true}]}}