{"id":26853,"date":"2026-03-11T10:08:49","date_gmt":"2026-03-11T10:08:49","guid":{"rendered":"https:\/\/acronoticias.com\/index.php\/2026\/03\/11\/buque-espanol-sebastian-de-elcano-llega-al-puerto-de-santo-domingo\/"},"modified":"2026-03-11T10:08:49","modified_gmt":"2026-03-11T10:08:49","slug":"buque-espanol-sebastian-de-elcano-llega-al-puerto-de-santo-domingo","status":"publish","type":"post","link":"https:\/\/acronoticias.com\/index.php\/2026\/03\/11\/buque-espanol-sebastian-de-elcano-llega-al-puerto-de-santo-domingo\/","title":{"rendered":"Buque espa\u00f1ol Sebasti\u00e1n de Elcano llega al puerto de Santo Domingo"},"content":{"rendered":"<div data-td-block-uid=\"tdi_101\">\n<div class=\"tdb-block-inner td-fix-index\">\n<p><strong>Santo Domingo.- <\/strong>El <strong>buque escuela de la Armada de Espa\u00f1a \u2018Juan Sebasti\u00e1n de Elcano\u2019<\/strong> lleg\u00f3 este martes a Santo Domingo como parte de un viaje alrededor del mundo para contribuir a la acci\u00f3n diplom\u00e1tica del pa\u00eds europeo y a la <strong>preparaci\u00f3n y formaci\u00f3n de los futuros oficiales de la Armada espa\u00f1ola<\/strong>.<\/p>\n<p>El buque, que el 5 de marzo de 2027 cumplir\u00e1 100 a\u00f1os de su primer viaje, atrac\u00f3 en el muelle de Punta Torrecilla, en Santo Domingo, donde permanecer\u00e1 hasta el 15 de marzo.<\/p>\n<p>El <strong>Juan Sebasti\u00e1n de Elcano<\/strong> inici\u00f3 el 10 de enero pasado su 98 Crucero de Instrucci\u00f3n, partiendo del puerto de C\u00e1diz, su base, con 73 guardiamarinas de las promociones 428 de Cuerpo General y 158 de Infanter\u00eda de Marina a bordo, de acuerdo con un comunicado de la embajada espa\u00f1ola en Santo Domingo.<\/p>\n<p>Tras cruzar el <strong>Atl\u00e1ntico a vela y recalar en Puerto Espa\u00f1a (Trinidad y Tobago) y San Juan (Puerto Rico), el buque continuar\u00e1 por Veracruz (M\u00e9xico), Puerto Lim\u00f3n (Costa Rica) y Curazao.<\/strong><\/p>\n<p>Posteriormente, marchar\u00e1 hacia cuatro puertos en Estados Unidos, incluyendo el 4 de julio en Nueva York, donde festejar\u00e1n los 250 a\u00f1os de la Independencia de EE.UU..<\/p>\n<p>El buque desarrolla durante el viaje dos misiones principales: La formaci\u00f3n integral de los guardiamarinas (marinera, militar, social y humana) como parte del tercer curso de sus cinco a\u00f1os de instrucci\u00f3n en la Escuela Naval Militar, y apoyar la acci\u00f3n exterior del Estado en aquellos puertos que visita.<\/p>\n<p>Considerado uno de los buques escuela m\u00e1s emblem\u00e1ticos del mundo, el velero representa una tradici\u00f3n formativa que combina disciplina naval, diplomacia y proyecci\u00f3n cultural en cada uno de sus puertos de escala.<\/p>\n<\/div>\n<\/div>\n","protected":false},"excerpt":{"rendered":"<p>Santo Domingo.- El buque escuela de la Armada de Espa\u00f1a \u2018Juan Sebasti\u00e1n de Elcano\u2019 lleg\u00f3 este martes a Santo Domingo como parte de un viaje alrededor del mundo para contribuir a la acci\u00f3n diplom\u00e1tica del pa\u00eds europeo y a la preparaci\u00f3n y formaci\u00f3n de los futuros oficiales de la Armada espa\u00f1ola. El buque, que el<\/p>\n","protected":false},"author":1,"featured_media":26854,"comment_status":"open","ping_status":"open","sticky":false,"template":"","format":"standard","meta":{"footnotes":""},"categories":[1],"tags":[],"class_list":["post-26853","post","type-post","status-publish","format-standard","has-post-thumbnail","hentry","category-nacionales"],"_links":{"self":[{"href":"https:\/\/acronoticias.com\/index.php\/wp-json\/wp\/v2\/posts\/26853","targetHints":{"allow":["GET"]}}],"collection":[{"href":"https:\/\/acronoticias.com\/index.php\/wp-json\/wp\/v2\/posts"}],"about":[{"href":"https:\/\/acronoticias.com\/index.php\/wp-json\/wp\/v2\/types\/post"}],"author":[{"embeddable":true,"href":"https:\/\/acronoticias.com\/index.php\/wp-json\/wp\/v2\/users\/1"}],"replies":[{"embeddable":true,"href":"https:\/\/acronoticias.com\/index.php\/wp-json\/wp\/v2\/comments?post=26853"}],"version-history":[{"count":0,"href":"https:\/\/acronoticias.com\/index.php\/wp-json\/wp\/v2\/posts\/26853\/revisions"}],"wp:featuredmedia":[{"embeddable":true,"href":"https:\/\/acronoticias.com\/index.php\/wp-json\/wp\/v2\/media\/26854"}],"wp:attachment":[{"href":"https:\/\/acronoticias.com\/index.php\/wp-json\/wp\/v2\/media?parent=26853"}],"wp:term":[{"taxonomy":"category","embeddable":true,"href":"https:\/\/acronoticias.com\/index.php\/wp-json\/wp\/v2\/categories?post=26853"},{"taxonomy":"post_tag","embeddable":true,"href":"https:\/\/acronoticias.com\/index.php\/wp-json\/wp\/v2\/tags?post=26853"}],"curies":[{"name":"wp","href":"https:\/\/api.w.org\/{rel}","templated":true}]}}