{"id":26851,"date":"2026-03-11T09:53:15","date_gmt":"2026-03-11T09:53:15","guid":{"rendered":"https:\/\/acronoticias.com\/index.php\/2026\/03\/11\/embajador-israeli-en-rd-advierte-sobre-amenaza-del-programa-nuclear-de-iran-en-medio-oriente\/"},"modified":"2026-03-11T09:53:15","modified_gmt":"2026-03-11T09:53:15","slug":"embajador-israeli-en-rd-advierte-sobre-amenaza-del-programa-nuclear-de-iran-en-medio-oriente","status":"publish","type":"post","link":"https:\/\/acronoticias.com\/index.php\/2026\/03\/11\/embajador-israeli-en-rd-advierte-sobre-amenaza-del-programa-nuclear-de-iran-en-medio-oriente\/","title":{"rendered":"Embajador israel\u00ed en RD advierte sobre amenaza del programa nuclear de Ir\u00e1n en Medio Oriente"},"content":{"rendered":"<div>\n<p><strong>SANTO DOMINGO.<\/strong> El <strong>embajador de Israel<\/strong> en Rep\u00fablica Dominicana, <strong>Raslan Abu Rukun<\/strong>, advirti\u00f3 que el programa nuclear de Ir\u00e1n representa una seria amenaza para la estabilidad y seguridad de su pa\u00eds y de todo el Medio Oriente.<\/p>\n<p>Durante una entrevista en el programa <strong>\u201cDe Entero Cr\u00e9dito\u201d<\/strong>, conducido por el periodista <strong>H\u00e9ctor Herrera Cabral<\/strong>, el diplom\u00e1tico afirm\u00f3 que la <strong>Organizaci\u00f3n de las Naciones Unidas (ONU) <\/strong>tiene conocimiento de que Ir\u00e1n no ha desistido en su objetivo de desarrollar armas nucleares, pese a mantener una estrategia de negociaci\u00f3n con el r\u00e9gimen de los ayatol\u00e1s.<\/p>\n<p>Seg\u00fan Abu Rukun, el eventual desarrollo de armamento nuclear, combinado con misiles bal\u00edsticos, aumentar\u00eda el riesgo de una escalada regional y dificultar\u00eda cualquier intento de contenci\u00f3n.<\/p>\n<p>El embajador responsabiliz\u00f3 al r\u00e9gimen iran\u00ed de respaldar m\u00faltiples ataques terroristas en la regi\u00f3n y lo acus\u00f3 de estar vinculado a hechos de violencia que, seg\u00fan indic\u00f3, han provocado la muerte de m\u00e1s de 30 mil civiles en los \u00faltimos meses.<\/p>\n<p>En ese contexto, explic\u00f3 que fuerzas de Israel y de Estados Unidos han ejecutado operaciones contra bases militares asociadas a Ir\u00e1n. No obstante, asegur\u00f3 que las represalias recibidas han tenido como objetivo centros civiles.<\/p>\n<p>\u201cNunca fue el objetivo de Israel atacar civiles\u201d, afirm\u00f3 el diplom\u00e1tico, quien tambi\u00e9n confirm\u00f3 que en dichas operaciones murieron varios l\u00edderes del r\u00e9gimen iran\u00ed.<\/p>\n<figure class=\"wp-block-embed is-type-video is-provider-youtube wp-block-embed-youtube wp-embed-aspect-4-3 wp-has-aspect-ratio\">\n<p>\n<span class=\"embed-youtube\" style=\"text-align:center; display: block;\"><iframe loading=\"lazy\" title=\"Entrevista: Raslan Abu Rukun Embajador de Israel en RD, De Entero Credito con Hector Herrera Cabral\" width=\"960\" height=\"720\" src=\"https:\/\/www.youtube.com\/embed\/0Kbkf5H4h2I?feature=oembed\" frameborder=\"0\" allow=\"accelerometer; autoplay; clipboard-write; encrypted-media; gyroscope; picture-in-picture; web-share\" referrerpolicy=\"strict-origin-when-cross-origin\" allowfullscreen><\/iframe><\/span>\n<\/p>\n<\/figure>\n<p>Abu Rukun se\u00f1al\u00f3 que la decisi\u00f3n de atacar determinadas posiciones fue impulsada por el presidente estadounidense <strong>Donald Trump<\/strong>, quien expres\u00f3 su postura y convenci\u00f3 al primer ministro israel\u00ed <strong>Benjamin Netanyahu<\/strong>.<\/p>\n<p>Al referirse a las consecuencias del conflicto, el embajador indic\u00f3 que los l\u00edderes regionales consideran que Ir\u00e1n avanzar\u00e1 hasta alcanzar sus objetivos. Entre los escenarios planteados, mencion\u00f3 la posibilidad de un cambio de gobierno en ese pa\u00eds.<\/p>\n<figure class=\"wp-block-image size-large\"><img data-recalc-dims=\"1\" fetchpriority=\"high\" decoding=\"async\" width=\"696\" height=\"400\" data-attachment-id=\"490189\" data-permalink=\"https:\/\/rnn.com.do\/embajador-israeli-en-rd-advierte-sobre-amenaza-del-programa-nuclear-de-iran-en-medio-oriente\/image-3635\/\" data-orig-file=\"https:\/\/i0.wp.com\/rnn.com.do\/wp-content\/uploads\/2026\/03\/image-65.png?fit=1328%2C763&amp;ssl=1\" data-orig-size=\"1328,763\" data-comments-opened=\"1\" data-image-meta=\"{&quot;aperture&quot;:&quot;0&quot;,&quot;credit&quot;:&quot;&quot;,&quot;camera&quot;:&quot;&quot;,&quot;caption&quot;:&quot;&quot;,&quot;created_timestamp&quot;:&quot;0&quot;,&quot;copyright&quot;:&quot;&quot;,&quot;focal_length&quot;:&quot;0&quot;,&quot;iso&quot;:&quot;0&quot;,&quot;shutter_speed&quot;:&quot;0&quot;,&quot;title&quot;:&quot;&quot;,&quot;orientation&quot;:&quot;0&quot;}\" data-image-title=\"image\" data-image-description=\"\" data-image-caption=\"\" data-medium-file=\"https:\/\/i0.wp.com\/rnn.com.do\/wp-content\/uploads\/2026\/03\/image-65.png?fit=300%2C172&amp;ssl=1\" data-large-file=\"https:\/\/i0.wp.com\/rnn.com.do\/wp-content\/uploads\/2026\/03\/image-65.png?fit=696%2C400&amp;ssl=1\" src=\"https:\/\/i0.wp.com\/rnn.com.do\/wp-content\/uploads\/2026\/03\/image-65.png?resize=696%2C400&amp;ssl=1\" alt=\"\" class=\"wp-image-490189\" srcset=\"https:\/\/i0.wp.com\/rnn.com.do\/wp-content\/uploads\/2026\/03\/image-65.png?resize=1024%2C588&amp;ssl=1 1024w, https:\/\/i0.wp.com\/rnn.com.do\/wp-content\/uploads\/2026\/03\/image-65.png?resize=300%2C172&amp;ssl=1 300w, https:\/\/i0.wp.com\/rnn.com.do\/wp-content\/uploads\/2026\/03\/image-65.png?resize=768%2C441&amp;ssl=1 768w, https:\/\/i0.wp.com\/rnn.com.do\/wp-content\/uploads\/2026\/03\/image-65.png?resize=731%2C420&amp;ssl=1 731w, https:\/\/i0.wp.com\/rnn.com.do\/wp-content\/uploads\/2026\/03\/image-65.png?resize=150%2C86&amp;ssl=1 150w, https:\/\/i0.wp.com\/rnn.com.do\/wp-content\/uploads\/2026\/03\/image-65.png?resize=696%2C400&amp;ssl=1 696w, https:\/\/i0.wp.com\/rnn.com.do\/wp-content\/uploads\/2026\/03\/image-65.png?resize=1068%2C614&amp;ssl=1 1068w, https:\/\/i0.wp.com\/rnn.com.do\/wp-content\/uploads\/2026\/03\/image-65.png?w=1328&amp;ssl=1 1328w\" sizes=\"(max-width: 696px) 100vw, 696px\"\/><\/figure>\n<p>Finalmente, el diplom\u00e1tico subray\u00f3 que Israel no tiene conflictos con el pueblo del L\u00edbano, diferenciando a la poblaci\u00f3n civil de las estructuras pol\u00edticas o militares que operan en esa zona.<\/p>\n<\/div>\n","protected":false},"excerpt":{"rendered":"<p>SANTO DOMINGO. El embajador de Israel en Rep\u00fablica Dominicana, Raslan Abu Rukun, advirti\u00f3 que el programa nuclear de Ir\u00e1n representa una seria amenaza para la estabilidad y seguridad de su pa\u00eds y de todo el Medio Oriente. Durante una entrevista en el programa \u201cDe Entero Cr\u00e9dito\u201d, conducido por el periodista H\u00e9ctor Herrera Cabral, el diplom\u00e1tico<\/p>\n","protected":false},"author":1,"featured_media":26852,"comment_status":"open","ping_status":"open","sticky":false,"template":"","format":"standard","meta":{"footnotes":""},"categories":[1],"tags":[],"class_list":["post-26851","post","type-post","status-publish","format-standard","has-post-thumbnail","hentry","category-nacionales"],"_links":{"self":[{"href":"https:\/\/acronoticias.com\/index.php\/wp-json\/wp\/v2\/posts\/26851","targetHints":{"allow":["GET"]}}],"collection":[{"href":"https:\/\/acronoticias.com\/index.php\/wp-json\/wp\/v2\/posts"}],"about":[{"href":"https:\/\/acronoticias.com\/index.php\/wp-json\/wp\/v2\/types\/post"}],"author":[{"embeddable":true,"href":"https:\/\/acronoticias.com\/index.php\/wp-json\/wp\/v2\/users\/1"}],"replies":[{"embeddable":true,"href":"https:\/\/acronoticias.com\/index.php\/wp-json\/wp\/v2\/comments?post=26851"}],"version-history":[{"count":0,"href":"https:\/\/acronoticias.com\/index.php\/wp-json\/wp\/v2\/posts\/26851\/revisions"}],"wp:featuredmedia":[{"embeddable":true,"href":"https:\/\/acronoticias.com\/index.php\/wp-json\/wp\/v2\/media\/26852"}],"wp:attachment":[{"href":"https:\/\/acronoticias.com\/index.php\/wp-json\/wp\/v2\/media?parent=26851"}],"wp:term":[{"taxonomy":"category","embeddable":true,"href":"https:\/\/acronoticias.com\/index.php\/wp-json\/wp\/v2\/categories?post=26851"},{"taxonomy":"post_tag","embeddable":true,"href":"https:\/\/acronoticias.com\/index.php\/wp-json\/wp\/v2\/tags?post=26851"}],"curies":[{"name":"wp","href":"https:\/\/api.w.org\/{rel}","templated":true}]}}