{"id":26849,"date":"2026-03-11T09:41:16","date_gmt":"2026-03-11T09:41:16","guid":{"rendered":"https:\/\/acronoticias.com\/index.php\/2026\/03\/11\/brasil-exige-a-tiktok-frenar-tendencia-de-violencia-machista\/"},"modified":"2026-03-11T09:41:16","modified_gmt":"2026-03-11T09:41:16","slug":"brasil-exige-a-tiktok-frenar-tendencia-de-violencia-machista","status":"publish","type":"post","link":"https:\/\/acronoticias.com\/index.php\/2026\/03\/11\/brasil-exige-a-tiktok-frenar-tendencia-de-violencia-machista\/","title":{"rendered":"Brasil exige a TikTok frenar tendencia de violencia machista"},"content":{"rendered":"<div id=\"nota-texto\">\n<p><strong>S\u00e3o Paulo.<\/strong>\u2013 El <strong>Gobierno de Brasil<\/strong> otorg\u00f3 un plazo de <strong>cinco d\u00edas<\/strong> a la red social <strong>TikTok<\/strong> para que explique qu\u00e9 medidas ha tomado para eliminar una <strong>tendencia de videos que glorifican la violencia contra las mujeres<\/strong>, seg\u00fan informaron este martes fuentes oficiales.<\/p>\n<p>El <strong>Ministerio de Justicia y Seguridad P\u00fablica<\/strong> envi\u00f3 un oficio a la plataforma china tras detectar la <strong>circulaci\u00f3n masiva de contenidos mis\u00f3ginos<\/strong> vinculados a la tendencia <strong>\u201cEn caso de que ella diga no\u201d<\/strong>, la cual se viraliz\u00f3 durante el <strong>D\u00eda Internacional de la Mujer<\/strong>.<\/p>\n<p>El caso tambi\u00e9n qued\u00f3 en manos de la <strong>Polic\u00eda Federal de Brasil<\/strong>, que abri\u00f3 una <strong>investigaci\u00f3n<\/strong> a solicitud de la <strong>Abogac\u00eda General del Estado<\/strong>.<\/p>\n<h3 class=\"wp-block-heading\">Videos violentos y mensajes que justificaban agresiones<\/h3>\n<p>En los \u00faltimos d\u00edas se multiplicaron publicaciones en las que aparec\u00edan <strong>j\u00f3venes simulando patadas, pu\u00f1etazos y apu\u00f1alamientos<\/strong> contra <strong>maniqu\u00edes que representaban figuras femeninas<\/strong>.<\/p>\n<p>Junto a esas im\u00e1genes que posteriormente fueron <strong>retiradas de la plataforma<\/strong> se difund\u00edan mensajes que <strong>justificaban la violencia<\/strong> en caso de que un hombre fuera rechazado por una mujer, seg\u00fan explic\u00f3 el Gobierno en una nota oficial.<\/p>\n<p>Ante esta situaci\u00f3n, la administraci\u00f3n del presidente <strong>Luiz In\u00e1cio Lula da Silva<\/strong> solicit\u00f3 a <strong>TikTok Brasil<\/strong> informaci\u00f3n detallada sobre sus <strong>sistemas de moderaci\u00f3n autom\u00e1tica de contenidos<\/strong> y los mecanismos de <strong>revisi\u00f3n humana<\/strong> que utiliza la plataforma.<\/p>\n<p>Tambi\u00e9n pidi\u00f3 datos sobre el <strong>monitoreo de tendencias emergentes<\/strong> y los <strong>controles aplicados al algoritmo de recomendaci\u00f3n<\/strong>, con el objetivo de determinar c\u00f3mo se difundieron estos contenidos.<\/p>\n<figure class=\"wp-block-image size-full\"><img fetchpriority=\"high\" decoding=\"async\" width=\"800\" height=\"533\" src=\"https:\/\/multimedia.noticiassin.com\/wp-content\/uploads\/2026\/03\/brasil-pide-explicaciones-a-tiktok-por-la-tendencia-que-ensalza-la-violencia-mac-20260311-014208-l4oK.png\" alt=\"\" class=\"wp-image-1963419 lazy\" srcset=\"https:\/\/multimedia.noticiassin.com\/wp-content\/uploads\/2026\/03\/brasil-pide-explicaciones-a-tiktok-por-la-tendencia-que-ensalza-la-violencia-mac-20260311-014208-l4oK.png 800w, https:\/\/multimedia.noticiassin.com\/wp-content\/uploads\/2026\/03\/brasil-pide-explicaciones-a-tiktok-por-la-tendencia-que-ensalza-la-violencia-mac-20260311-014208-l4oK-768x512.png 768w, https:\/\/multimedia.noticiassin.com\/wp-content\/uploads\/2026\/03\/brasil-pide-explicaciones-a-tiktok-por-la-tendencia-que-ensalza-la-violencia-mac-20260311-014208-l4oK-1200x800.png 1200w\" data-sizes=\"(max-width: 800px) 100vw, 800px\"\/><\/figure>\n<h3 class=\"wp-block-heading\">Investigaci\u00f3n y an\u00e1lisis de perfiles<\/h3>\n<ul class=\"wp-block-list\">\n<li>La red social deber\u00e1 presentar adem\u00e1s una <strong>evaluaci\u00f3n de riesgos<\/strong> sobre la posible recurrencia de este tipo de publicaciones.<\/li>\n<\/ul>\n<p>Asimismo, tendr\u00e1 que informar si los <strong>perfiles responsables de difundir los videos<\/strong> fueron <strong>monetizados<\/strong> o recibieron alg\u00fan tipo de <strong>beneficio econ\u00f3mico<\/strong> dentro de la plataforma.<\/p>\n<p>En paralelo, las autoridades brasile\u00f1as analizar\u00e1n <strong>metadatos y registros digitales<\/strong> para ayudar a <strong>identificar a las personas detr\u00e1s de los perfiles<\/strong> que promovieron estos contenidos de apolog\u00eda a la violencia contra las mujeres.<\/p>\n<p>Un <strong>estudio universitario<\/strong> citado en la denuncia gubernamental se\u00f1ala que Brasil registr\u00f3 <strong>6,900 v\u00edctimas de feminicidio<\/strong>, consumado o en grado de tentativa, durante <strong>2025<\/strong>, lo que representa un <strong>aumento del 34 %<\/strong> respecto a 2024.<\/p>\n<p>Frente a este escenario, el pasado <strong>4 de febrero<\/strong> las c\u00fapulas de los poderes <strong>Ejecutivo, Legislativo y Judicial<\/strong> firmaron un <strong>pacto de Estado contra los feminicidios<\/strong>, con el objetivo de <strong>proteger a las mujeres, prevenir la violencia y responsabilizar a los agresores<\/strong>.<\/p>\n<\/div>\n","protected":false},"excerpt":{"rendered":"<p>S\u00e3o Paulo.\u2013 El Gobierno de Brasil otorg\u00f3 un plazo de cinco d\u00edas a la red social TikTok para que explique qu\u00e9 medidas ha tomado para eliminar una tendencia de videos que glorifican la violencia contra las mujeres, seg\u00fan informaron este martes fuentes oficiales. El Ministerio de Justicia y Seguridad P\u00fablica envi\u00f3 un oficio a la<\/p>\n","protected":false},"author":1,"featured_media":26850,"comment_status":"open","ping_status":"open","sticky":false,"template":"","format":"standard","meta":{"footnotes":""},"categories":[3],"tags":[],"class_list":["post-26849","post","type-post","status-publish","format-standard","has-post-thumbnail","hentry","category-internacionales"],"_links":{"self":[{"href":"https:\/\/acronoticias.com\/index.php\/wp-json\/wp\/v2\/posts\/26849","targetHints":{"allow":["GET"]}}],"collection":[{"href":"https:\/\/acronoticias.com\/index.php\/wp-json\/wp\/v2\/posts"}],"about":[{"href":"https:\/\/acronoticias.com\/index.php\/wp-json\/wp\/v2\/types\/post"}],"author":[{"embeddable":true,"href":"https:\/\/acronoticias.com\/index.php\/wp-json\/wp\/v2\/users\/1"}],"replies":[{"embeddable":true,"href":"https:\/\/acronoticias.com\/index.php\/wp-json\/wp\/v2\/comments?post=26849"}],"version-history":[{"count":0,"href":"https:\/\/acronoticias.com\/index.php\/wp-json\/wp\/v2\/posts\/26849\/revisions"}],"wp:featuredmedia":[{"embeddable":true,"href":"https:\/\/acronoticias.com\/index.php\/wp-json\/wp\/v2\/media\/26850"}],"wp:attachment":[{"href":"https:\/\/acronoticias.com\/index.php\/wp-json\/wp\/v2\/media?parent=26849"}],"wp:term":[{"taxonomy":"category","embeddable":true,"href":"https:\/\/acronoticias.com\/index.php\/wp-json\/wp\/v2\/categories?post=26849"},{"taxonomy":"post_tag","embeddable":true,"href":"https:\/\/acronoticias.com\/index.php\/wp-json\/wp\/v2\/tags?post=26849"}],"curies":[{"name":"wp","href":"https:\/\/api.w.org\/{rel}","templated":true}]}}