{"id":26843,"date":"2026-03-11T09:21:57","date_gmt":"2026-03-11T09:21:57","guid":{"rendered":"https:\/\/acronoticias.com\/index.php\/2026\/03\/11\/presidente-abinader-viaja-a-chile-para-transmision-de-mando-del-mandatario-electo-jose-antonio-kast-rist\/"},"modified":"2026-03-11T09:21:57","modified_gmt":"2026-03-11T09:21:57","slug":"presidente-abinader-viaja-a-chile-para-transmision-de-mando-del-mandatario-electo-jose-antonio-kast-rist","status":"publish","type":"post","link":"https:\/\/acronoticias.com\/index.php\/2026\/03\/11\/presidente-abinader-viaja-a-chile-para-transmision-de-mando-del-mandatario-electo-jose-antonio-kast-rist\/","title":{"rendered":"Presidente Abinader viaja a Chile para transmisi\u00f3n de mando del mandatario electo Jos\u00e9 Antonio Kast Rist"},"content":{"rendered":"<div id=\"mvp-content-main\">\n<p>Santo Domingo.- El presidente Luis Abinader sali\u00f3 este martes a la Rep\u00fablica de Chile para participar en los actos oficiales de la transmisi\u00f3n de mando presidencial de esa naci\u00f3n sudamericana, donde asumir\u00e1 el nuevo mandatario chileno, Jos\u00e9 Antonio Kast Rist.<\/p>\n<p>A su llegada a territorio chileno como parte de la agenda oficial, el mandatario dominicano sostendr\u00e1 un saludo protocolar junto a otros jefes de Estado y de Gobierno con el presidente de Chile, Gabriel Boric, en el Palacio de La Moneda.<\/p>\n<p>En este encuentro participar\u00e1n el presidente dominicano, la primera dama Raquel Arbaje, el ministro de Relaciones Exteriores y Adriana Abinader Arbaje.<\/p>\n<p>Posteriormente, el jefe de Estado asistir\u00e1 a una recepci\u00f3n ofrecida por el presidente Gabriel Boric para las delegaciones internacionales invitadas.<\/p>\n<p>*Ceremonia de transmisi\u00f3n de mando presidencial*<\/p>\n<p>La agenda oficial continuar\u00e1 el mi\u00e9rcoles con la solemne ceremonia de transmisi\u00f3n del mando presidencial y la juramentaci\u00f3n del nuevo gabinete en el Sal\u00f3n de Honor del Congreso Nacional, en Valpara\u00edso, donde Jos\u00e9 Antonio Kast recibir\u00e1 la banda presidencial y asumir\u00e1 formalmente como presidente de Chile.<\/p>\n<p>M\u00e1s tarde, Abinader participar\u00e1 en un almuerzo ofrecido por el presidente Jos\u00e9 Antonio Kast y la primera dama de Chile, Mar\u00eda P\u00eda Adriasola de Kast, en honor a los jefes de Estado y autoridades invitadas.<\/p>\n<p><strong>Regreso al pa\u00eds<\/strong><\/p>\n<p>Tras concluir las actividades oficiales, el presidente Abinader y su delegaci\u00f3n retornar\u00e1n el mi\u00e9rcoles a la Rep\u00fablica Dominicana.<\/p>\n<\/div>\n","protected":false},"excerpt":{"rendered":"<p>Santo Domingo.- El presidente Luis Abinader sali\u00f3 este martes a la Rep\u00fablica de Chile para participar en los actos oficiales de la transmisi\u00f3n de mando presidencial de esa naci\u00f3n sudamericana, donde asumir\u00e1 el nuevo mandatario chileno, Jos\u00e9 Antonio Kast Rist. A su llegada a territorio chileno como parte de la agenda oficial, el mandatario dominicano<\/p>\n","protected":false},"author":1,"featured_media":26844,"comment_status":"open","ping_status":"open","sticky":false,"template":"","format":"standard","meta":{"footnotes":""},"categories":[1],"tags":[],"class_list":["post-26843","post","type-post","status-publish","format-standard","has-post-thumbnail","hentry","category-nacionales"],"_links":{"self":[{"href":"https:\/\/acronoticias.com\/index.php\/wp-json\/wp\/v2\/posts\/26843","targetHints":{"allow":["GET"]}}],"collection":[{"href":"https:\/\/acronoticias.com\/index.php\/wp-json\/wp\/v2\/posts"}],"about":[{"href":"https:\/\/acronoticias.com\/index.php\/wp-json\/wp\/v2\/types\/post"}],"author":[{"embeddable":true,"href":"https:\/\/acronoticias.com\/index.php\/wp-json\/wp\/v2\/users\/1"}],"replies":[{"embeddable":true,"href":"https:\/\/acronoticias.com\/index.php\/wp-json\/wp\/v2\/comments?post=26843"}],"version-history":[{"count":0,"href":"https:\/\/acronoticias.com\/index.php\/wp-json\/wp\/v2\/posts\/26843\/revisions"}],"wp:featuredmedia":[{"embeddable":true,"href":"https:\/\/acronoticias.com\/index.php\/wp-json\/wp\/v2\/media\/26844"}],"wp:attachment":[{"href":"https:\/\/acronoticias.com\/index.php\/wp-json\/wp\/v2\/media?parent=26843"}],"wp:term":[{"taxonomy":"category","embeddable":true,"href":"https:\/\/acronoticias.com\/index.php\/wp-json\/wp\/v2\/categories?post=26843"},{"taxonomy":"post_tag","embeddable":true,"href":"https:\/\/acronoticias.com\/index.php\/wp-json\/wp\/v2\/tags?post=26843"}],"curies":[{"name":"wp","href":"https:\/\/api.w.org\/{rel}","templated":true}]}}