{"id":26833,"date":"2026-03-11T07:40:08","date_gmt":"2026-03-11T07:40:08","guid":{"rendered":"https:\/\/acronoticias.com\/index.php\/2026\/03\/11\/realizan-exitosa-jornada-de-inscripcion-de-coopnaprensa-en-puerto-plata\/"},"modified":"2026-03-11T07:40:08","modified_gmt":"2026-03-11T07:40:08","slug":"realizan-exitosa-jornada-de-inscripcion-de-coopnaprensa-en-puerto-plata","status":"publish","type":"post","link":"https:\/\/acronoticias.com\/index.php\/2026\/03\/11\/realizan-exitosa-jornada-de-inscripcion-de-coopnaprensa-en-puerto-plata\/","title":{"rendered":"Realizan exitosa jornada de inscripci\u00f3n de Coopnaprensa en Puerto Plata"},"content":{"rendered":"<div id=\"mvp-content-main\">\n<p>\u2013<strong>Periodistas y otros trabajadores de la prensa de Puerto Plata se inscribieron masivamente en Coopnaprensa<\/strong>\u2013<\/p>\n<p><strong>Puerto Plata.-<\/strong> Se realiz\u00f3 con gran entusiasmo y \u00e9xito la masiva Jornada de Inscripci\u00f3n en la Cooperativa Nacional de Servicios M\u00faltiples de la Prensa (<strong>Coopnaprensa<\/strong>) en Puerto Plata, el pasado s\u00e1bado 7 de marzo de 10:30 a.m. a 3:00 p.m., en el local seccional CDP-SNTP de la provincia.<\/p>\n<p>La referida Jornada de Inscripci\u00f3n se llev\u00f3 a cabo con la presencia de la veterana periodista g<strong>remialista Mercedes Castillo<\/strong>, expresidenta del <strong>Colegio Dominicano de Periodistas (CDP)<\/strong>, ahora de Coopnaprensa, Luis Ruffin Castro, vocal de la cooperativa, Rafael D\u00edaz G\u00f2mez, dirigente nacional CDP, Manuel Gilbert, secretario general de la seccional CDP Puerto Plata, Jos\u00e9 Bierd, secretario general filial del Sindicato Nacional de Trabajadores de la Prensa (SNTP).<\/p>\n<p>Igualmente, particip\u00f3 el veterano periodista <strong>Augusto V\u00e1squez<\/strong>, director del peri\u00f3dico El Faro, representantes de asociaciones especializadas de periodismo y a los m\u00e1s de 40 de periodistas, camar\u00f3grafos, fot\u00f3grafos de prensa, locutores entre otros trabajadores de los medios de comunicaci\u00f3n que se inscribieron en Puerto Plata.<\/p>\n<p>La mesa de inscripci\u00f3n estuvo encabezada por el veterano periodista gremialista Rafael D\u00edaz G\u00f3mez, Mercedes Castillo, Manuel Gilbert y Jos\u00e9 Bierd, quien dio la bienvenida a los presentes y ponder\u00f3 la importancia de Coopnaprensa e invit\u00f3 al micr\u00f3fono a la presidenta de la cooperativa a dar palabras de motivaci\u00f3n.<\/p>\n<p>Mercedes Castillo, saludo con deferencia al liderazgo period\u00edstico puertoplate\u00f1o y a los colegas presentes en el sal\u00f3n de actos, agradeciendo la bonita acogida que les dieron. Explic\u00f3 el valor de Coopnaprensa para los periodistas y dem\u00e1s trabajadores de la prensa del pa\u00eds, al tiempo de resaltar la importancia de desarrollar la cooperativa hasta convertirla en la principal opci\u00f3n financiera del sector period\u00edstico nacional, tal y como lo han hecho otros gremios profesionales, modelos a seguir en la materia.<\/p>\n<figure class=\"wp-block-image size-large\"><a href=\"https:\/\/cdn.ultimasnoticias.com.do\/2026\/03\/Captura-de-pantalla-2026-03-10-a-las-9.13.04-p.-m.png\"><img loading=\"lazy\" decoding=\"async\" width=\"838\" height=\"1024\" alt=\"Captura De Pantalla 2026 03 10 A Las 9.13.04 P. M\" class=\"wp-image-215196 cwvlazyload\" src=\"https:\/\/cdn.ultimasnoticias.com.do\/2026\/03\/Captura-de-pantalla-2026-03-10-a-las-9.13.04-p.-m-838x1024.png\" srcset=\"https:\/\/cdn.ultimasnoticias.com.do\/2026\/03\/Captura-de-pantalla-2026-03-10-a-las-9.13.04-p.-m-838x1024.png 838w, https:\/\/cdn.ultimasnoticias.com.do\/2026\/03\/Captura-de-pantalla-2026-03-10-a-las-9.13.04-p.-m-245x300.png 245w, https:\/\/cdn.ultimasnoticias.com.do\/2026\/03\/Captura-de-pantalla-2026-03-10-a-las-9.13.04-p.-m-768x939.png 768w, https:\/\/cdn.ultimasnoticias.com.do\/2026\/03\/Captura-de-pantalla-2026-03-10-a-las-9.13.04-p.-m.png 1224w\" data-sizes=\"(max-width: 838px) 100vw, 838px\"\/><\/a><\/figure>\n<p>Dijo que la jornada forma parte del programa de actividades para materializar el Plan Operativo Anual de Coopnaprensa 2025-28, que contempla inscripciones masivas a nivel nacional e internacional, capitalizaci\u00f3n, servicios m\u00faltiples para beneficios de los socios y sus familias.<\/p>\n<p>Igualmente, se crear\u00e1n los Distritos Cooperativos de Coopnaprensa en todos los locales de las seccionales del CDP, dentro de las metas a lograr a corto y mediano plazo.<\/p>\n<p>Coopnaprensa fue fundada el 6 de agosto del 2005 por l\u00edderes gremiales hist\u00f3ricos del periodismo nacional, entre ellos, Frank Pe\u00f1a Tapia (f), Rafael M\u00e9ndez, Jos\u00e9 Bujosa Mieses, Jos\u00e9 Tejada G\u00f3mez, Aurelio Henr\u00edquez, Francisca Ram\u00edrez. Funciona en el 2do.nivel del CDP Distrito Nacional, de lunes a viernes de 9:00 a.m. a 4:00 p.m.<\/p>\n<\/div>\n","protected":false},"excerpt":{"rendered":"<p>\u2013Periodistas y otros trabajadores de la prensa de Puerto Plata se inscribieron masivamente en Coopnaprensa\u2013 Puerto Plata.- Se realiz\u00f3 con gran entusiasmo y \u00e9xito la masiva Jornada de Inscripci\u00f3n en la Cooperativa Nacional de Servicios M\u00faltiples de la Prensa (Coopnaprensa) en Puerto Plata, el pasado s\u00e1bado 7 de marzo de 10:30 a.m. a 3:00 p.m.,<\/p>\n","protected":false},"author":1,"featured_media":26834,"comment_status":"open","ping_status":"open","sticky":false,"template":"","format":"standard","meta":{"footnotes":""},"categories":[1],"tags":[],"class_list":["post-26833","post","type-post","status-publish","format-standard","has-post-thumbnail","hentry","category-nacionales"],"_links":{"self":[{"href":"https:\/\/acronoticias.com\/index.php\/wp-json\/wp\/v2\/posts\/26833","targetHints":{"allow":["GET"]}}],"collection":[{"href":"https:\/\/acronoticias.com\/index.php\/wp-json\/wp\/v2\/posts"}],"about":[{"href":"https:\/\/acronoticias.com\/index.php\/wp-json\/wp\/v2\/types\/post"}],"author":[{"embeddable":true,"href":"https:\/\/acronoticias.com\/index.php\/wp-json\/wp\/v2\/users\/1"}],"replies":[{"embeddable":true,"href":"https:\/\/acronoticias.com\/index.php\/wp-json\/wp\/v2\/comments?post=26833"}],"version-history":[{"count":0,"href":"https:\/\/acronoticias.com\/index.php\/wp-json\/wp\/v2\/posts\/26833\/revisions"}],"wp:featuredmedia":[{"embeddable":true,"href":"https:\/\/acronoticias.com\/index.php\/wp-json\/wp\/v2\/media\/26834"}],"wp:attachment":[{"href":"https:\/\/acronoticias.com\/index.php\/wp-json\/wp\/v2\/media?parent=26833"}],"wp:term":[{"taxonomy":"category","embeddable":true,"href":"https:\/\/acronoticias.com\/index.php\/wp-json\/wp\/v2\/categories?post=26833"},{"taxonomy":"post_tag","embeddable":true,"href":"https:\/\/acronoticias.com\/index.php\/wp-json\/wp\/v2\/tags?post=26833"}],"curies":[{"name":"wp","href":"https:\/\/api.w.org\/{rel}","templated":true}]}}