{"id":26831,"date":"2026-03-11T07:35:21","date_gmt":"2026-03-11T07:35:21","guid":{"rendered":"https:\/\/acronoticias.com\/index.php\/2026\/03\/11\/defensa-cumplira-fallo-por-desaparicion-forzada-de\/"},"modified":"2026-03-11T07:35:21","modified_gmt":"2026-03-11T07:35:21","slug":"defensa-cumplira-fallo-por-desaparicion-forzada-de","status":"publish","type":"post","link":"https:\/\/acronoticias.com\/index.php\/2026\/03\/11\/defensa-cumplira-fallo-por-desaparicion-forzada-de\/","title":{"rendered":"Defensa cumplir\u00e1 fallo por desaparici\u00f3n forzada de"},"content":{"rendered":"<div id=\"nota-texto\">\n<p>\u00a0El <strong>Ministerio de Defensa<\/strong> de <strong>Ecuador<\/strong> asegur\u00f3 este martes que cumplir\u00e1 con la sentencia de la <strong>Corte Constitucional<\/strong> que declar\u00f3 que los cuatro menores afrodescendientes detenidos por militares en 2024, y posteriormente asesinados, fueron v\u00edctimas de desaparici\u00f3n forzada, y en la que orden\u00f3 que el Estado emita disculpas p\u00fablicas por el hecho, entre otras medidas de reparaci\u00f3n.<\/p>\n<h3 class=\"wp-block-heading\">Cumplimiento de la sentencia<\/h3>\n<p>En relaci\u00f3n con la sentencia de la <strong>Corte Constitucional<\/strong>, se dar\u00e1 cumplimiento a lo dispuesto en el tiempo establecido\u00bb, se\u00f1al\u00f3 el departamento de Comunicaci\u00f3n de <strong>Defensa<\/strong> en un corto mensaje enviado a periodistas.<\/p>\n<ul class=\"wp-block-list\">\n<li>Horas antes, el alto tribunal public\u00f3 una sentencia en la que aceptaba una acci\u00f3n extraordinaria de protecci\u00f3n presentada por los padres y madres de Ismael y Josu\u00e9 Arroyo, de 15 y 14 a\u00f1os, y sus amigos Sa\u00fal Arboleda, de 15, y Steven Medina, de 11, quienes fueron arrestados de manera irregular en la noche del 8 de diciembre de 2024 por dos patrullas militares en los exteriores de un centro comercial del sur de Guayaquil, cerca del barrio Las Malvinas, donde ellos viv\u00edan.<\/li>\n<\/ul>\n<p>Posteriormente, los soldados los trasladaron hacia <strong>Taura<\/strong>, un pueblo ubicado a unos 40 kil\u00f3metros de <strong>Guayaquil<\/strong>, cerca de una base de la <strong>Fuerza A\u00e9rea<\/strong>, donde los golpearon y torturaron, los obligaron a desnudarse y los abandonaron.<\/p>\n<figure class=\"wp-block-image size-full\"><img fetchpriority=\"high\" decoding=\"async\" width=\"640\" height=\"360\" src=\"https:\/\/multimedia.noticiassin.com\/wp-content\/uploads\/2026\/03\/ministerio-de-ecuador-dice-que-cumplira-con-fallo-sobre-desaparicion-forzada-de-20260311-014939-BD9t.webp\" alt=\"\" class=\"wp-image-1963431 lazy\" srcset=\"https:\/\/multimedia.noticiassin.com\/wp-content\/uploads\/2026\/03\/ministerio-de-ecuador-dice-que-cumplira-con-fallo-sobre-desaparicion-forzada-de-20260311-014939-BD9t.webp 640w, https:\/\/multimedia.noticiassin.com\/wp-content\/uploads\/2026\/03\/ministerio-de-ecuador-dice-que-cumplira-con-fallo-sobre-desaparicion-forzada-de-20260311-014939-BD9t-288x162.webp 288w, https:\/\/multimedia.noticiassin.com\/wp-content\/uploads\/2026\/03\/ministerio-de-ecuador-dice-que-cumplira-con-fallo-sobre-desaparicion-forzada-de-20260311-014939-BD9t-588x330.webp 588w, https:\/\/multimedia.noticiassin.com\/wp-content\/uploads\/2026\/03\/ministerio-de-ecuador-dice-que-cumplira-con-fallo-sobre-desaparicion-forzada-de-20260311-014939-BD9t-608x342.webp 608w, https:\/\/multimedia.noticiassin.com\/wp-content\/uploads\/2026\/03\/ministerio-de-ecuador-dice-que-cumplira-con-fallo-sobre-desaparicion-forzada-de-20260311-014939-BD9t-742x418.webp 742w, https:\/\/multimedia.noticiassin.com\/wp-content\/uploads\/2026\/03\/ministerio-de-ecuador-dice-que-cumplira-con-fallo-sobre-desaparicion-forzada-de-20260311-014939-BD9t-150x85.webp 150w, https:\/\/multimedia.noticiassin.com\/wp-content\/uploads\/2026\/03\/ministerio-de-ecuador-dice-que-cumplira-con-fallo-sobre-desaparicion-forzada-de-20260311-014939-BD9t-1200x675.webp 1200w\" data-sizes=\"(max-width: 640px) 100vw, 640px\"\/><\/figure>\n<p>Los restos calcinados de los menores fueron encontrados varios d\u00edas despu\u00e9s en una zona de manglar cercana, y la autopsia determin\u00f3 la existencia de impactos de bala en, al menos, <strong>tres de las v\u00edctimas.<\/strong><\/p>\n<p>El pasado 22 de diciembre, un tribunal penal declar\u00f3 culpables a diecis\u00e9is de diecisiete militares procesados por el delito de desaparici\u00f3n forzada, y los conden\u00f3 a penas de entre treinta meses y<strong> 34 a\u00f1os y ocho meses de prisi\u00f3n.<\/strong><\/p>\n<p>Este caso lleg\u00f3 a la <strong>Corte Constitucional<\/strong> despu\u00e9s de que otro tribunal revoc\u00f3 el a\u00f1o pasado, por apelaci\u00f3n del <strong>Gobierno<\/strong>, un h\u00e1beas corpus que en diciembre de 2019 declar\u00f3 la desaparici\u00f3n forzada de los menores, as\u00ed como la vulneraci\u00f3n de sus derechos a la vida, a la integridad personal, a la supervivencia, entre otros.<\/p>\n<h3 class=\"wp-block-heading\">Revocaci\u00f3n del h\u00e1beas corpus<\/h3>\n<p>En la sentencia de este martes, los jueces constitucionales determinaron que las autoridades judiciales vulneraron el derecho al debido proceso en la garant\u00eda de la motivaci\u00f3n, \u00abal no analizar de manera integral la detenci\u00f3n denunciada ni responder a las pretensiones relevantes planteadas por <strong>los accionantes\u00bb, por lo que dejaron sin efecto el fallo de apelaci\u00f3n.<\/strong><\/p>\n<p>Adem\u00e1s, concluyeron que los ni\u00f1os fueron privados de la libertad de forma ilegal, arbitraria e ileg\u00edtima por patrullas militares y que el <strong>Estado<\/strong> no proporcion\u00f3 informaci\u00f3n inmediata, satisfactoria ni convincente sobre su aprehensi\u00f3n ni sobre su paradero.<\/p>\n<ul class=\"wp-block-list\">\n<li>Por lo que ordenaron que el comandante de la Fuerza A\u00e9rea emita unas disculpas p\u00fablicas en un plazo de dos meses, que el Ministerio de Defensa indemnice a los padres de cada uno de los menores, que se hagan reformas a protocolos internos y leyes y que se declare al 8 de diciembre como d\u00eda en memoria de los ni\u00f1os, entre otras medidas.\u00a0<\/li>\n<\/ul>\n<\/div>\n","protected":false},"excerpt":{"rendered":"<p>\u00a0El Ministerio de Defensa de Ecuador asegur\u00f3 este martes que cumplir\u00e1 con la sentencia de la Corte Constitucional que declar\u00f3 que los cuatro menores afrodescendientes detenidos por militares en 2024, y posteriormente asesinados, fueron v\u00edctimas de desaparici\u00f3n forzada, y en la que orden\u00f3 que el Estado emita disculpas p\u00fablicas por el hecho, entre otras medidas<\/p>\n","protected":false},"author":1,"featured_media":26832,"comment_status":"open","ping_status":"open","sticky":false,"template":"","format":"standard","meta":{"footnotes":""},"categories":[3],"tags":[],"class_list":["post-26831","post","type-post","status-publish","format-standard","has-post-thumbnail","hentry","category-internacionales"],"_links":{"self":[{"href":"https:\/\/acronoticias.com\/index.php\/wp-json\/wp\/v2\/posts\/26831","targetHints":{"allow":["GET"]}}],"collection":[{"href":"https:\/\/acronoticias.com\/index.php\/wp-json\/wp\/v2\/posts"}],"about":[{"href":"https:\/\/acronoticias.com\/index.php\/wp-json\/wp\/v2\/types\/post"}],"author":[{"embeddable":true,"href":"https:\/\/acronoticias.com\/index.php\/wp-json\/wp\/v2\/users\/1"}],"replies":[{"embeddable":true,"href":"https:\/\/acronoticias.com\/index.php\/wp-json\/wp\/v2\/comments?post=26831"}],"version-history":[{"count":0,"href":"https:\/\/acronoticias.com\/index.php\/wp-json\/wp\/v2\/posts\/26831\/revisions"}],"wp:featuredmedia":[{"embeddable":true,"href":"https:\/\/acronoticias.com\/index.php\/wp-json\/wp\/v2\/media\/26832"}],"wp:attachment":[{"href":"https:\/\/acronoticias.com\/index.php\/wp-json\/wp\/v2\/media?parent=26831"}],"wp:term":[{"taxonomy":"category","embeddable":true,"href":"https:\/\/acronoticias.com\/index.php\/wp-json\/wp\/v2\/categories?post=26831"},{"taxonomy":"post_tag","embeddable":true,"href":"https:\/\/acronoticias.com\/index.php\/wp-json\/wp\/v2\/tags?post=26831"}],"curies":[{"name":"wp","href":"https:\/\/api.w.org\/{rel}","templated":true}]}}