{"id":26827,"date":"2026-03-11T07:23:26","date_gmt":"2026-03-11T07:23:26","guid":{"rendered":"https:\/\/acronoticias.com\/index.php\/2026\/03\/11\/116-empresarias-culminan-mujeres-avanza-en-santo-domingo\/"},"modified":"2026-03-11T07:23:26","modified_gmt":"2026-03-11T07:23:26","slug":"116-empresarias-culminan-mujeres-avanza-en-santo-domingo","status":"publish","type":"post","link":"https:\/\/acronoticias.com\/index.php\/2026\/03\/11\/116-empresarias-culminan-mujeres-avanza-en-santo-domingo\/","title":{"rendered":"116 empresarias culminan MujerEs Avanza en Santo Domingo"},"content":{"rendered":"<div id=\"nota-texto\">\n<p>Santo Domingo.- Tras <strong>tres meses de formaci\u00f3n continua<\/strong>, un total de <strong>116 empresarias<\/strong> concluyeron el programa <strong>MujerEs Avanza<\/strong>, una iniciativa impulsada por la <strong>C\u00e1mara de Comercio y Producci\u00f3n de Santo Domingo<\/strong> en alianza con el <strong>Ministerio de Industria, Comercio y Mipymes (MICM)<\/strong> y el <strong>Centro Mipymes de la Pontificia Universidad Cat\u00f3lica Madre y Maestra (PUCMM)<\/strong>.<\/p>\n<p>La <strong>ceremonia de graduaci\u00f3n<\/strong> reuni\u00f3 a autoridades y representantes del sector empresarial y acad\u00e9mico. Entre ellos estuvo la <strong>vicepresidenta de la Rep\u00fablica, Raquel Pe\u00f1a<\/strong>, quien comparti\u00f3 con las participantes y resalt\u00f3 el valor de las alianzas institucionales para ampliar oportunidades de desarrollo para las mujeres emprendedoras.<\/p>\n<p>Pe\u00f1a destac\u00f3 que el proyecto evidencia lo que puede lograrse cuando distintas instituciones se unen con un objetivo com\u00fan: <strong>impulsar el talento, el liderazgo y la capacidad emprendedora de la mujer dominicana<\/strong>. Seg\u00fan afirm\u00f3, la cooperaci\u00f3n entre el <strong>sector p\u00fablico, privado y la academia<\/strong> permite crear oportunidades que impactan el desarrollo empresarial.<\/p>\n<figure class=\"wp-block-image size-full\"><img fetchpriority=\"high\" decoding=\"async\" width=\"1280\" height=\"720\" src=\"https:\/\/multimedia.noticiassin.com\/wp-content\/uploads\/2026\/03\/116-empresarias-culminan-programa-de-formacion-mujeres-avanza-en-santo-domingo-20260310-193343-iKjr.png\" alt=\"\" class=\"wp-image-1963037 lazy\" srcset=\"https:\/\/multimedia.noticiassin.com\/wp-content\/uploads\/2026\/03\/116-empresarias-culminan-programa-de-formacion-mujeres-avanza-en-santo-domingo-20260310-193343-iKjr.png 1280w, https:\/\/multimedia.noticiassin.com\/wp-content\/uploads\/2026\/03\/116-empresarias-culminan-programa-de-formacion-mujeres-avanza-en-santo-domingo-20260310-193343-iKjr-768x432.png 768w, https:\/\/multimedia.noticiassin.com\/wp-content\/uploads\/2026\/03\/116-empresarias-culminan-programa-de-formacion-mujeres-avanza-en-santo-domingo-20260310-193343-iKjr-288x162.png 288w, https:\/\/multimedia.noticiassin.com\/wp-content\/uploads\/2026\/03\/116-empresarias-culminan-programa-de-formacion-mujeres-avanza-en-santo-domingo-20260310-193343-iKjr-588x330.png 588w, https:\/\/multimedia.noticiassin.com\/wp-content\/uploads\/2026\/03\/116-empresarias-culminan-programa-de-formacion-mujeres-avanza-en-santo-domingo-20260310-193343-iKjr-608x342.png 608w, https:\/\/multimedia.noticiassin.com\/wp-content\/uploads\/2026\/03\/116-empresarias-culminan-programa-de-formacion-mujeres-avanza-en-santo-domingo-20260310-193343-iKjr-742x418.png 742w, https:\/\/multimedia.noticiassin.com\/wp-content\/uploads\/2026\/03\/116-empresarias-culminan-programa-de-formacion-mujeres-avanza-en-santo-domingo-20260310-193343-iKjr-150x85.png 150w, https:\/\/multimedia.noticiassin.com\/wp-content\/uploads\/2026\/03\/116-empresarias-culminan-programa-de-formacion-mujeres-avanza-en-santo-domingo-20260310-193343-iKjr-1200x675.png 1200w\" data-sizes=\"(max-width: 1280px) 100vw, 1280px\"\/><\/figure>\n<h3 class=\"wp-block-heading\">Formaci\u00f3n y acompa\u00f1amiento empresarial<\/h3>\n<p>La presidenta de la <strong>C\u00e1mara Santo Domingo, Lucile Houellemont<\/strong>, explic\u00f3 que el programa naci\u00f3 como respuesta a los <strong>retos que enfrentan las empresarias<\/strong>, entre ellos el acceso a financiamiento, la digitalizaci\u00f3n, la creaci\u00f3n de redes estrat\u00e9gicas y la necesidad de mayor visibilidad en el mercado.<\/p>\n<p>Durante el proceso formativo, <strong>nueve facilitadoras seis internacionales<\/strong> impartieron <strong>120 horas de capacitaci\u00f3n especializada<\/strong>, complementadas con m\u00e1s de <strong>1,700 horas de asistencia t\u00e9cnica personalizada<\/strong> para fortalecer las capacidades de las participantes.<\/p>\n<p>Houellemont sostuvo que el crecimiento empresarial y econ\u00f3mico requiere aprovechar todo el talento disponible. En ese sentido, subray\u00f3 que <strong>ninguna empresa ni pa\u00eds puede desarrollarse plenamente si deja fuera a la mitad de su talento<\/strong>, en referencia al potencial de las mujeres en el \u00e1mbito productivo.<\/p>\n<figure class=\"wp-block-image size-full\"><img loading=\"lazy\" decoding=\"async\" width=\"1280\" height=\"720\" src=\"https:\/\/multimedia.noticiassin.com\/wp-content\/uploads\/2026\/03\/116-empresarias-culminan-programa-de-formacion-mujeres-avanza-en-santo-domingo-20260310-193403-VM0Z.png\" alt=\"\" class=\"wp-image-1963038 lazy\" srcset=\"https:\/\/multimedia.noticiassin.com\/wp-content\/uploads\/2026\/03\/116-empresarias-culminan-programa-de-formacion-mujeres-avanza-en-santo-domingo-20260310-193403-VM0Z.png 1280w, https:\/\/multimedia.noticiassin.com\/wp-content\/uploads\/2026\/03\/116-empresarias-culminan-programa-de-formacion-mujeres-avanza-en-santo-domingo-20260310-193403-VM0Z-768x432.png 768w, https:\/\/multimedia.noticiassin.com\/wp-content\/uploads\/2026\/03\/116-empresarias-culminan-programa-de-formacion-mujeres-avanza-en-santo-domingo-20260310-193403-VM0Z-288x162.png 288w, https:\/\/multimedia.noticiassin.com\/wp-content\/uploads\/2026\/03\/116-empresarias-culminan-programa-de-formacion-mujeres-avanza-en-santo-domingo-20260310-193403-VM0Z-588x330.png 588w, https:\/\/multimedia.noticiassin.com\/wp-content\/uploads\/2026\/03\/116-empresarias-culminan-programa-de-formacion-mujeres-avanza-en-santo-domingo-20260310-193403-VM0Z-608x342.png 608w, https:\/\/multimedia.noticiassin.com\/wp-content\/uploads\/2026\/03\/116-empresarias-culminan-programa-de-formacion-mujeres-avanza-en-santo-domingo-20260310-193403-VM0Z-742x418.png 742w, https:\/\/multimedia.noticiassin.com\/wp-content\/uploads\/2026\/03\/116-empresarias-culminan-programa-de-formacion-mujeres-avanza-en-santo-domingo-20260310-193403-VM0Z-150x85.png 150w, https:\/\/multimedia.noticiassin.com\/wp-content\/uploads\/2026\/03\/116-empresarias-culminan-programa-de-formacion-mujeres-avanza-en-santo-domingo-20260310-193403-VM0Z-1200x675.png 1200w\" data-sizes=\"(max-width: 1280px) 100vw, 1280px\"\/><\/figure>\n<h3 class=\"wp-block-heading\">Participaci\u00f3n femenina en la econom\u00eda<\/h3>\n<p>La <strong>viceministra de Desarrollo Industrial del MICM, Gianna Franjul<\/strong>, afirm\u00f3 que el ministerio considera la <strong>participaci\u00f3n plena de las mujeres en la econom\u00eda<\/strong> como una prioridad estrat\u00e9gica para el desarrollo nacional. Se\u00f1al\u00f3 que, m\u00e1s all\u00e1 de las conmemoraciones del mes de marzo, el objetivo es <strong>fortalecer de manera permanente el capital femenino<\/strong> en los sectores productivos, especialmente en la industria.<\/p>\n<p>Por su parte, la <strong>vicerrectora de Investigaci\u00f3n e Innovaci\u00f3n de la PUCMM, Virginia Flores Sasso<\/strong>, destac\u00f3 que el cierre del programa representa no solo la culminaci\u00f3n de un proceso de aprendizaje, sino tambi\u00e9n el resultado de una <strong>alianza estrat\u00e9gica<\/strong> orientada a generar transformaciones positivas en la sociedad.<\/p>\n<p>Flores Sasso explic\u00f3 que la convocatoria recibi\u00f3 <strong>m\u00e1s de 250 postulaciones<\/strong>, de las cuales fueron seleccionadas <strong>116 empresarias del Gran Santo Domingo<\/strong>, quienes completaron exitosamente el programa.<\/p>\n<p>Entre los principales temas abordados durante la formaci\u00f3n se incluyeron <strong>prop\u00f3sito empresarial, comunicaci\u00f3n efectiva, liderazgo, modelo de negocio, finanzas para la toma de decisiones, inteligencia artificial para mipymes, marketing digital y acceso a financiamiento<\/strong>.<\/p>\n<h3 class=\"wp-block-heading\">Reconocimiento a la equidad de g\u00e9nero<\/h3>\n<p>Durante su intervenci\u00f3n, Houellemont resalt\u00f3 que la <strong>C\u00e1mara Santo Domingo<\/strong> es el <strong>\u00fanico gremio empresarial certificado con el sello Igualando RD en nivel Oro<\/strong>. Adem\u00e1s, destac\u00f3 la presencia femenina dentro de la instituci\u00f3n.<\/p>\n<ul class=\"wp-block-list\">\n<li>Seg\u00fan detall\u00f3, las <strong>mujeres representan el 65 % de la fuerza laboral<\/strong>, el <strong>62 % de las subgerencias<\/strong>, el <strong>50 % del equipo gerencial<\/strong> y el <strong>73 % de los ascensos registrados en 2025<\/strong> dentro de la organizaci\u00f3n.<\/li>\n<\/ul>\n<h3 class=\"wp-block-heading\">Una instituci\u00f3n con m\u00e1s de siglo y medio de historia<\/h3>\n<p>Fundada en <strong>1847<\/strong>, la <strong>C\u00e1mara de Comercio y Producci\u00f3n de Santo Domingo<\/strong> es considerada la <strong>m\u00e1s antigua de Am\u00e9rica Latina<\/strong>. La entidad, sin fines de lucro, acompa\u00f1a a las empresas de la capital durante su ciclo de vida y administra el <strong>Registro Mercantil<\/strong> en Santo Domingo conforme a la <strong>Ley 3-02<\/strong>.<\/p>\n<p>Adem\u00e1s, ofrece servicios como <strong>Digifirma<\/strong>, la <strong>Corte de Arbitraje y Resoluci\u00f3n Alternativa de Conflictos<\/strong>, rondas de negocios, misiones comerciales y el directorio empresarial <strong>MujerEs<\/strong>, junto a iniciativas como los eventos <strong>HUB<\/strong> y <strong>CRECE<\/strong>, orientados a empresas exportadoras y mipymes.<\/p>\n<\/div>\n","protected":false},"excerpt":{"rendered":"<p>Santo Domingo.- Tras tres meses de formaci\u00f3n continua, un total de 116 empresarias concluyeron el programa MujerEs Avanza, una iniciativa impulsada por la C\u00e1mara de Comercio y Producci\u00f3n de Santo Domingo en alianza con el Ministerio de Industria, Comercio y Mipymes (MICM) y el Centro Mipymes de la Pontificia Universidad Cat\u00f3lica Madre y Maestra (PUCMM).<\/p>\n","protected":false},"author":1,"featured_media":26828,"comment_status":"open","ping_status":"open","sticky":false,"template":"","format":"standard","meta":{"footnotes":""},"categories":[1],"tags":[],"class_list":["post-26827","post","type-post","status-publish","format-standard","has-post-thumbnail","hentry","category-nacionales"],"_links":{"self":[{"href":"https:\/\/acronoticias.com\/index.php\/wp-json\/wp\/v2\/posts\/26827","targetHints":{"allow":["GET"]}}],"collection":[{"href":"https:\/\/acronoticias.com\/index.php\/wp-json\/wp\/v2\/posts"}],"about":[{"href":"https:\/\/acronoticias.com\/index.php\/wp-json\/wp\/v2\/types\/post"}],"author":[{"embeddable":true,"href":"https:\/\/acronoticias.com\/index.php\/wp-json\/wp\/v2\/users\/1"}],"replies":[{"embeddable":true,"href":"https:\/\/acronoticias.com\/index.php\/wp-json\/wp\/v2\/comments?post=26827"}],"version-history":[{"count":0,"href":"https:\/\/acronoticias.com\/index.php\/wp-json\/wp\/v2\/posts\/26827\/revisions"}],"wp:featuredmedia":[{"embeddable":true,"href":"https:\/\/acronoticias.com\/index.php\/wp-json\/wp\/v2\/media\/26828"}],"wp:attachment":[{"href":"https:\/\/acronoticias.com\/index.php\/wp-json\/wp\/v2\/media?parent=26827"}],"wp:term":[{"taxonomy":"category","embeddable":true,"href":"https:\/\/acronoticias.com\/index.php\/wp-json\/wp\/v2\/categories?post=26827"},{"taxonomy":"post_tag","embeddable":true,"href":"https:\/\/acronoticias.com\/index.php\/wp-json\/wp\/v2\/tags?post=26827"}],"curies":[{"name":"wp","href":"https:\/\/api.w.org\/{rel}","templated":true}]}}