{"id":26825,"date":"2026-03-11T07:06:46","date_gmt":"2026-03-11T07:06:46","guid":{"rendered":"https:\/\/acronoticias.com\/index.php\/2026\/03\/11\/segundo-implicado-en-arrebato-viral-se-entrega-en-santiago\/"},"modified":"2026-03-11T07:06:46","modified_gmt":"2026-03-11T07:06:46","slug":"segundo-implicado-en-arrebato-viral-se-entrega-en-santiago","status":"publish","type":"post","link":"https:\/\/acronoticias.com\/index.php\/2026\/03\/11\/segundo-implicado-en-arrebato-viral-se-entrega-en-santiago\/","title":{"rendered":"Segundo implicado en arrebato viral se entrega en Santiago"},"content":{"rendered":"<div id=\"nota-texto\">\n<p><strong>Santiago.-<\/strong> Un joven de <strong>18 a\u00f1os<\/strong>, identificado como <strong>David Jim\u00e9nez Feliz<\/strong>, se entreg\u00f3 de manera voluntaria ante las autoridades policiales tras ser se\u00f1alado como <strong>segundo implicado en un arrebato<\/strong> ocurrido en el centro de la ciudad y que qued\u00f3 registrado en un <strong>video que se hizo viral en redes sociales<\/strong>.<\/p>\n<p>La entrega se produjo luego de <strong>labores de seguimiento e identificaci\u00f3n<\/strong> realizadas por agentes policiales. El joven acudi\u00f3 al despacho del <strong>general Jes\u00fas Rafael Tejada Tejada<\/strong>, director Regional Cibao Central de la Polic\u00eda Nacional, acompa\u00f1ado por su madre y el periodista <strong>Orlando Reyes<\/strong>.<\/p>\n<figure class=\"wp-block-image size-full\"><img fetchpriority=\"high\" decoding=\"async\" width=\"1280\" height=\"720\" src=\"https:\/\/multimedia.noticiassin.com\/wp-content\/uploads\/2026\/03\/se-entrega-segundo-joven-implicado-en-arrebato-captado-en-video-viral-en-santiag-20260310-204315-VKPl.png\" alt=\"\" class=\"wp-image-1963109 lazy\" srcset=\"https:\/\/multimedia.noticiassin.com\/wp-content\/uploads\/2026\/03\/se-entrega-segundo-joven-implicado-en-arrebato-captado-en-video-viral-en-santiag-20260310-204315-VKPl.png 1280w, https:\/\/multimedia.noticiassin.com\/wp-content\/uploads\/2026\/03\/se-entrega-segundo-joven-implicado-en-arrebato-captado-en-video-viral-en-santiag-20260310-204315-VKPl-768x432.png 768w, https:\/\/multimedia.noticiassin.com\/wp-content\/uploads\/2026\/03\/se-entrega-segundo-joven-implicado-en-arrebato-captado-en-video-viral-en-santiag-20260310-204315-VKPl-288x162.png 288w, https:\/\/multimedia.noticiassin.com\/wp-content\/uploads\/2026\/03\/se-entrega-segundo-joven-implicado-en-arrebato-captado-en-video-viral-en-santiag-20260310-204315-VKPl-588x330.png 588w, https:\/\/multimedia.noticiassin.com\/wp-content\/uploads\/2026\/03\/se-entrega-segundo-joven-implicado-en-arrebato-captado-en-video-viral-en-santiag-20260310-204315-VKPl-608x342.png 608w, https:\/\/multimedia.noticiassin.com\/wp-content\/uploads\/2026\/03\/se-entrega-segundo-joven-implicado-en-arrebato-captado-en-video-viral-en-santiag-20260310-204315-VKPl-742x418.png 742w, https:\/\/multimedia.noticiassin.com\/wp-content\/uploads\/2026\/03\/se-entrega-segundo-joven-implicado-en-arrebato-captado-en-video-viral-en-santiag-20260310-204315-VKPl-150x85.png 150w, https:\/\/multimedia.noticiassin.com\/wp-content\/uploads\/2026\/03\/se-entrega-segundo-joven-implicado-en-arrebato-captado-en-video-viral-en-santiag-20260310-204315-VKPl-1200x675.png 1200w\" data-sizes=\"(max-width: 1280px) 100vw, 1280px\"\/><\/figure>\n<p>Horas antes, tambi\u00e9n se hab\u00eda entregado <strong>Cristofer Torres Ortiz<\/strong>, el otro joven vinculado al hecho, quien igualmente fue presentado ante el despacho del general.<\/p>\n<h3 class=\"wp-block-heading\">El hecho captado en video<\/h3>\n<p>El caso tom\u00f3 notoriedad luego de que circulara en redes sociales un <strong>video del incidente<\/strong>, en el que se observa a <strong>dos individuos arrebatarle la cartera a una mujer de nacionalidad haitiana<\/strong>.<\/p>\n<ul class=\"wp-block-list\">\n<li>Seg\u00fan las im\u00e1genes, la v\u00edctima logr\u00f3 <strong>recuperar sus pertenencias en el mismo lugar<\/strong> tras el incidente ocurrido en el centro de <strong>Santiago<\/strong>.<\/li>\n<\/ul>\n<h3 class=\"wp-block-heading\">Proceso legal<\/h3>\n<p>Ambos j\u00f3venes fueron presentados ante el <strong>director Regional Cibao Central de la Polic\u00eda Nacional<\/strong>, quien asegur\u00f3 que a los detenidos <strong>se les respetar\u00e1n sus derechos<\/strong> durante el proceso.<\/p>\n<p>Posteriormente, las autoridades los trasladaron al <strong>Departamento de Investigaciones Criminales (DICRIM)<\/strong> para los <strong>procedimientos legales correspondientes<\/strong> y su posterior <strong>sometimiento ante el Ministerio P\u00fablico<\/strong>.<\/p>\n<p>En Santiago de los Caballeros, los <strong>arrebatos y robos callejeros<\/strong> se han incrementado en los \u00faltimos a\u00f1os, afectando principalmente a transe\u00fantes en zonas c\u00e9ntricas de la ciudad.<\/p>\n<p> Muchos de estos hechos son captados por <strong>c\u00e1maras de seguridad<\/strong> o tel\u00e9fonos m\u00f3viles y se viralizan r\u00e1pidamente en <strong>redes sociales<\/strong>, generando alarma en la poblaci\u00f3n.<\/p>\n<p>La <strong>Polic\u00eda Nacional<\/strong> ha intensificado los <strong>seguimientos e investigaciones<\/strong> para identificar a los responsables, quienes en varias ocasiones son <strong>j\u00f3venes implicados en delitos menores<\/strong>.<\/p>\n<p>La difusi\u00f3n de estos casos ha obligado a las autoridades a actuar de manera <strong>r\u00e1pida y coordinada<\/strong>, asegurando tanto la <strong>protecci\u00f3n de las v\u00edctimas<\/strong> como el <strong>respeto a los derechos de los acusados<\/strong>.<\/p>\n<\/div>\n","protected":false},"excerpt":{"rendered":"<p>Santiago.- Un joven de 18 a\u00f1os, identificado como David Jim\u00e9nez Feliz, se entreg\u00f3 de manera voluntaria ante las autoridades policiales tras ser se\u00f1alado como segundo implicado en un arrebato ocurrido en el centro de la ciudad y que qued\u00f3 registrado en un video que se hizo viral en redes sociales. La entrega se produjo luego<\/p>\n","protected":false},"author":1,"featured_media":26826,"comment_status":"open","ping_status":"open","sticky":false,"template":"","format":"standard","meta":{"footnotes":""},"categories":[1],"tags":[],"class_list":["post-26825","post","type-post","status-publish","format-standard","has-post-thumbnail","hentry","category-nacionales"],"_links":{"self":[{"href":"https:\/\/acronoticias.com\/index.php\/wp-json\/wp\/v2\/posts\/26825","targetHints":{"allow":["GET"]}}],"collection":[{"href":"https:\/\/acronoticias.com\/index.php\/wp-json\/wp\/v2\/posts"}],"about":[{"href":"https:\/\/acronoticias.com\/index.php\/wp-json\/wp\/v2\/types\/post"}],"author":[{"embeddable":true,"href":"https:\/\/acronoticias.com\/index.php\/wp-json\/wp\/v2\/users\/1"}],"replies":[{"embeddable":true,"href":"https:\/\/acronoticias.com\/index.php\/wp-json\/wp\/v2\/comments?post=26825"}],"version-history":[{"count":0,"href":"https:\/\/acronoticias.com\/index.php\/wp-json\/wp\/v2\/posts\/26825\/revisions"}],"wp:featuredmedia":[{"embeddable":true,"href":"https:\/\/acronoticias.com\/index.php\/wp-json\/wp\/v2\/media\/26826"}],"wp:attachment":[{"href":"https:\/\/acronoticias.com\/index.php\/wp-json\/wp\/v2\/media?parent=26825"}],"wp:term":[{"taxonomy":"category","embeddable":true,"href":"https:\/\/acronoticias.com\/index.php\/wp-json\/wp\/v2\/categories?post=26825"},{"taxonomy":"post_tag","embeddable":true,"href":"https:\/\/acronoticias.com\/index.php\/wp-json\/wp\/v2\/tags?post=26825"}],"curies":[{"name":"wp","href":"https:\/\/api.w.org\/{rel}","templated":true}]}}