{"id":26823,"date":"2026-03-11T06:47:52","date_gmt":"2026-03-11T06:47:52","guid":{"rendered":"https:\/\/acronoticias.com\/index.php\/2026\/03\/11\/cne-aprueba-estrategia-nacional-de-educacion-digital-en-rd\/"},"modified":"2026-03-11T06:47:52","modified_gmt":"2026-03-11T06:47:52","slug":"cne-aprueba-estrategia-nacional-de-educacion-digital-en-rd","status":"publish","type":"post","link":"https:\/\/acronoticias.com\/index.php\/2026\/03\/11\/cne-aprueba-estrategia-nacional-de-educacion-digital-en-rd\/","title":{"rendered":"CNE aprueba Estrategia Nacional de Educaci\u00f3n Digital en RD"},"content":{"rendered":"<div id=\"nota-texto\">\n<p>El <strong>Consejo Nacional de Educaci\u00f3n<\/strong> (CNE) aprob\u00f3 este martes la <strong>Estrategia Nacional de Educaci\u00f3n Digital<\/strong>, una iniciativa orientada a fortalecer el sistema educativo dominicano mediante la integraci\u00f3n del pensamiento computacional y la inteligencia artificial en el proceso de ense\u00f1anza.<\/p>\n<ul class=\"wp-block-list\">\n<li>La reuni\u00f3n fue encabezada por el <strong>Ministro de Educaci\u00f3n<\/strong>, <strong>Luis Miguel De Camps<\/strong>, quien destac\u00f3 que la propuesta busca adaptar la escuela a los cambios tecnol\u00f3gicos y sociales que marcan el contexto actual.<\/li>\n<\/ul>\n<p>La estrategia forma parte de la <strong>Hoja de Ruta<\/strong> de la actual gesti\u00f3n educativa y est\u00e1 alineada con la <strong>Agenda Digital 2030<\/strong>. Su objetivo principal es impulsar la transici\u00f3n del sistema educativo hacia un entorno cultural y social mediado por tecnolog\u00edas digitales.<\/p>\n<h3 class=\"wp-block-heading\">Objetivos de la Estrategia Digital<\/h3>\n<p>Para lograrlo, el plan contempla incorporar de manera transversal el pensamiento computacional y las competencias relacionadas con la <strong>inteligencia artificial<\/strong> dentro del curr\u00edculo existente, en lugar de crear nuevas asignaturas espec\u00edficas.<\/p>\n<figure class=\"wp-block-image size-full\"><img fetchpriority=\"high\" decoding=\"async\" width=\"1280\" height=\"851\" src=\"https:\/\/multimedia.noticiassin.com\/wp-content\/uploads\/2026\/03\/republica-dominicana-impulsa-la-educacion-digital-y-regula-uso-de-celulares-en-e-20260310-214412-Pdj6.jpeg\" alt=\"\" class=\"wp-image-1963170 lazy\" srcset=\"https:\/\/multimedia.noticiassin.com\/wp-content\/uploads\/2026\/03\/republica-dominicana-impulsa-la-educacion-digital-y-regula-uso-de-celulares-en-e-20260310-214412-Pdj6.jpeg 1280w, https:\/\/multimedia.noticiassin.com\/wp-content\/uploads\/2026\/03\/republica-dominicana-impulsa-la-educacion-digital-y-regula-uso-de-celulares-en-e-20260310-214412-Pdj6-768x511.jpeg 768w, https:\/\/multimedia.noticiassin.com\/wp-content\/uploads\/2026\/03\/republica-dominicana-impulsa-la-educacion-digital-y-regula-uso-de-celulares-en-e-20260310-214412-Pdj6-1200x798.jpeg 1200w\" data-sizes=\"(max-width: 1280px) 100vw, 1280px\"\/><\/figure>\n<p>De acuerdo con las autoridades educativas, esta iniciativa pretende fortalecer el curr\u00edculo vigente y mejorar <strong>la calidad de las mediaciones pedag\u00f3gicas.<\/strong><\/p>\n<p>Con ello se busca formar estudiantes capaces de comprender, utilizar y analizar cr\u00edticamente las herramientas tecnol\u00f3gicas, desarrollando al mismo tiempo criterios cognitivos y \u00e9ticos frente<strong> al uso de las plataformas digitales.<\/strong><\/p>\n<h3 class=\"wp-block-heading\">Fases de Implementaci\u00f3n<\/h3>\n<p>La implementaci\u00f3n de la estrategia se realizar\u00e1 en varias fases. La primera etapa, prevista para iniciar en septiembre de este a\u00f1o, estar\u00e1 enfocada en la preparaci\u00f3n del sistema educativo para la <strong>incorporaci\u00f3n de estas herramientas.<\/strong><\/p>\n<p>Posteriormente, se ejecutar\u00e1 una fase de implementaci\u00f3n progresiva acompa\u00f1ada de seguimiento t\u00e9cnico y pedag\u00f3gico. Finalmente, el plan contempla una etapa de consolidaci\u00f3n, ajuste y expansi\u00f3n del modelo, con el prop\u00f3sito de garantizar su <strong>sostenibilidad y ampliar la oferta educativa digital.<\/strong><\/p>\n<h3 class=\"wp-block-heading\">Regulaci\u00f3n de Dispositivos M\u00f3viles<\/h3>\n<p>Durante la reuni\u00f3n tambi\u00e9n se present\u00f3 una propuesta para regular el uso de dispositivos m\u00f3viles en los centros educativos p\u00fablicos y privados del <strong>pa\u00eds<\/strong>.<\/p>\n<p>La iniciativa plantea establecer normas basadas en principios como el enfoque pedag\u00f3gico, el aprendizaje, el desarrollo integral del estudiante, el uso responsable de la tecnolog\u00eda, la \u00e9tica digital,<strong> la protecci\u00f3n de datos y la inclusi\u00f3n educativa.<\/strong><\/p>\n<p>El ministro <strong>De Camps<\/strong> explic\u00f3 que la intenci\u00f3n de esta regulaci\u00f3n no es prohibir el uso de la tecnolog\u00eda, sino gestionarla de manera adecuada dentro del entorno escolar.<\/p>\n<p>Seg\u00fan se\u00f1al\u00f3, el objetivo es evitar distracciones que afecten el aprendizaje, al tiempo que se promueve un uso responsable de los dispositivos <strong>m\u00f3viles como herramientas educativas.<\/strong><\/p>\n<p>Las autoridades informaron que la propuesta continuar\u00e1 siendo socializada con distintos actores del sistema educativo, incluyendo docentes, directivos y especialistas, con el fin de recoger recomendaciones que permitan enriquecer el <strong>documento antes de su aprobaci\u00f3n definitiva.<\/strong><\/p>\n<p>En la sesi\u00f3n tambi\u00e9n se abord\u00f3 la propuesta de modificar la orden departamental que regula el <strong>Premio Magisterial<\/strong>, con el objetivo de clarificar los criterios de selecci\u00f3n y garantizar un proceso m\u00e1s transparente.<\/p>\n<p>Adem\u00e1s, fueron juramentados nuevos integrantes del <strong>Consejo Nacional de Educaci\u00f3n<\/strong> y se anunci\u00f3 que la <strong>Rep\u00fablica Dominicana<\/strong> ser\u00e1 sede de la reuni\u00f3n ordinaria de ministros de Educaci\u00f3n y Cultura de la <strong>Coordinaci\u00f3n Educativa y Cultural Centroamericana<\/strong> (<strong>CECC-SICA<\/strong>), que se celebrar\u00e1 en junio pr\u00f3ximo.<\/p>\n<\/div>\n","protected":false},"excerpt":{"rendered":"<p>El Consejo Nacional de Educaci\u00f3n (CNE) aprob\u00f3 este martes la Estrategia Nacional de Educaci\u00f3n Digital, una iniciativa orientada a fortalecer el sistema educativo dominicano mediante la integraci\u00f3n del pensamiento computacional y la inteligencia artificial en el proceso de ense\u00f1anza. La reuni\u00f3n fue encabezada por el Ministro de Educaci\u00f3n, Luis Miguel De Camps, quien destac\u00f3 que<\/p>\n","protected":false},"author":1,"featured_media":26824,"comment_status":"open","ping_status":"open","sticky":false,"template":"","format":"standard","meta":{"footnotes":""},"categories":[1],"tags":[],"class_list":["post-26823","post","type-post","status-publish","format-standard","has-post-thumbnail","hentry","category-nacionales"],"_links":{"self":[{"href":"https:\/\/acronoticias.com\/index.php\/wp-json\/wp\/v2\/posts\/26823","targetHints":{"allow":["GET"]}}],"collection":[{"href":"https:\/\/acronoticias.com\/index.php\/wp-json\/wp\/v2\/posts"}],"about":[{"href":"https:\/\/acronoticias.com\/index.php\/wp-json\/wp\/v2\/types\/post"}],"author":[{"embeddable":true,"href":"https:\/\/acronoticias.com\/index.php\/wp-json\/wp\/v2\/users\/1"}],"replies":[{"embeddable":true,"href":"https:\/\/acronoticias.com\/index.php\/wp-json\/wp\/v2\/comments?post=26823"}],"version-history":[{"count":0,"href":"https:\/\/acronoticias.com\/index.php\/wp-json\/wp\/v2\/posts\/26823\/revisions"}],"wp:featuredmedia":[{"embeddable":true,"href":"https:\/\/acronoticias.com\/index.php\/wp-json\/wp\/v2\/media\/26824"}],"wp:attachment":[{"href":"https:\/\/acronoticias.com\/index.php\/wp-json\/wp\/v2\/media?parent=26823"}],"wp:term":[{"taxonomy":"category","embeddable":true,"href":"https:\/\/acronoticias.com\/index.php\/wp-json\/wp\/v2\/categories?post=26823"},{"taxonomy":"post_tag","embeddable":true,"href":"https:\/\/acronoticias.com\/index.php\/wp-json\/wp\/v2\/tags?post=26823"}],"curies":[{"name":"wp","href":"https:\/\/api.w.org\/{rel}","templated":true}]}}