{"id":26819,"date":"2026-03-11T06:31:49","date_gmt":"2026-03-11T06:31:49","guid":{"rendered":"https:\/\/acronoticias.com\/index.php\/2026\/03\/11\/juan-sebastian-de-elcano-llega-a-santo-domingo-buque\/"},"modified":"2026-03-11T06:31:49","modified_gmt":"2026-03-11T06:31:49","slug":"juan-sebastian-de-elcano-llega-a-santo-domingo-buque","status":"publish","type":"post","link":"https:\/\/acronoticias.com\/index.php\/2026\/03\/11\/juan-sebastian-de-elcano-llega-a-santo-domingo-buque\/","title":{"rendered":"Juan Sebasti\u00e1n de Elcano llega a Santo Domingo: buque"},"content":{"rendered":"<div id=\"nota-texto\">\n<p>Santo Domingo, 10 mar (EFE).- El buque escuela de la <strong>Armada de Espa\u00f1a<\/strong> \u2018Juan Sebasti\u00e1n de Elcano\u2019 lleg\u00f3 este martes a <strong>Santo Domingo<\/strong> como parte de un viaje alrededor del mundo para contribuir a la acci\u00f3n diplom\u00e1tica del pa\u00eds europeo y a la preparaci\u00f3n y formaci\u00f3n de los futuros oficiales de la <strong>Armada espa\u00f1ola<\/strong>.<\/p>\n<p>El buque, que el 5 de marzo de 2027 cumplir\u00e1 100 a\u00f1os de su primer viaje, atrac\u00f3 en el muelle de <strong>Punta Torrecilla<\/strong>, en <strong>Santo Domingo<\/strong>, donde permanecer\u00e1 hasta el 15 de marzo.<\/p>\n<h2 class=\"wp-block-heading\">Llegada a Santo Domingo<\/h2>\n<p>El <strong>Juan Sebasti\u00e1n de Elcano<\/strong> inici\u00f3 el 10 de enero pasado su 98 Crucero de Instrucci\u00f3n, partiendo del puerto de <strong>C\u00e1diz<\/strong>, su base, con 73 guardiamarinas de las promociones 428 de <strong>Cuerpo General<\/strong> y 158 de <strong>Infanter\u00eda de Marina<\/strong> a bordo, de acuerdo con un comunicado de la <strong>Embajada Espa\u00f1ola<\/strong> en <strong>Santo Domingo<\/strong>.<\/p>\n<h3 class=\"wp-block-heading\">Ruta del buque<\/h3>\n<p>Tras cruzar el Atl\u00e1ntico a vela y recalar en <strong>Puerto Espa\u00f1a<\/strong> (<strong>Trinidad y Tobago<\/strong>) y <strong>San Juan<\/strong> (<strong>Puerto Rico<\/strong>), el buque continuar\u00e1 por <strong>Veracruz<\/strong> (<strong>M\u00e9xico<\/strong>), <strong>Puerto Lim\u00f3n<\/strong> (<strong>Costa Rica<\/strong>) y <strong>Curazao<\/strong>.<\/p>\n<p>Posteriormente, marchar\u00e1 hacia cuatro puertos en <strong>Estados Unidos<\/strong>, incluyendo el 4 de julio en <strong>Nueva York<\/strong>, donde festejar\u00e1n los 250 a\u00f1os de la Independencia de <strong>EE.UU.<\/strong>.<\/p>\n<h2 class=\"wp-block-heading\">Misiones del viaje<\/h2>\n<p>El buque desarrolla durante el viaje dos misiones principales: la formaci\u00f3n integral de los guardiamarinas (marinera, militar, social y humana) como parte del tercer curso de sus cinco a\u00f1os de instrucci\u00f3n en la <strong>Escuela Naval Militar<\/strong>, y apoyar la acci\u00f3n exterior del Estado en aquellos puertos que visita.<\/p>\n<h3 class=\"wp-block-heading\">Importancia del velero<\/h3>\n<p>Considerado uno de los buques escuela m\u00e1s emblem\u00e1ticos del mundo, el velero representa una tradici\u00f3n formativa que combina disciplina naval, <strong>diplomacia y proyecci\u00f3n cultural<\/strong> en cada uno de sus puertos de escala.<\/p>\n<\/div>\n","protected":false},"excerpt":{"rendered":"<p>Santo Domingo, 10 mar (EFE).- El buque escuela de la Armada de Espa\u00f1a \u2018Juan Sebasti\u00e1n de Elcano\u2019 lleg\u00f3 este martes a Santo Domingo como parte de un viaje alrededor del mundo para contribuir a la acci\u00f3n diplom\u00e1tica del pa\u00eds europeo y a la preparaci\u00f3n y formaci\u00f3n de los futuros oficiales de la Armada espa\u00f1ola. El<\/p>\n","protected":false},"author":1,"featured_media":26820,"comment_status":"open","ping_status":"open","sticky":false,"template":"","format":"standard","meta":{"footnotes":""},"categories":[1],"tags":[],"class_list":["post-26819","post","type-post","status-publish","format-standard","has-post-thumbnail","hentry","category-nacionales"],"_links":{"self":[{"href":"https:\/\/acronoticias.com\/index.php\/wp-json\/wp\/v2\/posts\/26819","targetHints":{"allow":["GET"]}}],"collection":[{"href":"https:\/\/acronoticias.com\/index.php\/wp-json\/wp\/v2\/posts"}],"about":[{"href":"https:\/\/acronoticias.com\/index.php\/wp-json\/wp\/v2\/types\/post"}],"author":[{"embeddable":true,"href":"https:\/\/acronoticias.com\/index.php\/wp-json\/wp\/v2\/users\/1"}],"replies":[{"embeddable":true,"href":"https:\/\/acronoticias.com\/index.php\/wp-json\/wp\/v2\/comments?post=26819"}],"version-history":[{"count":0,"href":"https:\/\/acronoticias.com\/index.php\/wp-json\/wp\/v2\/posts\/26819\/revisions"}],"wp:featuredmedia":[{"embeddable":true,"href":"https:\/\/acronoticias.com\/index.php\/wp-json\/wp\/v2\/media\/26820"}],"wp:attachment":[{"href":"https:\/\/acronoticias.com\/index.php\/wp-json\/wp\/v2\/media?parent=26819"}],"wp:term":[{"taxonomy":"category","embeddable":true,"href":"https:\/\/acronoticias.com\/index.php\/wp-json\/wp\/v2\/categories?post=26819"},{"taxonomy":"post_tag","embeddable":true,"href":"https:\/\/acronoticias.com\/index.php\/wp-json\/wp\/v2\/tags?post=26819"}],"curies":[{"name":"wp","href":"https:\/\/api.w.org\/{rel}","templated":true}]}}