{"id":26815,"date":"2026-03-11T06:15:29","date_gmt":"2026-03-11T06:15:29","guid":{"rendered":"https:\/\/acronoticias.com\/index.php\/2026\/03\/11\/abinader-celebra-a-rd-lider-en-libertad-de-expresion-sip\/"},"modified":"2026-03-11T06:15:29","modified_gmt":"2026-03-11T06:15:29","slug":"abinader-celebra-a-rd-lider-en-libertad-de-expresion-sip","status":"publish","type":"post","link":"https:\/\/acronoticias.com\/index.php\/2026\/03\/11\/abinader-celebra-a-rd-lider-en-libertad-de-expresion-sip\/","title":{"rendered":"Abinader celebra a RD l\u00edder en libertad de expresi\u00f3n, SIP"},"content":{"rendered":"<div id=\"nota-texto\">\n<p>El presidente de <strong>Rep\u00fablica Dominicana<\/strong>, <strong>Luis Abinader<\/strong>, afirm\u00f3 que recibe con \u00abmucho orgullo\u00bb la \u00abdistinci\u00f3n\u00bb de la <strong>Sociedad Interamericana de Prensa<\/strong> (SIP), que coloca al pa\u00eds en el primer lugar entre 23 pa\u00edses evaluados en el \u00cdndice Chapultepec de Libertad de Expresi\u00f3n y Prensa 2025, dado a conocer este martes.<\/p>\n<ul class=\"wp-block-list\">\n<li>El gobernante, que defini\u00f3 a la <strong>SIP<\/strong> como una \u00abprestigiosa\u00bb instituci\u00f3n internacional, se\u00f1al\u00f3 que el informe supone un mayor compromiso del pa\u00eds en el fortalecimiento de su democracia.<\/li>\n<\/ul>\n<p>El reconocimiento de la <strong>SIP<\/strong> es tambi\u00e9n un logro importante y un reconocimiento no solo al <strong>Gobierno<\/strong> sino tambi\u00e9n al pueblo <strong>dominicano<\/strong>\u00ab, dijo <strong>Abinader<\/strong> de acuerdo a un comunicado difundido por la <strong>Presidencia<\/strong>.<\/p>\n<figure class=\"wp-block-image size-full\"><img fetchpriority=\"high\" decoding=\"async\" width=\"1300\" height=\"731\" src=\"https:\/\/multimedia.noticiassin.com\/wp-content\/uploads\/2026\/03\/abinader-celebra-informe-de-sip-que-coloca-a-r-dominicana-primera-en-libertad-de-20260310-220506-sc5w.jpg\" alt=\"\" class=\"wp-image-1963199 lazy\" srcset=\"https:\/\/multimedia.noticiassin.com\/wp-content\/uploads\/2026\/03\/abinader-celebra-informe-de-sip-que-coloca-a-r-dominicana-primera-en-libertad-de-20260310-220506-sc5w.jpg 1300w, https:\/\/multimedia.noticiassin.com\/wp-content\/uploads\/2026\/03\/abinader-celebra-informe-de-sip-que-coloca-a-r-dominicana-primera-en-libertad-de-20260310-220506-sc5w-768x432.jpg 768w, https:\/\/multimedia.noticiassin.com\/wp-content\/uploads\/2026\/03\/abinader-celebra-informe-de-sip-que-coloca-a-r-dominicana-primera-en-libertad-de-20260310-220506-sc5w-288x162.jpg 288w, https:\/\/multimedia.noticiassin.com\/wp-content\/uploads\/2026\/03\/abinader-celebra-informe-de-sip-que-coloca-a-r-dominicana-primera-en-libertad-de-20260310-220506-sc5w-588x330.jpg 588w, https:\/\/multimedia.noticiassin.com\/wp-content\/uploads\/2026\/03\/abinader-celebra-informe-de-sip-que-coloca-a-r-dominicana-primera-en-libertad-de-20260310-220506-sc5w-608x342.jpg 608w, https:\/\/multimedia.noticiassin.com\/wp-content\/uploads\/2026\/03\/abinader-celebra-informe-de-sip-que-coloca-a-r-dominicana-primera-en-libertad-de-20260310-220506-sc5w-742x418.jpg 742w, https:\/\/multimedia.noticiassin.com\/wp-content\/uploads\/2026\/03\/abinader-celebra-informe-de-sip-que-coloca-a-r-dominicana-primera-en-libertad-de-20260310-220506-sc5w-150x85.jpg 150w, https:\/\/multimedia.noticiassin.com\/wp-content\/uploads\/2026\/03\/abinader-celebra-informe-de-sip-que-coloca-a-r-dominicana-primera-en-libertad-de-20260310-220506-sc5w-1200x675.jpg 1200w\" data-sizes=\"(max-width: 1300px) 100vw, 1300px\"\/><\/figure>\n<h2 class=\"wp-block-heading\">Reconocimiento de la SIP<\/h2>\n<p>El jefe de Estado se encuentra en <strong>Chile<\/strong> para asistir ma\u00f1ana a la toma de posesi\u00f3n del presidente electo de ese pa\u00eds, <strong>Jos\u00e9 Antonio Kast<\/strong>.<\/p>\n<p>En el informe, que analiza las condiciones de la libertad de expresi\u00f3n y el ejercicio del periodismo en las Am\u00e9ricas, <strong>Rep\u00fablica Dominicana<\/strong> alcanz\u00f3 un \u00edndice de 82,17 puntos sobre 100, siendo el \u00fanico pa\u00eds que se ubic\u00f3 en la franja \u00abCon Libertad de Prensa\u00bb.<\/p>\n<h2 class=\"wp-block-heading\">Desaf\u00edos para la Libertad de Prensa<\/h2>\n<p>Sin embargo, la <strong>SIP<\/strong> refiri\u00f3 que \u00abesta estabilidad es precaria y se encuentra amenazada por factores que limitan el ejercicio pleno de las libertades fundamentales\u00bb.<\/p>\n<p>La entidad regional consider\u00f3 que el pa\u00eds caribe\u00f1o \u00abvive un per\u00edodo cr\u00edtico para la libertad de expresi\u00f3n y de prensa, caracterizado por una mordaza sigilosa que combina la fragilidad <strong>econ\u00f3mica de los medios\u00bb.<\/strong><\/p>\n<p>El uso discrecional de la publicidad estatal como herramienta de control, y las tensiones generadas por nuevas propuestas legislativas, entre ellos el proyecto de ley que crea el <strong>Instituto Nacional de Comunicaci\u00f3n<\/strong> (<strong>Inacom<\/strong>), que \u00abplantea riesgos de censura\u00bb.<\/p>\n<p>Adem\u00e1s, el discurso del <strong>presidente<\/strong> del pa\u00eds sobre la libertad de prensa \u00abse ve opacado por mecanismos de presi\u00f3n econ\u00f3mica\u00bb, agreg\u00f3 la <strong>SIP<\/strong>.\u00a0<\/p>\n<h3 class=\"wp-block-heading\">Factores de riesgo actuales<\/h3>\n<p>A pesar de los reconocimientos obtenidos, expertos y organizaciones de prensa locales advirtieron que mantener la posici\u00f3n de liderazgo en libertad de expresi\u00f3n requerir\u00e1 esfuerzos constantes <strong>tanto del Gobierno como de la sociedad civil. <\/strong><\/p>\n<h3 class=\"wp-block-heading\">Recomendaciones para el futuro<\/h3>\n<p>Se\u00f1alan que es fundamental fortalecer la independencia de los medios, garantizar la transparencia en el uso de la publicidad estatal y promover un marco legal que respete el derecho a informar sin restricciones, para evitar que los riesgos se\u00f1alados por la SIP se traduzcan en limitaciones <strong>concretas al ejercicio period\u00edstico en el pa\u00eds.<\/strong><\/p>\n<\/div>\n","protected":false},"excerpt":{"rendered":"<p>El presidente de Rep\u00fablica Dominicana, Luis Abinader, afirm\u00f3 que recibe con \u00abmucho orgullo\u00bb la \u00abdistinci\u00f3n\u00bb de la Sociedad Interamericana de Prensa (SIP), que coloca al pa\u00eds en el primer lugar entre 23 pa\u00edses evaluados en el \u00cdndice Chapultepec de Libertad de Expresi\u00f3n y Prensa 2025, dado a conocer este martes. El gobernante, que defini\u00f3 a<\/p>\n","protected":false},"author":1,"featured_media":26816,"comment_status":"open","ping_status":"open","sticky":false,"template":"","format":"standard","meta":{"footnotes":""},"categories":[1],"tags":[],"class_list":["post-26815","post","type-post","status-publish","format-standard","has-post-thumbnail","hentry","category-nacionales"],"_links":{"self":[{"href":"https:\/\/acronoticias.com\/index.php\/wp-json\/wp\/v2\/posts\/26815","targetHints":{"allow":["GET"]}}],"collection":[{"href":"https:\/\/acronoticias.com\/index.php\/wp-json\/wp\/v2\/posts"}],"about":[{"href":"https:\/\/acronoticias.com\/index.php\/wp-json\/wp\/v2\/types\/post"}],"author":[{"embeddable":true,"href":"https:\/\/acronoticias.com\/index.php\/wp-json\/wp\/v2\/users\/1"}],"replies":[{"embeddable":true,"href":"https:\/\/acronoticias.com\/index.php\/wp-json\/wp\/v2\/comments?post=26815"}],"version-history":[{"count":0,"href":"https:\/\/acronoticias.com\/index.php\/wp-json\/wp\/v2\/posts\/26815\/revisions"}],"wp:featuredmedia":[{"embeddable":true,"href":"https:\/\/acronoticias.com\/index.php\/wp-json\/wp\/v2\/media\/26816"}],"wp:attachment":[{"href":"https:\/\/acronoticias.com\/index.php\/wp-json\/wp\/v2\/media?parent=26815"}],"wp:term":[{"taxonomy":"category","embeddable":true,"href":"https:\/\/acronoticias.com\/index.php\/wp-json\/wp\/v2\/categories?post=26815"},{"taxonomy":"post_tag","embeddable":true,"href":"https:\/\/acronoticias.com\/index.php\/wp-json\/wp\/v2\/tags?post=26815"}],"curies":[{"name":"wp","href":"https:\/\/api.w.org\/{rel}","templated":true}]}}