{"id":26813,"date":"2026-03-11T05:58:21","date_gmt":"2026-03-11T05:58:21","guid":{"rendered":"https:\/\/acronoticias.com\/index.php\/2026\/03\/11\/abinader-llega-a-chile-para-investidura-de-jose-antonio-kast\/"},"modified":"2026-03-11T05:58:21","modified_gmt":"2026-03-11T05:58:21","slug":"abinader-llega-a-chile-para-investidura-de-jose-antonio-kast","status":"publish","type":"post","link":"https:\/\/acronoticias.com\/index.php\/2026\/03\/11\/abinader-llega-a-chile-para-investidura-de-jose-antonio-kast\/","title":{"rendered":"Abinader llega a Chile para investidura de Jos\u00e9 Antonio Kast"},"content":{"rendered":"<div id=\"nota-texto\">\n<p>El presidente <strong>Luis Abinader<\/strong> arrib\u00f3 este martes a las 6:30 p.m., hora de <strong>Chile<\/strong>, al <strong>Aeropuerto Arturo Merino Ben\u00edtez<\/strong>, de <strong>Santiago de Chile<\/strong>, para asistir a la investidura como nuevo mandatario chileno, <strong>Jos\u00e9 Antonio Kast<\/strong>, este 11 de marzo.<\/p>\n<p>En este encuentro participar\u00e1n el <strong>presidente<\/strong> dominicano, la <strong>primera dama<\/strong> <strong>Raquel Arbaje<\/strong>, el <strong>ministro de Relaciones Exteriores<\/strong> <strong>Roberto \u00c1lvarez<\/strong> y <strong>Adriana Abinader Arbaje<\/strong>.<\/p>\n<p>A su llegada a territorio chileno, como parte de la agenda oficial, el mandatario dominicano realizar\u00e1 el saludo protocolar junto a otros jefes de Estado y de Gobierno con el presidente de <strong>Chile<\/strong>, <strong>Gabriel Boric<\/strong>, en el <strong>Palacio de La Moneda<\/strong>.<\/p>\n<p>Posteriormente, el jefe de Estado dominicano asistir\u00e1 a una recepci\u00f3n ofrecida por el presidente <strong>Gabriel Boric<\/strong> para las delegaciones internacionales invitadas.<\/p>\n<p>La agenda oficial continuar\u00e1 el mi\u00e9rcoles con la solemne ceremonia de transmisi\u00f3n del mando presidencial y la juramentaci\u00f3n del nuevo gabinete en el Sal\u00f3n de Honor del <strong>Congreso Nacional<\/strong>, en <strong>Valpara\u00edso<\/strong>, donde <strong>Jos\u00e9 Antonio Kast<\/strong> recibir\u00e1 la banda presidencial y asumir\u00e1 formalmente como presidente de <strong>Chile<\/strong>.<\/p>\n<p>M\u00e1s tarde, <strong>Abinader<\/strong> participar\u00e1 en un almuerzo ofrecido por el presidente <strong>Jos\u00e9 Antonio Kast<\/strong> y la primera dama de <strong>Chile<\/strong>, <strong>Mar\u00eda P\u00eda Adriasola de Kast<\/strong>, en honor a los jefes de Estado y autoridades invitadas.<\/p>\n<p>Delegaciones de <strong>Estados<\/strong> y\/o <strong>Gobiernos<\/strong> confirmadas a la investidura.<\/p>\n<p>De acuerdo a la <strong>Canciller\u00eda<\/strong> chilena, el mandatario dominicano forma parte de los jefes de Estado o de Gobierno que, junto al <strong>Rey Felipe VI<\/strong> de <strong>Espa\u00f1a<\/strong>, participar\u00e1n en la toma de posesi\u00f3n del electo gobernante chileno.<\/p>\n<p>Confirmaron asistencia a la ceremonia los gobernantes de <strong>Argentina<\/strong>, Javier Milei; <strong>Ecuador<\/strong>, Daniel Noboa; de <strong>Bolivia<\/strong>, Rodrigo Paz; de <strong>Costa Rica<\/strong>, Rodrigo Chaves; de <strong>Honduras<\/strong>, Nasry Asfura; de <strong>Hungr\u00eda<\/strong>, Tam\u00e1s Sulyok; de <strong>Panam\u00e1<\/strong>, Jos\u00e9 Ra\u00fal Mulino; de <strong>Paraguay<\/strong>, Santiago Pe\u00f1a; y de <strong>Uruguay<\/strong>, Yamand\u00fa Orsi.<\/p>\n<p>Tambi\u00e9n los primeros ministros de <strong>Curazao<\/strong>, <strong>Gilmar Pisas<\/strong>, y de <strong>Hait\u00ed<\/strong>, <strong>Alix Fils-Aim\u00e9<\/strong>, y vicepresidentes de <strong>El Salvador<\/strong>, <strong>F\u00e9lix Ulloa<\/strong>; el de <strong>Guinea Ecuatorial<\/strong>, <strong>Teodoro Nguema Obiang Mangue<\/strong>.<\/p>\n<p>Adem\u00e1s, los vicepresidentes del Consejo de Ministros y ministro de Relaciones Exteriores de <strong>Italia<\/strong>, <strong>Antonio Tajani<\/strong>, y la ejecutiva de la <strong>Comisi\u00f3n Europea<\/strong> para una Transici\u00f3n Limpia, Justa y Competitiva, <strong>Teresa Ribera<\/strong>.<\/p>\n<p>Tras concluir las actividades oficiales, el <strong>Presidente Abinader<\/strong> y su delegaci\u00f3n retornar\u00e1n a la <strong>Rep\u00fablica Dominicana<\/strong>.<\/p>\n<\/div>\n","protected":false},"excerpt":{"rendered":"<p>El presidente Luis Abinader arrib\u00f3 este martes a las 6:30 p.m., hora de Chile, al Aeropuerto Arturo Merino Ben\u00edtez, de Santiago de Chile, para asistir a la investidura como nuevo mandatario chileno, Jos\u00e9 Antonio Kast, este 11 de marzo. En este encuentro participar\u00e1n el presidente dominicano, la primera dama Raquel Arbaje, el ministro de Relaciones<\/p>\n","protected":false},"author":1,"featured_media":26814,"comment_status":"open","ping_status":"open","sticky":false,"template":"","format":"standard","meta":{"footnotes":""},"categories":[1],"tags":[],"class_list":["post-26813","post","type-post","status-publish","format-standard","has-post-thumbnail","hentry","category-nacionales"],"_links":{"self":[{"href":"https:\/\/acronoticias.com\/index.php\/wp-json\/wp\/v2\/posts\/26813","targetHints":{"allow":["GET"]}}],"collection":[{"href":"https:\/\/acronoticias.com\/index.php\/wp-json\/wp\/v2\/posts"}],"about":[{"href":"https:\/\/acronoticias.com\/index.php\/wp-json\/wp\/v2\/types\/post"}],"author":[{"embeddable":true,"href":"https:\/\/acronoticias.com\/index.php\/wp-json\/wp\/v2\/users\/1"}],"replies":[{"embeddable":true,"href":"https:\/\/acronoticias.com\/index.php\/wp-json\/wp\/v2\/comments?post=26813"}],"version-history":[{"count":0,"href":"https:\/\/acronoticias.com\/index.php\/wp-json\/wp\/v2\/posts\/26813\/revisions"}],"wp:featuredmedia":[{"embeddable":true,"href":"https:\/\/acronoticias.com\/index.php\/wp-json\/wp\/v2\/media\/26814"}],"wp:attachment":[{"href":"https:\/\/acronoticias.com\/index.php\/wp-json\/wp\/v2\/media?parent=26813"}],"wp:term":[{"taxonomy":"category","embeddable":true,"href":"https:\/\/acronoticias.com\/index.php\/wp-json\/wp\/v2\/categories?post=26813"},{"taxonomy":"post_tag","embeddable":true,"href":"https:\/\/acronoticias.com\/index.php\/wp-json\/wp\/v2\/tags?post=26813"}],"curies":[{"name":"wp","href":"https:\/\/api.w.org\/{rel}","templated":true}]}}