{"id":26811,"date":"2026-03-11T05:32:24","date_gmt":"2026-03-11T05:32:24","guid":{"rendered":"https:\/\/acronoticias.com\/index.php\/2026\/03\/11\/supremo-de-brasil-autoriza-visita-de-asesor-de-trump-a\/"},"modified":"2026-03-11T05:32:24","modified_gmt":"2026-03-11T05:32:24","slug":"supremo-de-brasil-autoriza-visita-de-asesor-de-trump-a","status":"publish","type":"post","link":"https:\/\/acronoticias.com\/index.php\/2026\/03\/11\/supremo-de-brasil-autoriza-visita-de-asesor-de-trump-a\/","title":{"rendered":"Supremo de Brasil autoriza visita de asesor de Trump a"},"content":{"rendered":"<div id=\"nota-texto\">\n<p><strong>S\u00e3o Paulo.<\/strong> \u2014 La <strong>Corte Suprema de Brasil<\/strong> autoriz\u00f3 que un asesor del presidente estadounidense <strong>Donald Trump<\/strong> visite al exmandatario <strong>Jair Bolsonaro<\/strong>, quien cumple condena en prisi\u00f3n, el pr\u00f3ximo <strong>18 de marzo<\/strong>, seg\u00fan inform\u00f3 este martes el tribunal.<\/p>\n<p>La decisi\u00f3n fue tomada por el magistrado <strong>Alexandre de Moraes<\/strong>, responsable del proceso que llev\u00f3 al l\u00edder ultraderechista a cumplir una <strong>condena de 27 a\u00f1os de c\u00e1rcel por golpismo<\/strong>.<\/p>\n<p>El juez permiti\u00f3 que Bolsonaro reciba al <strong>activista conservador Darren Beattie<\/strong>, actual asesor senior para <strong>Pol\u00edtica de Brasil del Departamento de Estado de EE.UU.<\/strong>, entre las <strong>ocho y las diez de la ma\u00f1ana<\/strong> del mi\u00e9rcoles de la pr\u00f3xima semana.<\/p>\n<figure class=\"wp-block-image size-full\"><img fetchpriority=\"high\" decoding=\"async\" width=\"900\" height=\"600\" src=\"https:\/\/multimedia.noticiassin.com\/wp-content\/uploads\/2026\/03\/el-supremo-de-brasil-autoriza-que-un-asesor-de-trump-visite-a-bolsonaro-en-prisi-20260311-020249-wPf0.png\" alt=\"\" class=\"wp-image-1963444 lazy\" srcset=\"https:\/\/multimedia.noticiassin.com\/wp-content\/uploads\/2026\/03\/el-supremo-de-brasil-autoriza-que-un-asesor-de-trump-visite-a-bolsonaro-en-prisi-20260311-020249-wPf0.png 900w, https:\/\/multimedia.noticiassin.com\/wp-content\/uploads\/2026\/03\/el-supremo-de-brasil-autoriza-que-un-asesor-de-trump-visite-a-bolsonaro-en-prisi-20260311-020249-wPf0-768x512.png 768w, https:\/\/multimedia.noticiassin.com\/wp-content\/uploads\/2026\/03\/el-supremo-de-brasil-autoriza-que-un-asesor-de-trump-visite-a-bolsonaro-en-prisi-20260311-020249-wPf0-1200x800.png 1200w\" data-sizes=\"(max-width: 900px) 100vw, 900px\"\/><\/figure>\n<h3 class=\"wp-block-heading\">Condiciones de la visita autorizada<\/h3>\n<p>De acuerdo con el fallo judicial, <strong>Beattie<\/strong> podr\u00e1 acudir acompa\u00f1ado de <strong>un traductor<\/strong>, cuya identidad deber\u00e1 ser informada previamente a las autoridades.<\/p>\n<p>La autorizaci\u00f3n responde parcialmente a la solicitud presentada por los <strong>abogados de Jair Bolsonaro<\/strong>, quienes hab\u00edan pedido que la visita se realizara <strong>de forma excepcional el 16 o el 17 de marzo<\/strong>.<\/p>\n<ul class=\"wp-block-list\">\n<li>Sin embargo, el magistrado <strong>Alexandre de Moraes<\/strong> rechaz\u00f3 modificar el calendario de visitas del centro penitenciario.<\/li>\n<\/ul>\n<p>El juez argument\u00f3 que <strong>no existe previsi\u00f3n legal<\/strong> para alterar el d\u00eda establecido y subray\u00f3 que <strong>los visitantes deben adaptarse al r\u00e9gimen del establecimiento penitenciario<\/strong> y no al contrario.<\/p>\n<h3 class=\"wp-block-heading\">Reuniones pol\u00edticas y tensiones diplom\u00e1ticas<\/h3>\n<p>Durante su estancia en Brasil, se espera que el asesor de <strong>Donald Trump<\/strong> tambi\u00e9n se re\u00fana con el senador <strong>Fl\u00e1vio Bolsonaro<\/strong>, hijo del exmandatario y considerado <strong>uno de los principales candidatos de la derecha<\/strong> para las elecciones previstas en <strong>octubre pr\u00f3ximo<\/strong>.<\/p>\n<p>En el pasado, <strong>Darren Beattie<\/strong> acus\u00f3 p\u00fablicamente al juez <strong>Alexandre de Moraes<\/strong> de ser <strong>\u201cel principal arquitecto de la censura y persecuci\u00f3n contra Bolsonaro y sus seguidores\u201d<\/strong>.<\/p>\n<p>El activista incluso defendi\u00f3 la aplicaci\u00f3n de <strong>sanciones contra el magistrado brasile\u00f1o<\/strong>.<\/p>\n<p>El Gobierno de <strong>Trump<\/strong> incluy\u00f3 el a\u00f1o pasado a De Moraes en <strong>una lista de presuntos violadores de derechos humanos<\/strong>, lo que implic\u00f3 la <strong>congelaci\u00f3n de bienes y activos<\/strong> que pudiera tener en Estados Unidos.<\/p>\n<p>No obstante, esas sanciones fueron <strong>levantadas meses despu\u00e9s<\/strong>, en medio de negociaciones con el Gobierno del presidente <strong>Luiz In\u00e1cio Lula da Silva<\/strong> para reducir las tensiones entre ambos pa\u00edses.<\/p>\n<p>Aunque <strong>Lula da Silva<\/strong> sigue siendo considerado <strong>favorito en los sondeos<\/strong>, el senador <strong>Fl\u00e1vio Bolsonaro<\/strong> ha reducido la distancia en algunas encuestas e incluso aparece <strong>t\u00e9cnicamente empatado<\/strong> con el l\u00edder del <strong>Partido de los Trabajadores (PT)<\/strong> de cara a las pr\u00f3ximas elecciones.<\/p>\n<\/div>\n","protected":false},"excerpt":{"rendered":"<p>S\u00e3o Paulo. \u2014 La Corte Suprema de Brasil autoriz\u00f3 que un asesor del presidente estadounidense Donald Trump visite al exmandatario Jair Bolsonaro, quien cumple condena en prisi\u00f3n, el pr\u00f3ximo 18 de marzo, seg\u00fan inform\u00f3 este martes el tribunal. La decisi\u00f3n fue tomada por el magistrado Alexandre de Moraes, responsable del proceso que llev\u00f3 al l\u00edder<\/p>\n","protected":false},"author":1,"featured_media":26812,"comment_status":"open","ping_status":"open","sticky":false,"template":"","format":"standard","meta":{"footnotes":""},"categories":[3],"tags":[],"class_list":["post-26811","post","type-post","status-publish","format-standard","has-post-thumbnail","hentry","category-internacionales"],"_links":{"self":[{"href":"https:\/\/acronoticias.com\/index.php\/wp-json\/wp\/v2\/posts\/26811","targetHints":{"allow":["GET"]}}],"collection":[{"href":"https:\/\/acronoticias.com\/index.php\/wp-json\/wp\/v2\/posts"}],"about":[{"href":"https:\/\/acronoticias.com\/index.php\/wp-json\/wp\/v2\/types\/post"}],"author":[{"embeddable":true,"href":"https:\/\/acronoticias.com\/index.php\/wp-json\/wp\/v2\/users\/1"}],"replies":[{"embeddable":true,"href":"https:\/\/acronoticias.com\/index.php\/wp-json\/wp\/v2\/comments?post=26811"}],"version-history":[{"count":0,"href":"https:\/\/acronoticias.com\/index.php\/wp-json\/wp\/v2\/posts\/26811\/revisions"}],"wp:featuredmedia":[{"embeddable":true,"href":"https:\/\/acronoticias.com\/index.php\/wp-json\/wp\/v2\/media\/26812"}],"wp:attachment":[{"href":"https:\/\/acronoticias.com\/index.php\/wp-json\/wp\/v2\/media?parent=26811"}],"wp:term":[{"taxonomy":"category","embeddable":true,"href":"https:\/\/acronoticias.com\/index.php\/wp-json\/wp\/v2\/categories?post=26811"},{"taxonomy":"post_tag","embeddable":true,"href":"https:\/\/acronoticias.com\/index.php\/wp-json\/wp\/v2\/tags?post=26811"}],"curies":[{"name":"wp","href":"https:\/\/api.w.org\/{rel}","templated":true}]}}