{"id":26807,"date":"2026-03-11T05:24:03","date_gmt":"2026-03-11T05:24:03","guid":{"rendered":"https:\/\/acronoticias.com\/index.php\/2026\/03\/11\/nick-hardt-se-muestra-motivado-para-competir-en-el-cap-cana-challenger-el-nuevo-diario-republica-dominicana\/"},"modified":"2026-03-11T05:24:03","modified_gmt":"2026-03-11T05:24:03","slug":"nick-hardt-se-muestra-motivado-para-competir-en-el-cap-cana-challenger-el-nuevo-diario-republica-dominicana","status":"publish","type":"post","link":"https:\/\/acronoticias.com\/index.php\/2026\/03\/11\/nick-hardt-se-muestra-motivado-para-competir-en-el-cap-cana-challenger-el-nuevo-diario-republica-dominicana\/","title":{"rendered":"Nick Hardt se muestra motivado para competir en el Cap Cana Challenger \u2013 El Nuevo Diario (Rep\u00fablica Dominicana)"},"content":{"rendered":"<div>\n<div id=\"gemini-summary-wrapper\" class=\"mb-3\">\n                <button id=\"btn-get-summary\" class=\"gemini-btn\" data-post-id=\"3044443\" data-post-title=\"Nick Hardt se muestra motivado para competir en el Cap Cana Challenger\"><br \/>\n                    Leer resumen <b class=\"d-none d-md-inline\">de la noticia<\/b> (IA) <span>CLICK AQU\u00cd<\/span><br \/>\n                <\/button><\/p>\n<div id=\"gemini-loading\" class=\"mb-3\">\n<p>                    <span>Analizando noticia&#8230; por favor espera.<\/span>\n                <\/div>\n<\/p><\/div>\n<p>EL NUEVO DIARIO, CAP CANA. \u2013 El tenista dominicano Nick Hardt expres\u00f3 este martes su entusiasmo y motivaci\u00f3n por participar en el torneo del circuito ATP Challenger 175 que se disputa en Cap Cana, destacando la importancia del evento para los jugadores y para el desarrollo del tenis en el pa\u00eds.<\/p>\n<p>Hardt se\u00f1al\u00f3 que el a\u00f1o 2025 fue uno de los m\u00e1s dif\u00edciles de su carrera profesional debido a la poca actividad que pudo tener en las canchas tras sufrir una serie de lesiones que limitaron su participaci\u00f3n en torneos.<\/p>\n<p>\u201cEl 2025 fue uno de los a\u00f1os m\u00e1s duros de mi carrera por las lesiones y por no poder competir tanto como me hubiera gustado\u201d, expres\u00f3 el jugador dominicano.<\/p>\n<p>No obstante, afirm\u00f3 que esas experiencias tambi\u00e9n dejan aprendizajes importantes y asegur\u00f3 que llega al torneo con una motivaci\u00f3n renovada.<\/p>\n<p>\u201cDe todo se aprende. Ahora vengo m\u00e1s motivado que nunca para competir en este torneo\u201d, indic\u00f3.<\/p>\n<p>El tenista tambi\u00e9n destac\u00f3 que actualmente se siente en buenas condiciones f\u00edsicas luego de completar dos meses de pretemporada, lo que le ha permitido recuperar su nivel y prepararse adecuadamente para el calendario competitivo.<\/p>\n<p>Hardt explic\u00f3 que el torneo de Cap Cana representa su tercera participaci\u00f3n en competencias durante el presente a\u00f1o, lo que le permitir\u00e1 seguir sumando ritmo y confianza en la cancha.<\/p>\n<p><h3 class=\"jp-relatedposts-headline\"><em>Relacionado<\/em><\/h3>\n<\/p>\n<p>\t\t\t\t\t\t<!-- .entry-footer --><br \/>\n\t\t\t\t\t\t<!-- \n\n<div data-type=\"_mgwidget\" data-widget-id=\"1743501\"><\/div>\n\n  -->\n\t\t\t\t\t<\/div>\n","protected":false},"excerpt":{"rendered":"<p>Leer resumen de la noticia (IA) CLICK AQU\u00cd Analizando noticia&#8230; por favor espera. EL NUEVO DIARIO, CAP CANA. \u2013 El tenista dominicano Nick Hardt expres\u00f3 este martes su entusiasmo y motivaci\u00f3n por participar en el torneo del circuito ATP Challenger 175 que se disputa en Cap Cana, destacando la importancia del evento para los jugadores<\/p>\n","protected":false},"author":1,"featured_media":26808,"comment_status":"open","ping_status":"open","sticky":false,"template":"","format":"standard","meta":{"footnotes":""},"categories":[2],"tags":[],"class_list":["post-26807","post","type-post","status-publish","format-standard","has-post-thumbnail","hentry","category-deporte"],"_links":{"self":[{"href":"https:\/\/acronoticias.com\/index.php\/wp-json\/wp\/v2\/posts\/26807","targetHints":{"allow":["GET"]}}],"collection":[{"href":"https:\/\/acronoticias.com\/index.php\/wp-json\/wp\/v2\/posts"}],"about":[{"href":"https:\/\/acronoticias.com\/index.php\/wp-json\/wp\/v2\/types\/post"}],"author":[{"embeddable":true,"href":"https:\/\/acronoticias.com\/index.php\/wp-json\/wp\/v2\/users\/1"}],"replies":[{"embeddable":true,"href":"https:\/\/acronoticias.com\/index.php\/wp-json\/wp\/v2\/comments?post=26807"}],"version-history":[{"count":0,"href":"https:\/\/acronoticias.com\/index.php\/wp-json\/wp\/v2\/posts\/26807\/revisions"}],"wp:featuredmedia":[{"embeddable":true,"href":"https:\/\/acronoticias.com\/index.php\/wp-json\/wp\/v2\/media\/26808"}],"wp:attachment":[{"href":"https:\/\/acronoticias.com\/index.php\/wp-json\/wp\/v2\/media?parent=26807"}],"wp:term":[{"taxonomy":"category","embeddable":true,"href":"https:\/\/acronoticias.com\/index.php\/wp-json\/wp\/v2\/categories?post=26807"},{"taxonomy":"post_tag","embeddable":true,"href":"https:\/\/acronoticias.com\/index.php\/wp-json\/wp\/v2\/tags?post=26807"}],"curies":[{"name":"wp","href":"https:\/\/api.w.org\/{rel}","templated":true}]}}