{"id":26761,"date":"2026-03-11T00:56:45","date_gmt":"2026-03-11T00:56:45","guid":{"rendered":"https:\/\/acronoticias.com\/index.php\/2026\/03\/11\/bcrd-realiza-exposicion-homenaje-a-juan-pablo-duarte-por-aniversario-de-su-fallecimiento-el-nuevo-diario-republica-dominicana\/"},"modified":"2026-03-11T00:56:45","modified_gmt":"2026-03-11T00:56:45","slug":"bcrd-realiza-exposicion-homenaje-a-juan-pablo-duarte-por-aniversario-de-su-fallecimiento-el-nuevo-diario-republica-dominicana","status":"publish","type":"post","link":"https:\/\/acronoticias.com\/index.php\/2026\/03\/11\/bcrd-realiza-exposicion-homenaje-a-juan-pablo-duarte-por-aniversario-de-su-fallecimiento-el-nuevo-diario-republica-dominicana\/","title":{"rendered":"BCRD realiza exposici\u00f3n homenaje a Juan Pablo Duarte por aniversario de su fallecimiento \u2013 El Nuevo Diario (Rep\u00fablica Dominicana)"},"content":{"rendered":"<div>\n<div id=\"gemini-summary-wrapper\" class=\"mb-3\">\n                <button id=\"btn-get-summary\" class=\"gemini-btn\" data-post-id=\"3044413\" data-post-title=\"BCRD realiza exposici\u00f3n homenaje a Juan Pablo Duarte por aniversario de su fallecimiento\"><br \/>\n                    Leer resumen <b class=\"d-none d-md-inline\">de la noticia<\/b> (IA) <span>CLICK AQU\u00cd<\/span><br \/>\n                <\/button><\/p>\n<div id=\"gemini-loading\" class=\"mb-3\">\n<p>                    <span>Analizando noticia&#8230; por favor espera.<\/span>\n                <\/div>\n<\/p><\/div>\n<p><strong>EL NUEVO DIARIO, SANTO DOMINGO.<\/strong>\u2013 El gobernador del Banco Central de la Rep\u00fablica Dominicana (BCRD), H\u00e9ctor Valdez Albizu, presidi\u00f3 el acto de inauguraci\u00f3n de la exposici\u00f3n \u201cHomenaje a Juan Pablo Duarte en el sesquicentenario de su fallecimiento (1813-1876), con motivo del 182 aniversario de la Independencia Nacional\u201d, en el Museo Numism\u00e1tico y Filat\u00e9lico de la instituci\u00f3n.<\/p>\n<p>Durante la ceremonia de apertura, el gobernador destac\u00f3 el legado del patricio, quien sacrific\u00f3 vida, familia, salud y bienes en aras de una naci\u00f3n soberana, libre de ataduras y yugos de cualquier \u00edndole, al recordar su firme compromiso con la causa independentista, resumido en su c\u00e9lebre expresi\u00f3n: \u201cDios ha de concederme bastante fortaleza para no descender a la tumba sin dejar a mi Patria libre, independiente y triunfante.\u201d<\/p>\n<p><img loading=\"lazy\" data-recalc-dims=\"1\" data-dominant-color=\"a3a1a1\" data-has-transparency=\"false\" style=\"--dominant-color: #a3a1a1;\" decoding=\"async\" class=\"alignnone wp-image-3044419 size-full not-transparent\" src=\"https:\/\/i0.wp.com\/nuevodiario-assets.s3.us-east-2.amazonaws.com\/wp-content\/uploads\/2026\/03\/2.jpg?resize=640%2C427&amp;quality=100&amp;ssl=1\" alt=\"\" width=\"640\" height=\"427\" srcset=\"https:\/\/nuevodiario-assets.s3.us-east-2.amazonaws.com\/wp-content\/uploads\/2026\/03\/2.jpg 1800w, https:\/\/nuevodiario-assets.s3.us-east-2.amazonaws.com\/wp-content\/uploads\/2026\/03\/2.jpg 400w, https:\/\/nuevodiario-assets.s3.us-east-2.amazonaws.com\/wp-content\/uploads\/2026\/03\/2.jpg 800w, https:\/\/nuevodiario-assets.s3.us-east-2.amazonaws.com\/wp-content\/uploads\/2026\/03\/2.jpg 768w, https:\/\/nuevodiario-assets.s3.us-east-2.amazonaws.com\/wp-content\/uploads\/2026\/03\/2.jpg 1536w, https:\/\/nuevodiario-assets.s3.us-east-2.amazonaws.com\/wp-content\/uploads\/2026\/03\/2.jpg 600w, https:\/\/nuevodiario-assets.s3.us-east-2.amazonaws.com\/wp-content\/uploads\/2026\/03\/2.jpg 1280w\" sizes=\"auto, (max-width: 640px) 100vw, 640px\"\/><\/p>\n<p>Valdez Albizu afirm\u00f3 que entre las piezas exhibidas en la exposici\u00f3n figuran las monedas conmemorativas al centenario del fallecimiento de Duarte, acu\u00f1adas en 1976, as\u00ed como emisiones posteriores de 1977, 1979 y 1981. Tambi\u00e9n se presentan billetes de un peso de la primera emisi\u00f3n de 1947, con la efigie del pr\u00f3cer en el anverso; ejemplares de la segunda emisi\u00f3n (1961-1963), impresos en tono rojizo; as\u00ed como billetes correspondientes a la tercera (1964-1978) y cuarta emisi\u00f3n (1977-1998).<\/p>\n<p><img data-recalc-dims=\"1\" data-dominant-color=\"9d9b99\" data-has-transparency=\"false\" style=\"--dominant-color: #9d9b99;\" loading=\"lazy\" decoding=\"async\" class=\"alignnone wp-image-3044422 size-full not-transparent\" src=\"https:\/\/i0.wp.com\/nuevodiario-assets.s3.us-east-2.amazonaws.com\/wp-content\/uploads\/2026\/03\/3.jpg?resize=640%2C427&amp;quality=100&amp;ssl=1\" alt=\"\" width=\"640\" height=\"427\" srcset=\"https:\/\/nuevodiario-assets.s3.us-east-2.amazonaws.com\/wp-content\/uploads\/2026\/03\/3.jpg 1800w, https:\/\/nuevodiario-assets.s3.us-east-2.amazonaws.com\/wp-content\/uploads\/2026\/03\/3.jpg 400w, https:\/\/nuevodiario-assets.s3.us-east-2.amazonaws.com\/wp-content\/uploads\/2026\/03\/3.jpg 800w, https:\/\/nuevodiario-assets.s3.us-east-2.amazonaws.com\/wp-content\/uploads\/2026\/03\/3.jpg 768w, https:\/\/nuevodiario-assets.s3.us-east-2.amazonaws.com\/wp-content\/uploads\/2026\/03\/3.jpg 1536w, https:\/\/nuevodiario-assets.s3.us-east-2.amazonaws.com\/wp-content\/uploads\/2026\/03\/3.jpg 600w, https:\/\/nuevodiario-assets.s3.us-east-2.amazonaws.com\/wp-content\/uploads\/2026\/03\/3.jpg 1280w\" sizes=\"auto, (max-width: 640px) 100vw, 640px\"\/><\/p>\n<p>El gobernador del BCRD agreg\u00f3 que en la exhibici\u00f3n: \u201cel p\u00fablico puede apreciar el billete de 100 pesos de la quinta familia, encabezado por Duarte junto a Francisco del Rosario S\u00e1nchez y Mat\u00edas Ram\u00f3n Mella, compa\u00f1eros entra\u00f1ables en la gesta independentista\u201d.<\/p>\n<p><img data-recalc-dims=\"1\" data-dominant-color=\"7a7682\" data-has-transparency=\"false\" style=\"--dominant-color: #7a7682;\" loading=\"lazy\" decoding=\"async\" class=\"alignnone wp-image-3044425 size-full not-transparent\" src=\"https:\/\/i0.wp.com\/nuevodiario-assets.s3.us-east-2.amazonaws.com\/wp-content\/uploads\/2026\/03\/4.jpg?resize=640%2C447&amp;quality=100&amp;ssl=1\" alt=\"\" width=\"640\" height=\"447\" srcset=\"https:\/\/nuevodiario-assets.s3.us-east-2.amazonaws.com\/wp-content\/uploads\/2026\/03\/4.jpg 1712w, https:\/\/nuevodiario-assets.s3.us-east-2.amazonaws.com\/wp-content\/uploads\/2026\/03\/4.jpg 400w, https:\/\/nuevodiario-assets.s3.us-east-2.amazonaws.com\/wp-content\/uploads\/2026\/03\/4.jpg 800w, https:\/\/nuevodiario-assets.s3.us-east-2.amazonaws.com\/wp-content\/uploads\/2026\/03\/4.jpg 768w, https:\/\/nuevodiario-assets.s3.us-east-2.amazonaws.com\/wp-content\/uploads\/2026\/03\/4.jpg 1536w, https:\/\/nuevodiario-assets.s3.us-east-2.amazonaws.com\/wp-content\/uploads\/2026\/03\/4.jpg 600w, https:\/\/nuevodiario-assets.s3.us-east-2.amazonaws.com\/wp-content\/uploads\/2026\/03\/4.jpg 1280w\" sizes=\"auto, (max-width: 640px) 100vw, 640px\"\/><\/p>\n<p><strong>La exposici\u00f3n<\/strong><\/p>\n<p>La exhibici\u00f3n, que estar\u00e1 abierta al p\u00fablico hasta el 27 de marzo, en horario de 9:00 a. m. a 4:00 p. m., incluye tambi\u00e9n monedas dedicadas a los Derechos Humanos en la d\u00e9cada de los ochenta y la moneda de un peso que sustituy\u00f3 el billete de igual denominaci\u00f3n. En el \u00e1mbito filat\u00e9lico, la exposici\u00f3n presenta una serie de sellos postales emitidos en honor a Duarte, entre ellos los dedicados al centenario de su nacimiento, a su casa natal, a su viaje a Hamburgo (Alemania) y a su hist\u00f3rica \u201cRendici\u00f3n de cuentas\u201d, testimonio de su pulcritud y transparencia en el manejo de los fondos p\u00fablicos en 1844.<\/p>\n<p><img data-recalc-dims=\"1\" data-dominant-color=\"75706f\" data-has-transparency=\"false\" style=\"--dominant-color: #75706f;\" loading=\"lazy\" decoding=\"async\" class=\"alignnone size-medium wp-image-3044426 not-transparent\" src=\"https:\/\/i0.wp.com\/nuevodiario-assets.s3.us-east-2.amazonaws.com\/wp-content\/uploads\/2026\/03\/5-400x267.jpg?resize=400%2C267&amp;quality=100&amp;ssl=1\" alt=\"\" width=\"400\" height=\"267\" srcset=\"https:\/\/nuevodiario-assets.s3.us-east-2.amazonaws.com\/wp-content\/uploads\/2026\/03\/5.jpg 400w, https:\/\/nuevodiario-assets.s3.us-east-2.amazonaws.com\/wp-content\/uploads\/2026\/03\/5.jpg 800w, https:\/\/nuevodiario-assets.s3.us-east-2.amazonaws.com\/wp-content\/uploads\/2026\/03\/5.jpg 768w, https:\/\/nuevodiario-assets.s3.us-east-2.amazonaws.com\/wp-content\/uploads\/2026\/03\/5.jpg 1536w, https:\/\/nuevodiario-assets.s3.us-east-2.amazonaws.com\/wp-content\/uploads\/2026\/03\/5.jpg 410w, https:\/\/nuevodiario-assets.s3.us-east-2.amazonaws.com\/wp-content\/uploads\/2026\/03\/5.jpg 600w, https:\/\/nuevodiario-assets.s3.us-east-2.amazonaws.com\/wp-content\/uploads\/2026\/03\/5.jpg 1800w, https:\/\/nuevodiario-assets.s3.us-east-2.amazonaws.com\/wp-content\/uploads\/2026\/03\/5.jpg 1280w\" sizes=\"auto, (max-width: 400px) 100vw, 400px\"\/><\/p>\n<p>Estuvieron presentes junto al gobernador los miembros de la honorable Junta Monetaria, Arturo Mart\u00ednez Moya, Julio Llibre y Jos\u00e9 Manuel Mall\u00e9n; por el BCRD el gerente, Ervin Novas Bello; el contralor, Jos\u00e9 Manuel Taveras Lay; el subgerente general, Frank Monta\u00f1o; el subgerente de Pol\u00edticas Monetaria, Cambiaria y Financiera, Joel Tejeda Compr\u00e9s; la subgerente Administrativo y de Servicios, Shanttal Zuleta Brea; el subgerente cultural, Jos\u00e9 Alc\u00e1ntara Alm\u00e1nzar, entre otros colaboradores de la instituci\u00f3n, as\u00ed como representantes del Instituto Duartiano, miembros de la Sociedad Numism\u00e1tica y la Sociedad Filat\u00e9lica de la Rep\u00fablica Dominicana.<\/p>\n<p><h3 class=\"jp-relatedposts-headline\"><em>Relacionado<\/em><\/h3>\n<\/p>\n<p>\t\t\t\t\t\t<!-- .entry-footer --><br \/>\n\t\t\t\t\t\t<!-- \n\n<div data-type=\"_mgwidget\" data-widget-id=\"1743501\"><\/div>\n\n  -->\n\t\t\t\t\t<\/div>\n","protected":false},"excerpt":{"rendered":"<p>Leer resumen de la noticia (IA) CLICK AQU\u00cd Analizando noticia&#8230; por favor espera. EL NUEVO DIARIO, SANTO DOMINGO.\u2013 El gobernador del Banco Central de la Rep\u00fablica Dominicana (BCRD), H\u00e9ctor Valdez Albizu, presidi\u00f3 el acto de inauguraci\u00f3n de la exposici\u00f3n \u201cHomenaje a Juan Pablo Duarte en el sesquicentenario de su fallecimiento (1813-1876), con motivo del 182<\/p>\n","protected":false},"author":1,"featured_media":26762,"comment_status":"open","ping_status":"open","sticky":false,"template":"","format":"standard","meta":{"footnotes":""},"categories":[1],"tags":[],"class_list":["post-26761","post","type-post","status-publish","format-standard","has-post-thumbnail","hentry","category-nacionales"],"_links":{"self":[{"href":"https:\/\/acronoticias.com\/index.php\/wp-json\/wp\/v2\/posts\/26761","targetHints":{"allow":["GET"]}}],"collection":[{"href":"https:\/\/acronoticias.com\/index.php\/wp-json\/wp\/v2\/posts"}],"about":[{"href":"https:\/\/acronoticias.com\/index.php\/wp-json\/wp\/v2\/types\/post"}],"author":[{"embeddable":true,"href":"https:\/\/acronoticias.com\/index.php\/wp-json\/wp\/v2\/users\/1"}],"replies":[{"embeddable":true,"href":"https:\/\/acronoticias.com\/index.php\/wp-json\/wp\/v2\/comments?post=26761"}],"version-history":[{"count":0,"href":"https:\/\/acronoticias.com\/index.php\/wp-json\/wp\/v2\/posts\/26761\/revisions"}],"wp:featuredmedia":[{"embeddable":true,"href":"https:\/\/acronoticias.com\/index.php\/wp-json\/wp\/v2\/media\/26762"}],"wp:attachment":[{"href":"https:\/\/acronoticias.com\/index.php\/wp-json\/wp\/v2\/media?parent=26761"}],"wp:term":[{"taxonomy":"category","embeddable":true,"href":"https:\/\/acronoticias.com\/index.php\/wp-json\/wp\/v2\/categories?post=26761"},{"taxonomy":"post_tag","embeddable":true,"href":"https:\/\/acronoticias.com\/index.php\/wp-json\/wp\/v2\/tags?post=26761"}],"curies":[{"name":"wp","href":"https:\/\/api.w.org\/{rel}","templated":true}]}}