{"id":26688,"date":"2026-03-10T13:32:37","date_gmt":"2026-03-10T13:32:37","guid":{"rendered":"https:\/\/acronoticias.com\/index.php\/2026\/03\/10\/anuncian-conferencia-para-abordar-la-crisis-de-identidad-en-los-jovenes-y-las-familias-el-nuevo-diario-republica-dominicana\/"},"modified":"2026-03-10T13:32:37","modified_gmt":"2026-03-10T13:32:37","slug":"anuncian-conferencia-para-abordar-la-crisis-de-identidad-en-los-jovenes-y-las-familias-el-nuevo-diario-republica-dominicana","status":"publish","type":"post","link":"https:\/\/acronoticias.com\/index.php\/2026\/03\/10\/anuncian-conferencia-para-abordar-la-crisis-de-identidad-en-los-jovenes-y-las-familias-el-nuevo-diario-republica-dominicana\/","title":{"rendered":"Anuncian conferencia para abordar la crisis de identidad en los j\u00f3venes y las familias \u2013 El Nuevo Diario (Rep\u00fablica Dominicana)"},"content":{"rendered":"<p><i class=\"bi bi-camera-fill\" style=\"font-size:18px; color:var(--rojo)\"\/> El Dr. Oscar Perdiz Figueroa, acad\u00e9mico mexicano, encabezar\u00e1 el encuentro orientado a ofrecer un mensaje de esperanza ante la ausencia de proyectos de vida que afecta a nuestra sociedad. (Foto: Organizadores del evento)<\/p>\n<div>\n<div id=\"gemini-summary-wrapper\" class=\"mb-3\">\n                <button id=\"btn-get-summary\" class=\"gemini-btn\" data-post-id=\"3043488\" data-post-title=\"Anuncian conferencia para abordar la crisis de identidad en los j\u00f3venes y las familias\"><br \/>\n                    Leer resumen <b class=\"d-none d-md-inline\">de la noticia<\/b> (IA) <span>CLICK AQU\u00cd<\/span><br \/>\n                <\/button><\/p>\n<div id=\"gemini-loading\" class=\"mb-3\">\n<p>                    <span>Analizando noticia&#8230; por favor espera.<\/span>\n                <\/div>\n<\/p><\/div>\n<p>EL NUEVO DIARIO, SANTO DOMINGO.\u2013 La Comisi\u00f3n Nacional Unidos por la Altagracia (CED), de la Conferencia del Episcopado Dominicano, y la Asociaci\u00f3n de Damas de la Altagracia, celebrar\u00e1n la tercera edici\u00f3n del Aula Altagraciana, una actividad que busca ofrecer un mensaje de esperanza a j\u00f3venes y familias ante la desorientaci\u00f3n y la falta de proyectos de vida.<\/p>\n<p>El acad\u00e9mico mexicano, Dr. Oscar Perdiz Figueroa, del Pontificio Instituto Teol\u00f3gico Juan Pablo II de M\u00e9xico, ser\u00e1 el orador principal.<\/p>\n<p>El encuentro, titulado \u00abMensaje a los j\u00f3venes y las familias en la imagen de Nuestra Se\u00f1ora de la Altagracia y en la Teolog\u00eda del Cuerpo\u00bb, tendr\u00e1 lugar el s\u00e1bado 21 de marzo de 2026, de 8:30 a. m. a 12:30 p. m., en el Auditorio Octavio Antonio Cardenal Beras Rojas de la Universidad Cat\u00f3lica de Santo Domingo (UCSD).<\/p>\n<p>El Aula Altagraciana tiene como objetivo reforzar los valores cristianos y celebrar la identidad humana y religiosa de los dominicanos bajo la advocaci\u00f3n de Nuestra Se\u00f1ora de la Altagracia, protectora del pueblo dominicano. Se busca devolver el sentido de lo sagrado a la vida cotidiana en un contexto de creciente desorientaci\u00f3n.<\/p>\n<p>Adem\u00e1s del Dr. Perdiz Figueroa, el evento contar\u00e1 con la moderaci\u00f3n del P. Vladymir P\u00e9rez Candelario (Pontificio Instituto Juan Pablo II, Santo Domingo). Participar\u00e1n como panelistas el P. Mario Campusano, Ismael De la Rosa y Magdalena Viola (Arquidi\u00f3cesis de Santo Domingo) por la Pastoral Familia y Vida, y el P. Marcelino Mieses Salas, Michael de la Cruz y Mar\u00eda Rivera (Arquidi\u00f3cesis de Santo Domingo) por la Pastoral Juvenil. La participaci\u00f3n art\u00edstica estar\u00e1 a cargo de Alisber Zapata y Jovanny Gonz\u00e1lez.<\/p>\n<p>Seg\u00fan un comunicado de prensa, esta iniciativa busca contrarrestar la inmediatez y el ruido de las redes sociales, invitando a redescubrir la dignidad y el valor de la identidad humana a trav\u00e9s de la Teolog\u00eda del Cuerpo de San Juan Pablo II. Se apuesta a que, al comprender el prop\u00f3sito de su creaci\u00f3n y al encontrar en el hogar un refugio de amor, los j\u00f3venes y las familias podr\u00e1n superar la confusi\u00f3n.<\/p>\n<p>La Comisi\u00f3n Nacional Unidos por la Altagracia es una comisi\u00f3n ejecutiva creada y ratificada por la Conferencia del Episcopado Dominicano con el objetivo de resaltar la importancia hist\u00f3rica y cultural de la Virgen de la Altagracia, motivar la reflexi\u00f3n sobre su devoci\u00f3n y su rol en la identidad dominicana, y organizar la devoci\u00f3n y el culto a la Madre de Dios.<\/p>\n<p>La comisi\u00f3n est\u00e1 presidida por S.E.R. Mons. Jos\u00e9 Dolores Grull\u00f3n Estrella, obispo em\u00e9rito de la Di\u00f3cesis de San Juan de la Maguana, y Monse\u00f1or Santiago Rodr\u00edguez, Obispo de la Di\u00f3cesis de San Pedro de Macor\u00eds, es el vicepresidente. Entre sus miembros se encuentran Julio C\u00e9sar Casta\u00f1os, Sonia Villanueva de Brouwer, Kirsy De Los Santos, Rvdo. Padre Isaac Garc\u00eda De la Cruz, Lidia Acosta de Rodr\u00edguez, Leonor Asilis, Bernarda Checo, Ros\u00e1ngela Torres y Juan Gilberto N\u00fa\u00f1ez.<\/p>\n<p><h3 class=\"jp-relatedposts-headline\"><em>Relacionado<\/em><\/h3>\n<\/p>\n<p>\t\t\t\t\t\t<!-- .entry-footer --><br \/>\n\t\t\t\t\t\t<!-- \n\n<div data-type=\"_mgwidget\" data-widget-id=\"1743501\"><\/div>\n\n  -->\n\t\t\t\t\t<\/div>\n","protected":false},"excerpt":{"rendered":"<p>El Dr. Oscar Perdiz Figueroa, acad\u00e9mico mexicano, encabezar\u00e1 el encuentro orientado a ofrecer un mensaje de esperanza ante la ausencia de proyectos de vida que afecta a nuestra sociedad. (Foto: Organizadores del evento) Leer resumen de la noticia (IA) CLICK AQU\u00cd Analizando noticia&#8230; por favor espera. EL NUEVO DIARIO, SANTO DOMINGO.\u2013 La Comisi\u00f3n Nacional Unidos<\/p>\n","protected":false},"author":1,"featured_media":26689,"comment_status":"open","ping_status":"open","sticky":false,"template":"","format":"standard","meta":{"footnotes":""},"categories":[1],"tags":[],"class_list":["post-26688","post","type-post","status-publish","format-standard","has-post-thumbnail","hentry","category-nacionales"],"_links":{"self":[{"href":"https:\/\/acronoticias.com\/index.php\/wp-json\/wp\/v2\/posts\/26688","targetHints":{"allow":["GET"]}}],"collection":[{"href":"https:\/\/acronoticias.com\/index.php\/wp-json\/wp\/v2\/posts"}],"about":[{"href":"https:\/\/acronoticias.com\/index.php\/wp-json\/wp\/v2\/types\/post"}],"author":[{"embeddable":true,"href":"https:\/\/acronoticias.com\/index.php\/wp-json\/wp\/v2\/users\/1"}],"replies":[{"embeddable":true,"href":"https:\/\/acronoticias.com\/index.php\/wp-json\/wp\/v2\/comments?post=26688"}],"version-history":[{"count":0,"href":"https:\/\/acronoticias.com\/index.php\/wp-json\/wp\/v2\/posts\/26688\/revisions"}],"wp:featuredmedia":[{"embeddable":true,"href":"https:\/\/acronoticias.com\/index.php\/wp-json\/wp\/v2\/media\/26689"}],"wp:attachment":[{"href":"https:\/\/acronoticias.com\/index.php\/wp-json\/wp\/v2\/media?parent=26688"}],"wp:term":[{"taxonomy":"category","embeddable":true,"href":"https:\/\/acronoticias.com\/index.php\/wp-json\/wp\/v2\/categories?post=26688"},{"taxonomy":"post_tag","embeddable":true,"href":"https:\/\/acronoticias.com\/index.php\/wp-json\/wp\/v2\/tags?post=26688"}],"curies":[{"name":"wp","href":"https:\/\/api.w.org\/{rel}","templated":true}]}}