{"id":26674,"date":"2026-03-10T12:12:37","date_gmt":"2026-03-10T12:12:37","guid":{"rendered":"https:\/\/acronoticias.com\/index.php\/2026\/03\/10\/contaminacion-en-la-presa-de-hatillo-causas-y-riesgos-2\/"},"modified":"2026-03-10T12:12:37","modified_gmt":"2026-03-10T12:12:37","slug":"contaminacion-en-la-presa-de-hatillo-causas-y-riesgos-2","status":"publish","type":"post","link":"https:\/\/acronoticias.com\/index.php\/2026\/03\/10\/contaminacion-en-la-presa-de-hatillo-causas-y-riesgos-2\/","title":{"rendered":"Contaminaci\u00f3n en la Presa de Hatillo: causas y riesgos"},"content":{"rendered":"<div id=\"nota-texto\">\n<p>Santo Domingo.- La <strong>Presa de Hatillo<\/strong>, el embalse de <strong>agua dulce m\u00e1s grande del Caribe<\/strong>, enfrenta crecientes amenazas debido a m\u00faltiples focos de <strong>contaminaci\u00f3n en la cuenca hidrogr\u00e1fica que la alimenta<\/strong>, producto de diversas actividades humanas que afectan r\u00edos, monta\u00f1as y comunidades cercanas.<\/p>\n<p>Durante varias semanas, el equipo de <strong>El Informe con Alicia Ortega<\/strong> recorri\u00f3 distintos puntos de la cuenca para documentar qu\u00e9 ocurre antes de que el agua llegue al embalse. La investigaci\u00f3n revela que <strong>agricultura intensiva, uso inadecuado de fertilizantes, vertederos improvisados, aguas residuales y remanentes de actividad minera<\/strong> impactan directamente las fuentes que nutren la presa.<\/p>\n<figure class=\"wp-block-embed is-type-video is-provider-youtube wp-block-embed-youtube wp-embed-aspect-16-9 wp-has-aspect-ratio\">\n<p> <iframe loading=\"lazy\" title=\"Estela de contaminaci\u00f3n 1\/2  | El Informe con Alicia Ortega\" width=\"960\" height=\"540\" src=\"https:\/\/www.youtube.com\/embed\/8bZfXMBTdfA?feature=oembed\" frameborder=\"0\" allow=\"accelerometer; autoplay; clipboard-write; encrypted-media; gyroscope; picture-in-picture; web-share\" referrerpolicy=\"strict-origin-when-cross-origin\" allowfullscreen><\/iframe><\/p>\n<\/figure>\n<h2 class=\"wp-block-heading\">Un sistema h\u00eddrico vital para el pa\u00eds<\/h2>\n<p>La <strong>Presa de Hatillo<\/strong> fue construida entre <strong>1977 y 1984<\/strong> sobre el <strong>r\u00edo Yuna<\/strong>, el m\u00e1s largo de la Rep\u00fablica Dominicana. Su cuenca hidrogr\u00e1fica abarca <strong>m\u00e1s de 5,200 kil\u00f3metros cuadrados<\/strong>.<\/p>\n<p>El principal afluente del embalse es el <strong>r\u00edo Yuna<\/strong>, que a su vez recoge aguas de otros r\u00edos y ca\u00f1adas, como el <strong>r\u00edo Yuboa<\/strong>, el <strong>Ca\u00f1o de los Arroces<\/strong> y <strong>Masipedro<\/strong>. Sin embargo, activistas ambientales advierten que <strong>muchos de estos afluentes presentan distintos niveles de contaminaci\u00f3n<\/strong>.<\/p>\n<p>El abogado y ambientalista <strong>Alfonso Ferm\u00edn<\/strong>, quien trabaja junto a la <strong>Comunidad Ecol\u00f3gica de Monse\u00f1or Nouel<\/strong> y la <strong>Pastoral Ecol\u00f3gica de la Di\u00f3cesis de La Vega<\/strong>, se\u00f1ala que las amenazas comienzan en la parte alta de la cuenca.<\/p>\n<figure class=\"wp-block-image size-full\"><img fetchpriority=\"high\" decoding=\"async\" width=\"1280\" height=\"720\" src=\"https:\/\/multimedia.noticiassin.com\/wp-content\/uploads\/2026\/03\/la-ruta-de-la-contaminacion-hacia-la-presa-de-hatillo-20260310-025101-2FRj.png\" alt=\"\" class=\"wp-image-1962733 lazy\" srcset=\"https:\/\/multimedia.noticiassin.com\/wp-content\/uploads\/2026\/03\/la-ruta-de-la-contaminacion-hacia-la-presa-de-hatillo-20260310-025101-2FRj.png 1280w, https:\/\/multimedia.noticiassin.com\/wp-content\/uploads\/2026\/03\/la-ruta-de-la-contaminacion-hacia-la-presa-de-hatillo-20260310-025101-2FRj-768x432.png 768w, https:\/\/multimedia.noticiassin.com\/wp-content\/uploads\/2026\/03\/la-ruta-de-la-contaminacion-hacia-la-presa-de-hatillo-20260310-025101-2FRj-288x162.png 288w, https:\/\/multimedia.noticiassin.com\/wp-content\/uploads\/2026\/03\/la-ruta-de-la-contaminacion-hacia-la-presa-de-hatillo-20260310-025101-2FRj-588x330.png 588w, https:\/\/multimedia.noticiassin.com\/wp-content\/uploads\/2026\/03\/la-ruta-de-la-contaminacion-hacia-la-presa-de-hatillo-20260310-025101-2FRj-608x342.png 608w, https:\/\/multimedia.noticiassin.com\/wp-content\/uploads\/2026\/03\/la-ruta-de-la-contaminacion-hacia-la-presa-de-hatillo-20260310-025101-2FRj-742x418.png 742w, https:\/\/multimedia.noticiassin.com\/wp-content\/uploads\/2026\/03\/la-ruta-de-la-contaminacion-hacia-la-presa-de-hatillo-20260310-025101-2FRj-150x85.png 150w, https:\/\/multimedia.noticiassin.com\/wp-content\/uploads\/2026\/03\/la-ruta-de-la-contaminacion-hacia-la-presa-de-hatillo-20260310-025101-2FRj-1200x675.png 1200w\" data-sizes=\"(max-width: 1280px) 100vw, 1280px\"\/><\/figure>\n<h2 class=\"wp-block-heading\">Agricultura en zonas monta\u00f1osas<\/h2>\n<p>Uno de los focos identificados se encuentra en la <strong>cuenca alta del r\u00edo Tireo<\/strong>, espec\u00edficamente en las comunidades <strong>Cruz de Coaba<\/strong> y <strong>El Paragua<\/strong>, en <strong>Constanza<\/strong>.<\/p>\n<p>El <strong>Valle de Constanza<\/strong>, reconocido como una zona clave para la producci\u00f3n de vegetales y frutas, ha experimentado una expansi\u00f3n agr\u00edcola que alcanza zonas monta\u00f1osas.<\/p>\n<p>Sin embargo, la <strong>Ley General de Medio Ambiente<\/strong>, en su art\u00edculo 122, <strong>proh\u00edbe el laboreo intensivo en suelos con pendientes iguales o superiores al 60 %<\/strong>, permitiendo \u00fanicamente plantaciones permanentes de arbustos frutales y \u00e1rboles maderables.<\/p>\n<p>A pesar de esta normativa, en <strong>Cruz de Coaba<\/strong> la vegetaci\u00f3n natural ha sido sustituida por <strong>parcelas agr\u00edcolas que se extienden monta\u00f1a arriba<\/strong>.<\/p>\n<p>El ingeniero agr\u00f3nomo y agricultor <strong>Julio C\u00e9sar Quezada<\/strong> explic\u00f3 que hist\u00f3ricamente las autoridades han intentado impulsar planes de reforestaci\u00f3n, pero considera que <strong>las acciones han sido insuficientes<\/strong>.<\/p>\n<p>Tambi\u00e9n admiti\u00f3 que los agricultores no siempre han respetado el e<strong>spacio natural<\/strong> del r\u00edo ni las \u00e1reas m\u00e1s vulnerables a la erosi\u00f3n.<\/p>\n<h2 class=\"wp-block-heading\">Fertilizantes y escorrent\u00eda hacia los r\u00edos<\/h2>\n<p>Otro problema identificado es el uso de <strong>gallinaza<\/strong> como fertilizante. Este abono org\u00e1nico, elaborado a partir de <strong>esti\u00e9rcol de pollo<\/strong>, es m\u00e1s econ\u00f3mico que los fertilizantes tradicionales, pero <strong>su aplicaci\u00f3n sin control puede generar contaminaci\u00f3n<\/strong>.<\/p>\n<p>Seg\u00fan especialistas citados en el reportaje, cuando la gallinaza se aplica fresca o sin criterios adecuados de manejo del suelo, <strong>la lluvia puede arrastrarla hacia los r\u00edos<\/strong>, introduciendo <strong>virus y bacterias<\/strong> que afectan animales y seres humanos, adem\u00e1s de generar malos olores y proliferaci\u00f3n de insectos.<\/p>\n<p>Las corrientes arrastran estos residuos hacia el <strong>r\u00edo Tireo<\/strong>, cuyas aguas desembocan luego en el <strong>r\u00edo Blanco<\/strong> y posteriormente en el <strong>r\u00edo Yuna<\/strong>, creando lo que ambientalistas describen como <strong>un amplio corredor de contaminaci\u00f3n hacia la presa<\/strong>.<\/p>\n<h2 class=\"wp-block-heading\">Vertederos y aguas residuales en comunidades<\/h2>\n<p>A m\u00e1s de <strong>60 kil\u00f3metros<\/strong> de la zona monta\u00f1osa se encuentra <strong>Villa Liberaci\u00f3n<\/strong>, donde residentes denuncian otro problema ambiental: <strong>un vertedero improvisado a orillas del r\u00edo Yuna<\/strong>.<\/p>\n<p>Nayeli Montilla, residente de la comunidad desde hace m\u00e1s de diez a\u00f1os, afirma que los habitantes han realizado operativos de limpieza con apoyo de autoridades locales, pero <strong>la acumulaci\u00f3n de basura contin\u00faa<\/strong>.<\/p>\n<p>Seg\u00fan explic\u00f3, muchas personas provenientes de otros lugares <strong>llegan al \u00e1rea para arrojar desechos<\/strong>, lo que ha generado preocupaci\u00f3n por los posibles efectos en la salud de los residentes, incluidos ni\u00f1os y adultos mayores.<\/p>\n<p>A esto se suma que <strong>las aguas cloacales de la comunidad desembocan directamente en el r\u00edo Yuna sin ning\u00fan tipo de tratamiento<\/strong>, lo que agrava la contaminaci\u00f3n del caudal.<\/p>\n<h2 class=\"wp-block-heading\">Huellas de la miner\u00eda y extracci\u00f3n de materiales<\/h2>\n<p>El reportaje tambi\u00e9n documenta contaminaci\u00f3n procedente del <strong>Ca\u00f1o de los Arroces y otras ca\u00f1adas<\/strong>, que arrastran sedimentos desde antiguos <strong>frentes mineros asociados a Falconbridge<\/strong>, los cuales quedaron <strong>sin cobertura vegetal<\/strong> tras el cese de operaciones.<\/p>\n<p>Ambientalistas sostienen que <strong>no se realizaron las remediaciones ambientales correspondientes<\/strong>, ni se tiene conocimiento de exigencias por parte del Estado para su cumplimiento.<\/p>\n<p>La <strong>Ley de Medio Ambiente<\/strong>, en su art\u00edculo 162, establece que las empresas mineras deben <strong>rehabilitar las \u00e1reas degradadas por sus actividades<\/strong>, as\u00ed como los ecosistemas vinculados que resulten afectados.<\/p>\n<p>A estos problemas se suman <strong>las extracciones masivas de materiales del r\u00edo Yuna<\/strong>, una pr\u00e1ctica que, seg\u00fan ambientalistas, <strong>genera fuertes perturbaciones en el cauce<\/strong>.<\/p>\n<h2 class=\"wp-block-heading\">Un sistema bajo presi\u00f3n<\/h2>\n<p>Las investigaciones del programa concluyen que <strong>la Presa de Hatillo enfrenta presiones ambientales desde m\u00faltiples puntos de su cuenca<\/strong>, desde las monta\u00f1as de Constanza hasta comunidades ubicadas decenas de kil\u00f3metros r\u00edo abajo.<\/p>\n<ul class=\"wp-block-list\">\n<li>Cada uno de estos factores <strong>deforestaci\u00f3n, pr\u00e1cticas agr\u00edcolas inadecuadas, vertederos, aguas residuales y remanentes de miner\u00eda<\/strong> termina convergiendo en los r\u00edos que alimentan el mayor embalse de agua dulce del Caribe.<\/li>\n<\/ul>\n<\/div>\n","protected":false},"excerpt":{"rendered":"<p>Santo Domingo.- La Presa de Hatillo, el embalse de agua dulce m\u00e1s grande del Caribe, enfrenta crecientes amenazas debido a m\u00faltiples focos de contaminaci\u00f3n en la cuenca hidrogr\u00e1fica que la alimenta, producto de diversas actividades humanas que afectan r\u00edos, monta\u00f1as y comunidades cercanas. Durante varias semanas, el equipo de El Informe con Alicia Ortega recorri\u00f3<\/p>\n","protected":false},"author":1,"featured_media":26588,"comment_status":"open","ping_status":"open","sticky":false,"template":"","format":"standard","meta":{"footnotes":""},"categories":[1],"tags":[],"class_list":["post-26674","post","type-post","status-publish","format-standard","has-post-thumbnail","hentry","category-nacionales"],"_links":{"self":[{"href":"https:\/\/acronoticias.com\/index.php\/wp-json\/wp\/v2\/posts\/26674","targetHints":{"allow":["GET"]}}],"collection":[{"href":"https:\/\/acronoticias.com\/index.php\/wp-json\/wp\/v2\/posts"}],"about":[{"href":"https:\/\/acronoticias.com\/index.php\/wp-json\/wp\/v2\/types\/post"}],"author":[{"embeddable":true,"href":"https:\/\/acronoticias.com\/index.php\/wp-json\/wp\/v2\/users\/1"}],"replies":[{"embeddable":true,"href":"https:\/\/acronoticias.com\/index.php\/wp-json\/wp\/v2\/comments?post=26674"}],"version-history":[{"count":0,"href":"https:\/\/acronoticias.com\/index.php\/wp-json\/wp\/v2\/posts\/26674\/revisions"}],"wp:featuredmedia":[{"embeddable":true,"href":"https:\/\/acronoticias.com\/index.php\/wp-json\/wp\/v2\/media\/26588"}],"wp:attachment":[{"href":"https:\/\/acronoticias.com\/index.php\/wp-json\/wp\/v2\/media?parent=26674"}],"wp:term":[{"taxonomy":"category","embeddable":true,"href":"https:\/\/acronoticias.com\/index.php\/wp-json\/wp\/v2\/categories?post=26674"},{"taxonomy":"post_tag","embeddable":true,"href":"https:\/\/acronoticias.com\/index.php\/wp-json\/wp\/v2\/tags?post=26674"}],"curies":[{"name":"wp","href":"https:\/\/api.w.org\/{rel}","templated":true}]}}